{"id":123588,"date":"2025-12-29T09:36:08","date_gmt":"2025-12-29T09:36:08","guid":{"rendered":"https:\/\/www.europesays.com\/no\/123588\/"},"modified":"2025-12-29T09:36:08","modified_gmt":"2025-12-29T09:36:08","slug":"fotballryktene-liverpool-melder-seg-pa","status":"publish","type":"post","link":"https:\/\/www.europesays.com\/no\/123588\/","title":{"rendered":"Fotballryktene: &#8211; Liverpool melder seg p\u00e5"},"content":{"rendered":"<p>Bournemouths stjerneving Antoine Semenyo (25) har den siste tiden v\u00e6rt <a href=\"https:\/\/www.tv2.no\/sport\/the-athletic-har-pekt-seg-ut-ny-klubb\/18410953\/\" rel=\"nofollow noopener\" target=\"_blank\">koblet <\/a>til Manchester City.<\/p>\n<p>If\u00f8lge <a href=\"https:\/\/www.bbc.com\/sport\/football\/articles\/c4gpnnrnkw3o\" rel=\"nofollow noopener\" target=\"_blank\">BBC<\/a> skal ghaneseren v\u00e6re ivrig p\u00e5 \u00e5 f\u00e5 en overgang klar innen \u00e5rsskiftet. Hvilken klubb han signerer for, er ikke klart.\u00a0<\/p>\n<p>Skal en tro britiske <a href=\"https:\/\/www.telegraph.co.uk\/football\/2025\/12\/28\/liverpool-to-rival-manchester-city-for-antoine-semenyo\/\" rel=\"nofollow noopener\" target=\"_blank\">Telegraph<\/a>, forventer Bournemouth at Liverpool ogs\u00e5 melder seg p\u00e5 i kampen om 25-\u00e5ringens tjenester.\u00a0<\/p>\n<p>Semenyo har en utkj\u00f8psklausul p\u00e5 65 millioner pund, tilsvarende omkring 890 millioner kroner, til 10. januar.<\/p>\n<p>Og kantspilleren er langt ifra den eneste som kan skifte beite i januar.\u00a0<a href=\"https:\/\/www.teamtalk.com\/tottenham-hotspur\/insider-confirms-spurs-offered-bayern-munich-ace-thomas-frank-approved-move\" style=\"letter-spacing: 0.01em;\" rel=\"nofollow noopener\" target=\"_blank\">Teamtalk<\/a> hevder at Tottenham skal ha blitt tilbudt \u00e5 hente Bayern M\u00fcnchen-stjerne Leon Goretzka (30).\u00a0<\/p>\n<p>Tyskerens kontrakt utl\u00f8per til sommeren.\u00a0Det samme gjelder en stjernespekket liste, if\u00f8lge <a href=\"https:\/\/www.transfermarkt.com\/statistik\/endendevertraege#google_vignette\" style=\"letter-spacing: 0.01em;\" rel=\"nofollow noopener\" target=\"_blank\">Transfermarkt<\/a>.\u00a0<\/p>\n<p>Dayot Upamecano, Marc Guehi, Ibrahima Konate og Dusan Vlahovic er fire navn som i januar kan skrive under for nye klubber gratis.<\/p>\n<p>Gratis er derimot ikke Real Madrids Eduardo Camavinga. Spanske <a href=\"https:\/\/www.fichajes.net\/noticias\/oferta-70-millones-camavinga-20251227.html\" rel=\"nofollow noopener\" target=\"_blank\">Fichajes<\/a> skriver at Liverpool har lagt inn bud p\u00e5 franskmannen p\u00e5 over 800 millioner kroner.\u00a0<\/p>\n<p>Avisen skriver videre at det trolig skal mer til for \u00e5 hente den franske landslagsspilleren.<\/p>\n<p>        <img class=\"image__img lazyload\" itemprop=\"image\" title=\"Foto: Bradley Collyer \/ Pa Photos \/ NTB\" alt=\"\u00d8NSKET: Eduardo Camavinga er \u00f8nsket p\u00e5 Merseyside. Foto: Bradley Collyer \/ Pa Photos \/ NTB\" width=\"675\" height=\"432\" bad-src=\"https:\/\/www.europesays.com\/no\/wp-content\/uploads\/2025\/12\/18418244.webp.jpeg\" fetchpriority=\"auto\" \/><\/p>\n<p>      \u00d8NSKET: Eduardo Camavinga er \u00f8nsket p\u00e5 Merseyside.<br \/>\n         Foto: Bradley Collyer \/ Pa Photos \/ NTB<\/p>\n<p class=\"bold m-bold\" data-lab-font_weight=\"bold\">Ellers?<\/p>\n<p>Fulham kaster seg inn i kampen om amerikanske Ricardo Pepi (22). PSV verdsetter spissen p\u00e5 rundt 550 millioner kroner, skriver <a href=\"https:\/\/www.dailymail.co.uk\/sport\/football\/article-15417575\/fulham-ricardo-pepi-transfer.html\" rel=\"nofollow noopener\" target=\"_blank\">Daily Mail<\/a>.<\/p>\n<p>City-forsvarer Nathan Ak\u00e8 (30) har slitt med spilletiden denne sesongen.\u00a0<\/p>\n<p>If\u00f8lge spanske <a href=\"https:\/\/www.sport.es\/es\/noticias\/barca\/ake-dificil-barca-city-pone-125193522\" rel=\"nofollow noopener\" target=\"_blank\">Sport <\/a>skal de lysebl\u00e5 fra Manchester v\u00e6re villig til \u00e5 slippe 30-\u00e5ringen i januar for rundt 290 millioner kroner. Avisen kobler nederlenderen til Barcelona.<\/p>\n<p>Den tidligere Wolverhampton-kapteinen Ruben Neves n\u00f8ler med kontraktsforlengelsen han har blitt tilbudt av saudiarabiske Al Hilal.\u00a0<\/p>\n<p><a href=\"https:\/\/x.com\/FabrizioRomano\/status\/2005292276667634166\" rel=\"nofollow\">Fabrizio Romano<\/a> skriver at flere europeiske toppklubber f\u00f8lger n\u00f8ye med p\u00e5 27-\u00e5ringens situasjon, og at de anser ham som en potensiell god mulighet p\u00e5 midtbanen.<\/p>\n","protected":false},"excerpt":{"rendered":"Bournemouths stjerneving Antoine Semenyo (25) har den siste tiden v\u00e6rt koblet til Manchester City. If\u00f8lge BBC skal ghaneseren&hellip;\n","protected":false},"author":2,"featured_media":123589,"comment_status":"","ping_status":"","sticky":false,"template":"","format":"standard","meta":{"footnotes":""},"categories":[59],"tags":[30,28,29,83,82],"class_list":{"0":"post-123588","1":"post","2":"type-post","3":"status-publish","4":"format-standard","5":"has-post-thumbnail","7":"category-sport","8":"tag-no","9":"tag-norge","10":"tag-norway","11":"tag-sport","12":"tag-sports"},"share_on_mastodon":{"url":"https:\/\/pubeurope.com\/@no\/115802182973575886","error":""},"_links":{"self":[{"href":"https:\/\/www.europesays.com\/no\/wp-json\/wp\/v2\/posts\/123588","targetHints":{"allow":["GET"]}}],"collection":[{"href":"https:\/\/www.europesays.com\/no\/wp-json\/wp\/v2\/posts"}],"about":[{"href":"https:\/\/www.europesays.com\/no\/wp-json\/wp\/v2\/types\/post"}],"author":[{"embeddable":true,"href":"https:\/\/www.europesays.com\/no\/wp-json\/wp\/v2\/users\/2"}],"replies":[{"embeddable":true,"href":"https:\/\/www.europesays.com\/no\/wp-json\/wp\/v2\/comments?post=123588"}],"version-history":[{"count":0,"href":"https:\/\/www.europesays.com\/no\/wp-json\/wp\/v2\/posts\/123588\/revisions"}],"wp:featuredmedia":[{"embeddable":true,"href":"https:\/\/www.europesays.com\/no\/wp-json\/wp\/v2\/media\/123589"}],"wp:attachment":[{"href":"https:\/\/www.europesays.com\/no\/wp-json\/wp\/v2\/media?parent=123588"}],"wp:term":[{"taxonomy":"category","embeddable":true,"href":"https:\/\/www.europesays.com\/no\/wp-json\/wp\/v2\/categories?post=123588"},{"taxonomy":"post_tag","embeddable":true,"href":"https:\/\/www.europesays.com\/no\/wp-json\/wp\/v2\/tags?post=123588"}],"curies":[{"name":"wp","href":"https:\/\/api.w.org\/{rel}","templated":true}]}}