{"id":123594,"date":"2025-12-29T09:42:21","date_gmt":"2025-12-29T09:42:21","guid":{"rendered":"https:\/\/www.europesays.com\/no\/123594\/"},"modified":"2025-12-29T09:42:21","modified_gmt":"2025-12-29T09:42:21","slug":"fleire-utforkoyringar-og-glatte-vegar-i-vestland-nrk-vestland","status":"publish","type":"post","link":"https:\/\/www.europesays.com\/no\/123594\/","title":{"rendered":"Fleire utfork\u00f8yringar og glatte vegar i Vestland \u2013 NRK Vestland"},"content":{"rendered":"<p>Regn og l\u00e5ge temperaturar f\u00f8rer til mange glatte vegar i kyst og fjordstr\u00f8k p\u00e5 Vestlandet m\u00e5ndag morgon. Vegtrafikksentralen oppfordrar alle som skal ut p\u00e5 vegane \u00e5 vere merksame og tilpasse k\u00f8yringa etter forholda.<\/p>\n<p>Trafikkoperat\u00f8r Tor Evensen seier utfordringa er nedb\u00f8r kombinert med at temperaturen skiftar over og under null grader.<\/p>\n<p>\u2013 Ja, det kan virke som det er det som er problemet. S\u00e5 frys det p\u00e5, og det er vanskeleg \u00e5 sj\u00e5 at det er glatt. Det er svart is, s\u00e5 det kan kome litt br\u00e5tt p\u00e5.<\/p>\n<p>Han seier det har blitt salta heile natta.<\/p>\n<p>\u2013 Men framleis kjem det inn meldingar om at det er glatt.<\/p>\n<p>Ved Ytre R\u00f8d i Stad i Nordfjord k\u00f8yrde ein personbil av vegen rundt klokka 07. F\u00f8raren var aleine i bilen og vart ikkje skadd. Han har forklart at han fekk sleng p\u00e5 bilen.<\/p>\n<p>Klokka 05.23 kom det melding om ei utfork\u00f8yring i B\u00f8mlo, der det skal vere s\u00e6rs glatt p\u00e5 staden. Ingen personskadar, men materielle skadar p\u00e5 bil og autovern.<\/p>\n<p>Rundt klokka 01.30 natt til m\u00e5ndag sklei ein bil av vegen i Kinsarvik i Ullensvang og trefte ein stein. Airbagar vart utl\u00f8yste, men dei involverte i hendinga skal ikkje ha f\u00e5tt skade.<\/p>\n<p>Rundt klokka 02 var det ogs\u00e5 ei utfork\u00f8yring i J\u00f8lstravegen i Sunnfjord, opplyser Vegtrafikksentralen.<\/p>\n<p>Det var ogs\u00e5 ei utfork\u00f8yring i l\u00e5g fart i Oddland i Samnanger rundt klokka 02.30. Bilen hadde l\u00e5g fart, opplyser politiet.<\/p>\n","protected":false},"excerpt":{"rendered":"Regn og l\u00e5ge temperaturar f\u00f8rer til mange glatte vegar i kyst og fjordstr\u00f8k p\u00e5 Vestlandet m\u00e5ndag morgon. Vegtrafikksentralen&hellip;\n","protected":false},"author":2,"featured_media":123595,"comment_status":"","ping_status":"","sticky":false,"template":"","format":"standard","meta":{"footnotes":""},"categories":[10],"tags":[20,21,24,25,15,22,23,13,30,28,29,14,16,26,27],"class_list":{"0":"post-123594","1":"post","2":"type-post","3":"status-publish","4":"format-standard","5":"has-post-thumbnail","7":"category-norge","8":"tag-breaking-news","9":"tag-breakingnews","10":"tag-featured-news","11":"tag-featurednews","12":"tag-headlines","13":"tag-latest-news","14":"tag-latestnews","15":"tag-news","16":"tag-no","17":"tag-norge","18":"tag-norway","19":"tag-nyheter","20":"tag-overskrifter","21":"tag-top-stories","22":"tag-topstories"},"share_on_mastodon":{"url":"https:\/\/pubeurope.com\/@no\/115802206619171178","error":""},"_links":{"self":[{"href":"https:\/\/www.europesays.com\/no\/wp-json\/wp\/v2\/posts\/123594","targetHints":{"allow":["GET"]}}],"collection":[{"href":"https:\/\/www.europesays.com\/no\/wp-json\/wp\/v2\/posts"}],"about":[{"href":"https:\/\/www.europesays.com\/no\/wp-json\/wp\/v2\/types\/post"}],"author":[{"embeddable":true,"href":"https:\/\/www.europesays.com\/no\/wp-json\/wp\/v2\/users\/2"}],"replies":[{"embeddable":true,"href":"https:\/\/www.europesays.com\/no\/wp-json\/wp\/v2\/comments?post=123594"}],"version-history":[{"count":0,"href":"https:\/\/www.europesays.com\/no\/wp-json\/wp\/v2\/posts\/123594\/revisions"}],"wp:featuredmedia":[{"embeddable":true,"href":"https:\/\/www.europesays.com\/no\/wp-json\/wp\/v2\/media\/123595"}],"wp:attachment":[{"href":"https:\/\/www.europesays.com\/no\/wp-json\/wp\/v2\/media?parent=123594"}],"wp:term":[{"taxonomy":"category","embeddable":true,"href":"https:\/\/www.europesays.com\/no\/wp-json\/wp\/v2\/categories?post=123594"},{"taxonomy":"post_tag","embeddable":true,"href":"https:\/\/www.europesays.com\/no\/wp-json\/wp\/v2\/tags?post=123594"}],"curies":[{"name":"wp","href":"https:\/\/api.w.org\/{rel}","templated":true}]}}