{"id":123596,"date":"2025-12-29T09:43:29","date_gmt":"2025-12-29T09:43:29","guid":{"rendered":"https:\/\/www.europesays.com\/no\/123596\/"},"modified":"2025-12-29T09:43:29","modified_gmt":"2025-12-29T09:43:29","slug":"vaer-linea-linea-er-gatt-tom-for-sprengstoff-fortsetter-i-rod-beredskap","status":"publish","type":"post","link":"https:\/\/www.europesays.com\/no\/123596\/","title":{"rendered":"V\u00e6r, Linea | Linea er g\u00e5tt tom for sprengstoff \u2013 fortsetter i r\u00f8d beredskap"},"content":{"rendered":"\n<p>Linea melder at arbeidet med \u00e5 gjenopprette str\u00f8mforsyningen p\u00e5 Helgeland fortsatt er omfattende, selv om antall str\u00f8ml\u00f8se kunder er kraftig redusert etter uv\u00e6ret.<\/p>\n<p>I ettermiddag var rundt 1.000 kunder uten str\u00f8mforsyning p\u00e5 Helgeland. if\u00f8lge en pressemelding fra Linea. Antallet str\u00f8ml\u00f8se vil fortsette \u00e5 g\u00e5 ned utover kvelden.<\/p>\n<p>Fortsetter med helikopter<\/p>\n<ul>\n<li><b>I Vefsn <\/b>er Svenningdal n\u00e5 kommet inn igjen med str\u00f8mforsyning, mens det p\u00e5 Vestersia og i Bj\u00f8rn\u00e5dalen jobbes for fullt med feil etter linjebrudd og trefall.<\/li>\n<li><b>I Alstahaug<\/b> har Linea f\u00e5tt tilbake str\u00f8mforsyningen til Sandv\u00e6r og Austb\u00f8 etter at en ny h\u00f8yspentmast ble satt opp. Ogs\u00e5 ber\u00f8rte kunder p\u00e5 D\u00f8nna har n\u00e5 f\u00e5tt str\u00f8mmen tilbake.<\/li>\n<li><b>I Rana<\/b> p\u00e5g\u00e5r det fortsatt mange oppdrag knyttet til avslitte linjer og trefall. Ogs\u00e5 i Hemnes og Finneidfjord arbeides det intenst, b\u00e5de p\u00e5 h\u00f8yspent- og lavspentnettet.<\/li>\n<\/ul>\n<p>Helikopterbefaringer som er gjennomf\u00f8rt viser at mye av nettet som er inspisert ser bra ut. Linea vil fortsette med helikopterbefaring ogs\u00e5 de kommende dagene, med s\u00e6rlig fokus p\u00e5 Hemnes og Rana. 4<\/p>\n<p>Mangler sprengstoff<\/p>\n<p>En utfordring i det videre arbeidet er at tilgjengelig sprengstoff, s\u00e5kalt SafetyCut, i stor grad er brukt opp. Dette sprengstoffet benyttes blant annet til \u00e5 fjerne tr\u00e6r i linjetraseene.<\/p>\n<p>   <img decoding=\"async\" width=\"2268\" height=\"4032\" fetchpriority=\"low\"  loading=\"lazy\"  src=\"https:\/\/www.europesays.com\/no\/wp-content\/uploads\/2025\/12\/1000006882.jpg\" alt=\"\" class=\"brick-c-cFOWSL\" style=\"--brick-image-ratio: 2268 \/ 4032;\"\/><\/p>\n<p>      TREFALL I LINJETRAS\u00c9: Store mengder tr\u00e6r har falt over str\u00f8mf\u00f8rende linjer etter ekstremv\u00e6ret p\u00e5 Helgeland. Slike trefall er blant \u00e5rsakene til at feilrettingen tar tid flere steder.<br \/>\n      Foto: Pressebilde\/Linea\n    <\/p>\n<p>\u2013 Linea er n\u00e5 i ferd med \u00e5 hente mer sprengstoff, blant annet fra Tr\u00f8ndelag og fra nettselskapet Tensio, heter det i pressemeldingen.<\/p>\n<p>Samtidig p\u00e5g\u00e5r det omfattende utkj\u00f8ring av lavspentstolper rundt om p\u00e5 Helgeland etter mange tilfeller av knekte stolper.<\/p>\n<p>Mer vind i vente<\/p>\n<p>I flere tilfeller tas det i bruk provisoriske l\u00f8sninger for \u00e5 f\u00e5 str\u00f8mmen raskt tilbake. Disse vil senere bli erstattet med permanente l\u00f8sninger n\u00e5r forholdene tillater det.<\/p>\n<p>Linea understreker samtidig at enkelte kunder fortsatt kan bli uten str\u00f8m i natt og at det er n\u00f8dvendig at mannskapene f\u00e5r hvileperioder. Kunder som har mulighet oppfordres til \u00e5 vurdere midlertidig opphold hos venner eller familie der str\u00f8mforsyningen er tilbake.<\/p>\n<p>\u2013 Som det framg\u00e5r av bilder og video fra feltet, st\u00e5r v\u00e5re mont\u00f8rer midt i et enormt oppryddingsarbeid etter uv\u00e6ret som har herjet gjennom helgen. Samtidig meldes det om til dels kraftig vind ogs\u00e5 gjennom kvelden og morgendagen.<\/p>\n<p><b>\u2013 Derfor fortsetter Linea i r\u00f8d beredskap, med full styrke p\u00e5 arbeidet som gjenst\u00e5r, opplyser selskapet.<\/b><\/p>\n<p>Linea retter samtidig en takk til kundene for st\u00f8tte, forst\u00e5else og t\u00e5lmodighet i en krevende situasjon.<\/p>\n","protected":false},"excerpt":{"rendered":"Linea melder at arbeidet med \u00e5 gjenopprette str\u00f8mforsyningen p\u00e5 Helgeland fortsatt er omfattende, selv om antall str\u00f8ml\u00f8se kunder&hellip;\n","protected":false},"author":2,"featured_media":123597,"comment_status":"","ping_status":"","sticky":false,"template":"","format":"standard","meta":{"footnotes":""},"categories":[5],"tags":[2486,36,20,21,24,25,15,19,22,23,8188,17,18,13,30,28,29,14,16,1510,26,27,553,1203],"class_list":{"0":"post-123596","1":"post","2":"type-post","3":"status-publish","4":"format-standard","5":"has-post-thumbnail","7":"category-overskrifter","8":"tag-alstahaug","9":"tag-art","10":"tag-breaking-news","11":"tag-breakingnews","12":"tag-featured-news","13":"tag-featurednews","14":"tag-headlines","15":"tag-hovedoppslag","16":"tag-latest-news","17":"tag-latestnews","18":"tag-linea","19":"tag-main-news","20":"tag-mainnews","21":"tag-news","22":"tag-no","23":"tag-norge","24":"tag-norway","25":"tag-nyheter","26":"tag-overskrifter","27":"tag-story","28":"tag-top-stories","29":"tag-topstories","30":"tag-vaer","31":"tag-vefsn"},"share_on_mastodon":{"url":"https:\/\/pubeurope.com\/@no\/115802210649724506","error":""},"_links":{"self":[{"href":"https:\/\/www.europesays.com\/no\/wp-json\/wp\/v2\/posts\/123596","targetHints":{"allow":["GET"]}}],"collection":[{"href":"https:\/\/www.europesays.com\/no\/wp-json\/wp\/v2\/posts"}],"about":[{"href":"https:\/\/www.europesays.com\/no\/wp-json\/wp\/v2\/types\/post"}],"author":[{"embeddable":true,"href":"https:\/\/www.europesays.com\/no\/wp-json\/wp\/v2\/users\/2"}],"replies":[{"embeddable":true,"href":"https:\/\/www.europesays.com\/no\/wp-json\/wp\/v2\/comments?post=123596"}],"version-history":[{"count":0,"href":"https:\/\/www.europesays.com\/no\/wp-json\/wp\/v2\/posts\/123596\/revisions"}],"wp:featuredmedia":[{"embeddable":true,"href":"https:\/\/www.europesays.com\/no\/wp-json\/wp\/v2\/media\/123597"}],"wp:attachment":[{"href":"https:\/\/www.europesays.com\/no\/wp-json\/wp\/v2\/media?parent=123596"}],"wp:term":[{"taxonomy":"category","embeddable":true,"href":"https:\/\/www.europesays.com\/no\/wp-json\/wp\/v2\/categories?post=123596"},{"taxonomy":"post_tag","embeddable":true,"href":"https:\/\/www.europesays.com\/no\/wp-json\/wp\/v2\/tags?post=123596"}],"curies":[{"name":"wp","href":"https:\/\/api.w.org\/{rel}","templated":true}]}}