{"id":123598,"date":"2025-12-29T09:44:24","date_gmt":"2025-12-29T09:44:24","guid":{"rendered":"https:\/\/www.europesays.com\/no\/123598\/"},"modified":"2025-12-29T09:44:24","modified_gmt":"2025-12-29T09:44:24","slug":"skal-vi-sta-her-hvert-ar-klage-pa-noe","status":"publish","type":"post","link":"https:\/\/www.europesays.com\/no\/123598\/","title":{"rendered":"\u2013 Skal vi st\u00e5 her hvert \u00e5r klage p\u00e5 noe?"},"content":{"rendered":"\n<p class=\"_lead_o9xde_2 _lead_xtcu6_50 layout-component text-serif-m layout-normal text-serif-l layout-component layout-wide layout-padded _wide_17hqh_1 layout-padded\">Norske profiler klager over Tour de Ski-programmet \u2013 igjen. Andrew Musgrave kaller langrennsl\u00f8perne for pingler. Mens William Poromaa har f\u00e5tt nok av debatten. <\/p>\n<p><img alt=\"William Poromaa og Johannes H\u00f8sflot Kl\u00e6bo under VM i Trondheim, der sistnevnte vant alle seks gullene.  Foto: Bj\u00f8rn S. Delebekk \/ VG\" class=\"_image_qp4xg_65 layout-component layout-wide\" data-fullscreen- data-track-element-type=\"Article image fullscreen\" data-track-name=\"ImageFullscreen\" fetchpriority=\"high\" decoding=\"sync\" loading=\"eager\" height=\"1712\" itemprop=\"image\"  src=\"https:\/\/www.europesays.com\/no\/wp-content\/uploads\/2025\/12\/0a3da325-b24d-4a74-8d1f-1ae2f9f03c69.png\"  style=\"object-position:0% 0%\" width=\"2560\"\/>William Poromaa og Johannes H\u00f8sflot Kl\u00e6bo under VM i Trondheim, der sistnevnte vant alle seks gullene.  Foto: Bj\u00f8rn S. Delebekk \/ VG<\/p>\n<ul aria-hidden=\"true\" class=\"_images_ntbth_112\">\n<li><a class=\"_link_ntbth_117\" href=\"https:\/\/www.vg.no\/forfatter\/herman-folvik\" style=\"z-index:2\" title=\"Herman Folvik\" rel=\"nofollow noopener\" target=\"_blank\"><img alt=\"Bilde av Herman Folvik\" class=\"_image_ntbth_93\" fetchpriority=\"low\" loading=\"lazy\" decoding=\"async\" itemprop=\"image\"  src=\"https:\/\/www.europesays.com\/no\/wp-content\/uploads\/2025\/12\/1767001463_78_b8d5eb91-9fa9-460c-b9f0-da310ffe35dd.png\"  width=\"480\"\/><\/a><\/li>\n<li><a class=\"_link_ntbth_117\" href=\"https:\/\/www.vg.no\/forfatter\/mikal-aaserud\" style=\"z-index:1\" title=\"Mikal Emil Aaserud\" rel=\"nofollow noopener\" target=\"_blank\"><img alt=\"Bilde av Mikal Emil Aaserud\" class=\"_image_ntbth_93\" fetchpriority=\"low\" loading=\"lazy\" decoding=\"async\" itemprop=\"image\"  src=\"https:\/\/www.europesays.com\/no\/wp-content\/uploads\/2025\/12\/1767001463_825_1f4bb18c-b7b1-46ba-9b49-79ae6afd7bbd.jpeg\"  width=\"480\"\/><\/a><\/li>\n<\/ul>\n<p>Toblach Oppdatert s\u00f8ndag 28. desember kl. 22:02    <\/p>\n<ul class=\"_list_o9xde_3 _list_64s2r_85 _unordered_o9xde_106 text-sans-m\">\n<li class=\"_item_o9xde_30\">Norske skistjerner som Kl\u00e6bo og Kr\u00fcger kritiserer igjen Tour de Ski-programmet for \u00e5 v\u00e6re for lett og kort.<\/li>\n<li class=\"_item_o9xde_30\">Kl\u00e6bo kaller denne sesongen \u00abpuslete\u00bb, mens William Poromaa mener det er un\u00f8dvendig \u00e5 stadig klage.<\/li>\n<li class=\"_item_o9xde_30\">Musgrave hevder skiidretten er preget av \u00abpingler\u00bb. <\/li>\n<\/ul>\n<p>Vis mer <\/p>\n<p class=\"_paragraph_o9xde_4 _paragraph_xtcu6_10 layout-component text-serif-m layout-normal text-serif-m layout-padded\">Tour de Ski hadde ikke engang startet f\u00f8r <a href=\"https:\/\/www.vg.no\/tag\/johannes-hoesflot-klaebo?utm_source=vg-article&amp;utm_medium=auto-tagger&amp;utm_campaign=n1aB9d\" class=\"_link_o9xde_39\" rel=\"nofollow noopener\" target=\"_blank\">Johannes H\u00f8sflot Kl\u00e6bo<\/a> kalte denne sesongens utgave for \u00abpuslete\u00bb i podkasten <a href=\"https:\/\/www.youtube.com\/@SkiriousProblems\" class=\"_link_o9xde_39\" rel=\"nofollow noopener\" target=\"_blank\">Skirious Problems.<\/a><\/p>\n<p class=\"_paragraph_o9xde_4 _paragraph_xtcu6_10 layout-component text-serif-m layout-normal text-serif-m layout-padded\">\u2013 Skal vi st\u00e5 her hvert \u00e5r og klage p\u00e5 noe? Jeg er enig, jeg kan ikke si noe annet. Men det blir for dumt \u00e5 st\u00e5 og klage hele tiden. Man m\u00e5 sette seg ned med FISFISDet internasjonale ski- og sn\u00f8brettforbundet og se hva man gj\u00f8r fremover. Det blir for dumt at alle st\u00e5r og finner p\u00e5 egne rennprogram, sier svenske William Poromaa tydelig oppgitt etter Tour de Ski-\u00e5pningen s\u00f8ndag.<\/p>\n<p><img decoding=\"async\" alt=\"Bilde av William Poromaa \" class=\"_image_ygndg_42\" height=\"27\" itemprop=\"image\" loading=\"lazy\"  src=\"https:\/\/www.europesays.com\/no\/wp-content\/uploads\/2025\/12\/c2763f8d-a37c-4b46-a788-25bb3c7bc3c9.png\"  width=\"40\"\/><strong class=\"_name_ygndg_51 title-serif-xs\">William Poromaa <\/strong><\/p>\n<p class=\"_paragraph_o9xde_4 text-sans-m _description_ygndg_56\">Svensk langrennsl\u00f8per<\/p>\n<p class=\"_paragraph_o9xde_4 _paragraph_xtcu6_10 layout-component text-serif-m layout-normal text-serif-m layout-padded\">Kl\u00e6bo \u2013 som vant \u00e5pningsetappen i sprint \u2013 oppfordrer ut\u00f8verne til \u00e5 dele sin mening.<\/p>\n<p class=\"_paragraph_o9xde_4 _paragraph_xtcu6_10 layout-component text-serif-m layout-normal text-serif-m layout-padded\">\u2013 Det er viktig at man t\u00f8r \u00e5 si fra. Tour de Ski er et kjempekonsept, men det er utfordrende i \u00e5r med kort tid til OL. Det er begrenset hva arrang\u00f8rene kan gj\u00f8re, sier Kl\u00e6bo og fortsetter:<\/p>\n<p class=\"_paragraph_o9xde_4 _paragraph_xtcu6_10 layout-component text-serif-m layout-normal text-serif-m layout-padded\">\u2013 I \u00e5r er det seks etapper, og enda st\u00e5r noen over. Hadde det v\u00e6rt ni etapper, hadde kanskje enda flere droppet. Det er ikke lett \u00e5 v\u00e6re FIS heller. Men p\u00e5 sikt m\u00e5 m\u00e5let v\u00e6re \u00e5 f\u00e5 det litt mer som det var da jeg vokste opp for 20 \u00e5r siden, svarer Kl\u00e6bo.<\/p>\n<p class=\"_paragraph_o9xde_4 _paragraph_xtcu6_10 layout-component text-serif-m layout-normal text-serif-m layout-padded\">I \u00e5revis har programmet i Tour de Ski blitt diskutert \u2013 og ofte blitt kritisert for \u00e5 v\u00e6re for lett.<\/p>\n<p class=\"_paragraph_o9xde_4 _paragraph_xtcu6_10 layout-component text-serif-m layout-normal text-serif-m layout-padded\">Denne sesongen best\u00e5r touren av seks etapper og 47,6 km totalt47,6 km totaltTo sprinter, en 20 km, en 10 km, en 5 km og \u00abMonsterbakken Opp\u00bb. Imellom der er det to hviledager.  i italienske Toblach og Val di Fiemme.<\/p>\n<p class=\"_paragraph_o9xde_4 _paragraph_xtcu6_10 layout-component text-serif-m layout-normal text-serif-m layout-padded\">For gutta er det for eksempel en halvering siden de gikk 91,7 kilometer og syv etapper i 2015\/16. Kvinnene gikk da 56,7 kilometer.<\/p>\n<p class=\"_paragraph_o9xde_4 _paragraph_xtcu6_10 layout-component text-serif-m layout-normal text-serif-m layout-padded\">De f\u00f8rste \u00e5rene av Tour de Ski for dr\u00f8yt 20 \u00e5r siden var det flere etapper, som regel i flere land, og totalt gikk herrene over 100 km.<\/p>\n<p>Tour de Ski-oppsettet de siste ti \u00e5rene<\/p>\n<p class=\"_paragraph_o9xde_4 _paragraph_xtcu6_10 _paragraph_16v91_10 layout-component text-serif-m layout-normal text-sans-m layout-padded\"><strong class=\"_strong_o9xde_25\">2015\/16:<\/strong> 7 etapper \u2013 Kvinner <strong class=\"_strong_o9xde_25\">56,7 km<\/strong> \/ Menn<strong class=\"_strong_o9xde_25\"> 91,7 km<\/strong><\/p>\n<p class=\"_paragraph_o9xde_4 _paragraph_xtcu6_10 _paragraph_16v91_10 layout-component text-serif-m layout-normal text-sans-m layout-padded\"><strong class=\"_strong_o9xde_25\">2016\/17:<\/strong> 7 etapper \u2013 Kvinner <strong class=\"_strong_o9xde_25\">50,4 km<\/strong> \/ Menn <strong class=\"_strong_o9xde_25\">80,4 km<\/strong><\/p>\n<p class=\"_paragraph_o9xde_4 _paragraph_xtcu6_10 _paragraph_16v91_10 layout-component text-serif-m layout-normal text-sans-m layout-padded\"><strong class=\"_strong_o9xde_25\">2017\/18:<\/strong> 7 etapper \u2013 <strong class=\"_strong_o9xde_25\">Kvinner 51,7 km \/ Menn 72,0 km<\/strong><\/p>\n<p class=\"_paragraph_o9xde_4 _paragraph_xtcu6_10 _paragraph_16v91_10 layout-component text-serif-m layout-normal text-sans-m layout-padded\"><strong class=\"_strong_o9xde_25\">2018\/19:<\/strong> 7 etapper \u2013 Kvinner <strong class=\"_strong_o9xde_25\">51,7 km<\/strong> \/ <strong class=\"_strong_o9xde_25\">Menn 66,7 km<\/strong><\/p>\n<p class=\"_paragraph_o9xde_4 _paragraph_xtcu6_10 _paragraph_16v91_10 layout-component text-serif-m layout-normal text-sans-m layout-padded\"><strong class=\"_strong_o9xde_25\">2019\/20:<\/strong> 7 etapper \u2013 Kvinner <strong class=\"_strong_o9xde_25\">52,8 km<\/strong> \/ Menn <strong class=\"_strong_o9xde_25\">73,0 km<\/strong><\/p>\n<p class=\"_paragraph_o9xde_4 _paragraph_xtcu6_10 _paragraph_16v91_10 layout-component text-serif-m layout-normal text-sans-m layout-padded\"><strong class=\"_strong_o9xde_25\">2020\/21:<\/strong> 8 etapper \u2013 Kvinner <strong class=\"_strong_o9xde_25\">62,7 km<\/strong> \/ Menn <strong class=\"_strong_o9xde_25\">87,9 km<\/strong><\/p>\n<p class=\"_paragraph_o9xde_4 _paragraph_xtcu6_10 _paragraph_16v91_10 layout-component text-serif-m layout-normal text-sans-m layout-padded\"><strong class=\"_strong_o9xde_25\">2021\/22:<\/strong> 6 etapper \u2013 Kvinner <strong class=\"_strong_o9xde_25\">42,7 km<\/strong> \/ Menn <strong class=\"_strong_o9xde_25\">58,0 km<\/strong><\/p>\n<p class=\"_paragraph_o9xde_4 _paragraph_xtcu6_10 _paragraph_16v91_10 layout-component text-serif-m layout-normal text-sans-m layout-padded\"><strong class=\"_strong_o9xde_25\">2022\/23:<\/strong> 8 etapper \u2013 Kvinner\/Menn <strong class=\"_strong_o9xde_25\">67,8 km<\/strong><\/p>\n<p class=\"_paragraph_o9xde_4 _paragraph_xtcu6_10 _paragraph_16v91_10 layout-component text-serif-m layout-normal text-sans-m layout-padded\"><strong class=\"_strong_o9xde_25\">2023\/24:<\/strong> 8 etapper \u2013 Kvinner\/Menn <strong class=\"_strong_o9xde_25\">77,6 km<\/strong><\/p>\n<p class=\"_paragraph_o9xde_4 _paragraph_xtcu6_10 _paragraph_16v91_10 layout-component text-serif-m layout-normal text-sans-m layout-padded\"><strong class=\"_strong_o9xde_25\">2024\/25:<\/strong> 8 etapper \u2013 Kvinner\/Menn <strong class=\"_strong_o9xde_25\">82,6 km<\/strong><\/p>\n<p class=\"_paragraph_o9xde_4 _paragraph_xtcu6_10 _paragraph_16v91_10 layout-component text-serif-m layout-normal text-sans-m layout-padded\"><strong class=\"_strong_o9xde_25\">2025\/26:<\/strong> 6 etapper \u2013 Kvinner\/Menn <strong class=\"_strong_o9xde_25\">47,6 km<\/strong><\/p>\n<p class=\"_paragraph_o9xde_4 _paragraph_xtcu6_10 _paragraph_16v91_10 layout-component text-serif-m layout-normal text-sans-m layout-padded\">Fra sesongen 2022\/23 har kvinner og menn g\u00e5tt like lange distanser. <\/p>\n<p>Vis mer   <\/p>\n<p class=\"_paragraph_o9xde_4 _paragraph_xtcu6_10 layout-component text-serif-m layout-normal text-serif-m layout-padded\">Simen Hegstad Kr\u00fcger ga sin fulle st\u00f8tte til Kl\u00e6bo etter \u00e5pningsetappen i sprint s\u00f8ndag, som ble vunnet av <a href=\"https:\/\/www.vg.no\/sport\/i\/oEpevm\/klaebo-herjet-i-sprintfinalen\" data-track-element-type=\"Link\" data-track-id=\"link:oEpevm\" class=\"_link_o9xde_39\" rel=\"nofollow noopener\" target=\"_blank\">Johannes H\u00f8sflot Kl\u00e6bo<\/a> og <a href=\"https:\/\/www.vg.no\/sport\/i\/wrP4vM\/stavaas-skistad-seiret-paa-sprinten-maktdemonstrasjon\" data-track-element-type=\"Link\" data-track-id=\"link:wrP4vM\" class=\"_link_o9xde_39\" rel=\"nofollow noopener\" target=\"_blank\">Kristine Stav\u00e5s Skistad<\/a>. <\/p>\n<p class=\"_paragraph_o9xde_4 _paragraph_xtcu6_10 layout-component text-serif-m layout-normal text-serif-m layout-padded\">\u2013 Det er ikke helt som det b\u00f8r v\u00e6re. Det ebber ut til \u00e5 ikke bli noe spesielt. Jeg skulle gjerne hatt mer variasjon og lengre \u00f8velser, sier distansespesialisten Kr\u00fcger.<\/p>\n<p class=\"_paragraph_o9xde_4 _paragraph_xtcu6_10 layout-component text-serif-m layout-normal text-serif-m layout-padded\">Vinneren av sprintene f\u00e5r 60 bonussekunder til de som ryker ut i prologen. Kr\u00fcger mener det b\u00f8r vurderes \u00e5 korte ned denne sprintbonusen.<\/p>\n<p class=\"_paragraph_o9xde_4 _paragraph_xtcu6_10 layout-component text-serif-m layout-normal text-serif-m layout-padded\">\u2013 Jeg synes det er mye med ett minutt p\u00e5 disse etappene n\u00e5r de andre distanse\u00f8pene skiller s\u00e5pass lite. F\u00f8r var det flere distanserenn som skilte mer, vurderer Kr\u00fcger.<\/p>\n<p class=\"_paragraph_o9xde_4 _paragraph_xtcu6_10 layout-component text-serif-m layout-normal text-serif-m layout-padded\">Han fortsetter:<\/p>\n<p class=\"_paragraph_o9xde_4 _paragraph_xtcu6_10 layout-component text-serif-m layout-normal text-serif-m layout-padded\">\u2013 N\u00e5 er det en Tour med to sprinter og den siste bakken som gjelder. Jeg er god i bakken og redder ofte en grei plassering p\u00e5 det, men det burde v\u00e6rt flere utslagsgivende renn, sier Kr\u00fcger.<\/p>\n<p class=\"_paragraph_o9xde_4 _paragraph_xtcu6_10 layout-component text-serif-m layout-normal text-serif-m layout-padded\">\u2013 Sprintene betyr veldig mye. Det burde v\u00e6rt noen bonussekunder p\u00e5 distanserennene ogs\u00e5, sier Harald \u00d8stberg Amundsen. <\/p>\n<p>Tour de Ski-starten<\/p>\n<p class=\"_paragraph_o9xde_4 _paragraph_xtcu6_10 _paragraph_16v91_10 layout-component text-serif-m layout-normal text-sans-m layout-padded\"><strong class=\"_strong_o9xde_25\">Kvinner, sprint fri teknikk:<\/strong><\/p>\n<p class=\"_paragraph_o9xde_4 _paragraph_xtcu6_10 _paragraph_16v91_10 layout-component text-serif-m layout-normal text-sans-m layout-padded\">1) Kristine Stav\u00e5s Skistad, Norge, 2) Coletta Rydzek, Tyskland, 3) Maja Dahlqvist, Sverige, 4) Jessie Diggins, USA, 5) Johanna Hagstr\u00f6m, Sverige, 6) Mathilde Myhrvold, Norge, 7) Nadine F\u00e4hndrich, Sveits, 8) Moa Ilar, Sverige, 9) Moa Lundgren, Sverige, 10) Federica Cassol, Italia.<\/p>\n<p class=\"_paragraph_o9xde_4 _paragraph_xtcu6_10 _paragraph_16v91_10 layout-component text-serif-m layout-normal text-sans-m layout-padded\">\u00d8vrige norske: 13) Ingrid Bergene Aabrekk, 21) Julie Bjervig Drivenes, 25) Kristin Austgulen Fosn\u00e6s, 29) Astrid \u00d8yre Slind, 52) Heidi Weng, 54) Eva Ingebrigtsen, 83) Karoline Simpson-Larsen, 86) Nora Sanness.<\/p>\n<p class=\"_paragraph_o9xde_4 _paragraph_xtcu6_10 _paragraph_16v91_10 layout-component text-serif-m layout-normal text-sans-m layout-padded\"><strong class=\"_strong_o9xde_25\">Menn, sprint fri teknikk:<\/strong><\/p>\n<p class=\"_paragraph_o9xde_4 _paragraph_xtcu6_10 _paragraph_16v91_10 layout-component text-serif-m layout-normal text-sans-m layout-padded\">1) Johannes H\u00f8sflot Kl\u00e6bo, Norge, 2) Lars Heggen, Norge, 3) Oskar Opstad Vike, Norge, 4) Valerio Grond, Sveits, 5) Lucas Chanavat, Frankrike, 6) Janik Riebli, Sveits, 7) Harald \u00d8stberg Amundsen, Norge, 8) Benjamin Moser, \u00d8sterrike, 9) Ansgar Evensen, Norge, 10) Edvin Anger, Sverige.<\/p>\n<p class=\"_paragraph_o9xde_4 _paragraph_xtcu6_10 _paragraph_16v91_10 layout-component text-serif-m layout-normal text-sans-m layout-padded\">\u00d8vrige norske: 14) Erik Valnes, 56) Mattis Stenshagen, 65) Emil Iversen, 80) Andreas Fjorden Ree, 94) Simen Hegstad Kr\u00fcger.<\/p>\n<p>Vis mer<\/p>\n<p class=\"_paragraph_o9xde_4 _paragraph_xtcu6_10 layout-component text-serif-m layout-normal text-serif-m layout-padded\">Britiske Andrew Musgrave er helt enig i at det burde v\u00e6rt flere etapper \u2013 helst noen lengre.<\/p>\n<p class=\"_paragraph_o9xde_4 _paragraph_xtcu6_10 layout-component text-serif-m layout-normal text-serif-m layout-padded\">\u2013 N\u00e5 er det som \u00e5 g\u00e5 to vanlige rennhelger p\u00e5 rad bare. Det er trist. Men vi f\u00e5r pr\u00f8ve \u00e5 gj\u00f8re det beste ut av det og lage litt show, sier Musgrave.<\/p>\n<p class=\"_paragraph_o9xde_4 _paragraph_xtcu6_10 layout-component text-serif-m layout-normal text-serif-m layout-padded\"><strong class=\"_strong_o9xde_25\">\u2013 Hvorfor er det blitt s\u00e5nn?<\/strong><\/p>\n<p class=\"_paragraph_o9xde_4 _paragraph_xtcu6_10 layout-component text-serif-m layout-normal text-serif-m layout-padded\">\u2013 Fordi skil\u00f8pere er en gjeng med pingler som ikke gidder \u00e5 g\u00e5 skirenn iblant. Sier jeg som kanskje ikke kommer til \u00e5 g\u00e5 renn mellom Touren og OL &#8230;<\/p>\n<p><img alt=\"Andrew Musgrave og Johannes H\u00f8sflot Kl\u00e6bo i 2023.   Foto: Terje Pedersen \/ NTB\" class=\"_image_qp4xg_65 layout-component layout-normal\" data-fullscreen- data-track-element-type=\"Article image fullscreen\" data-track-name=\"ImageFullscreen\" decoding=\"async\" loading=\"lazy\" height=\"3451\" itemprop=\"image\"  src=\"https:\/\/www.europesays.com\/no\/wp-content\/uploads\/2025\/12\/392271bc-3f37-42f4-b39c-b7dac59dcbd3.jpeg\"  style=\"object-position:0% 0%\" width=\"5177\"\/>Andrew Musgrave og Johannes H\u00f8sflot Kl\u00e6bo i 2023.   Foto: Terje Pedersen \/ NTB<\/p>\n<p class=\"_paragraph_o9xde_4 _paragraph_xtcu6_10 layout-component text-serif-m layout-normal text-serif-m layout-padded\">OL i Milano\/Cortina starter 40 dager etter Tour de Ski-\u00e5pningen. <\/p>\n<p class=\"_paragraph_o9xde_4 _paragraph_xtcu6_10 layout-component text-serif-m layout-normal text-serif-m layout-padded\">\u2013 Akkurat i \u00e5r tenker jeg programmet er greit fordi OL kommer tidlig. Men vi har snakket om det, neste \u00e5r \u00f8nsker vi en Tour med \u00e5tte-ni, kanskje tre ulike steder og kanskje noen lange renn med individuell start, sier Amundsen.<\/p>\n<p class=\"_paragraph_o9xde_4 _paragraph_xtcu6_10 layout-component text-serif-m layout-normal text-serif-m layout-padded\"><strong class=\"_strong_o9xde_25\">\u2013 Musgrave sier det er blitt s\u00e5nn p\u00e5 grunn av at langrennsl\u00f8pere er pinglete?<\/strong><\/p>\n<p class=\"_paragraph_o9xde_4 _paragraph_xtcu6_10 layout-component text-serif-m layout-normal text-serif-m layout-padded\">\u2013 Det er ikke det som er grunnen, men det skal passe inn i programmet mot OL. S\u00e5 vidt jeg vet, s\u00e5 er det utlendingene som stemmer for kortere distanser, svarer Amundsen. <\/p>\n<p class=\"_paragraph_o9xde_4 _paragraph_xtcu6_10 layout-component text-serif-m layout-normal text-serif-m layout-padded\"><a href=\"https:\/\/www.vg.no\/sport\/i\/GyoXol\/program-og-sendeskjema-for-vintersport-2025-26-her-ser-du-langrenn-skiskyting-alpint-kombinert-skoeyter-og-hopp-paa-tv\" data-track-element-type=\"Link\" data-track-id=\"link:GyoXol\" class=\"_link_o9xde_39\" rel=\"nofollow noopener\" target=\"_blank\">Se hele sendeskjema fra touren her.<\/a><\/p>\n","protected":false},"excerpt":{"rendered":"Norske profiler klager over Tour de Ski-programmet \u2013 igjen. Andrew Musgrave kaller langrennsl\u00f8perne for pingler. Mens William Poromaa&hellip;\n","protected":false},"author":2,"featured_media":123599,"comment_status":"","ping_status":"","sticky":false,"template":"","format":"standard","meta":{"footnotes":""},"categories":[59],"tags":[14593,711,398,30,28,29,11960,83,82,12662,399,13425],"class_list":{"0":"post-123598","1":"post","2":"type-post","3":"status-publish","4":"format-standard","5":"has-post-thumbnail","7":"category-sport","8":"tag-andrew-musgrave","9":"tag-johannes-hosflot-klaebo","10":"tag-langrenn","11":"tag-no","12":"tag-norge","13":"tag-norway","14":"tag-simen-hegstad-kruger","15":"tag-sport","16":"tag-sports","17":"tag-tour-de-ski","18":"tag-vintersport","19":"tag-william-poromaa"},"share_on_mastodon":{"url":"https:\/\/pubeurope.com\/@no\/115802214450577129","error":""},"_links":{"self":[{"href":"https:\/\/www.europesays.com\/no\/wp-json\/wp\/v2\/posts\/123598","targetHints":{"allow":["GET"]}}],"collection":[{"href":"https:\/\/www.europesays.com\/no\/wp-json\/wp\/v2\/posts"}],"about":[{"href":"https:\/\/www.europesays.com\/no\/wp-json\/wp\/v2\/types\/post"}],"author":[{"embeddable":true,"href":"https:\/\/www.europesays.com\/no\/wp-json\/wp\/v2\/users\/2"}],"replies":[{"embeddable":true,"href":"https:\/\/www.europesays.com\/no\/wp-json\/wp\/v2\/comments?post=123598"}],"version-history":[{"count":0,"href":"https:\/\/www.europesays.com\/no\/wp-json\/wp\/v2\/posts\/123598\/revisions"}],"wp:featuredmedia":[{"embeddable":true,"href":"https:\/\/www.europesays.com\/no\/wp-json\/wp\/v2\/media\/123599"}],"wp:attachment":[{"href":"https:\/\/www.europesays.com\/no\/wp-json\/wp\/v2\/media?parent=123598"}],"wp:term":[{"taxonomy":"category","embeddable":true,"href":"https:\/\/www.europesays.com\/no\/wp-json\/wp\/v2\/categories?post=123598"},{"taxonomy":"post_tag","embeddable":true,"href":"https:\/\/www.europesays.com\/no\/wp-json\/wp\/v2\/tags?post=123598"}],"curies":[{"name":"wp","href":"https:\/\/api.w.org\/{rel}","templated":true}]}}