{"id":123606,"date":"2025-12-29T09:50:38","date_gmt":"2025-12-29T09:50:38","guid":{"rendered":"https:\/\/www.europesays.com\/no\/123606\/"},"modified":"2025-12-29T09:50:38","modified_gmt":"2025-12-29T09:50:38","slug":"takk-for-at-du-jobber-i-julen","status":"publish","type":"post","link":"https:\/\/www.europesays.com\/no\/123606\/","title":{"rendered":"Takk for at du jobber i julen"},"content":{"rendered":"<p data-testid=\"textWithMarkup-text\" data-v-81d7dc2b=\"\" data-v-62d58f52=\"\">De jobber kveldsvakter, nattevakter og jobber p\u00e5 r\u00f8de dager. De sier farvel hjemme og s\u00f8rger for at samfunnet g\u00e5r rundt. Tusen takk for innsatsen dere gj\u00f8r. <\/p>\n<p data-testid=\"textWithMarkup-text\" data-v-81d7dc2b=\"\" data-v-62d58f52=\"\">Julen synliggj\u00f8r forskjellene i arbeidslivet. Noen har fri n\u00e5r kalenderen viser r\u00f8de dager, andre har ikke det valget. Mange som jobber i turnus og skift har lav l\u00f8nn, belastende arbeidstider og liten innflytelse over egen arbeidshverdag. For mange betyr det ogs\u00e5 ufrivillig deltid og midlertidige kontrakter, som gj\u00f8r det vanskelig \u00e5 f\u00e5 endene til \u00e5 m\u00f8tes og planlegge livet sitt. Det er derfor Arbeiderpartiet mener at hele og faste stillinger skal v\u00e6re hovedregelen i arbeidslivet. <\/p>\n<p data-testid=\"textWithMarkup-text\" data-v-81d7dc2b=\"\" data-v-62d58f52=\"\">Altfor ofte forventes det at arbeidsfolk skal strekke seg litt lenger \u2013 jobbe litt raskere, ta litt flere ekstravakter, t\u00e5le litt mer eller v\u00e6re tilgjengelig. Det er ikke b\u00e6rekraftig. Et seri\u00f8st arbeidsliv m\u00e5 bygge p\u00e5 faste, hele stillinger, forutsigbare turnusordninger og et arbeidsmilj\u00f8 som gir folk helse, trygghet og verdighet. Svaret p\u00e5 bemanningsutfordringer kan ikke v\u00e6re \u00e5 presse de ansatte hardere. Svaret fra Arbeiderpartiet er at vi m\u00e5 ha flere folk p\u00e5 jobb. <\/p>\n<p data-testid=\"textWithMarkup-text\" data-v-81d7dc2b=\"\" data-v-62d58f52=\"\">Trygge jobber er ogs\u00e5 god sosialpolitikk. N\u00e5r folk har fast arbeid og anstendig l\u00f8nn, gir det \u00f8konomisk trygghet, mindre stress og bedre livskvalitet \u2013 ikke bare for den enkelte, men for hele familien. Et arbeidsliv preget av deltidsstillinger og lavl\u00f8nn bidrar til st\u00f8rre forskjeller og utrygghet, ogs\u00e5 i lokalsamfunnene v\u00e5re. Det er derfor trygghet er n\u00f8kkelordet i v\u00e5r plan for Norge. <\/p>\n<p data-testid=\"textWithMarkup-text\" data-v-81d7dc2b=\"\" data-v-62d58f52=\"\">Bak enhver arbeidsplass st\u00e5r det mange yrker som er avhengige av hverandre. Det er renholderen, fagarbeideren, assistenten, sj\u00e5f\u00f8ren, teknikeren og alle de andre som sammen f\u00e5r hverdagen til \u00e5 g\u00e5 rundt. Et godt arbeidsmilj\u00f8 og nok folk p\u00e5 jobb er avgj\u00f8rende for at alle skal kunne gj\u00f8re jobben sin p\u00e5 en forsvarlig m\u00e5te.<\/p>\n<p data-testid=\"textWithMarkup-text\" data-v-81d7dc2b=\"\" data-v-62d58f52=\"\">De fleste av oss kan nyte rolige juledager. Samtidig er det mange som m\u00e5 v\u00e6re p\u00e5 jobb for at samfunnet ikke skal stoppe opp. Jeg vil rette en stor takk til alle dere som jobber turnus, ofte under krevende forhold, og som stiller opp n\u00e5r andre har fri.<\/p>\n<p data-testid=\"textWithMarkup-text\" data-v-81d7dc2b=\"\" data-v-62d58f52=\"\">Jeg \u00f8nsker alle som jobber i julen en riktig god jul og god vakt.<\/p>\n<p data-testid=\"textWithMarkup-text\" data-v-81d7dc2b=\"\" data-v-62d58f52=\"\">Uten dere stopper Norge opp.<\/p>\n","protected":false},"excerpt":{"rendered":"De jobber kveldsvakter, nattevakter og jobber p\u00e5 r\u00f8de dager. De sier farvel hjemme og s\u00f8rger for at samfunnet&hellip;\n","protected":false},"author":2,"featured_media":123607,"comment_status":"","ping_status":"","sticky":false,"template":"","format":"standard","meta":{"footnotes":""},"categories":[10],"tags":[20,21,24,25,15,22,23,13,30,28,29,14,16,26,27],"class_list":{"0":"post-123606","1":"post","2":"type-post","3":"status-publish","4":"format-standard","5":"has-post-thumbnail","7":"category-norge","8":"tag-breaking-news","9":"tag-breakingnews","10":"tag-featured-news","11":"tag-featurednews","12":"tag-headlines","13":"tag-latest-news","14":"tag-latestnews","15":"tag-news","16":"tag-no","17":"tag-norge","18":"tag-norway","19":"tag-nyheter","20":"tag-overskrifter","21":"tag-top-stories","22":"tag-topstories"},"share_on_mastodon":{"url":"https:\/\/pubeurope.com\/@no\/115802238166727422","error":""},"_links":{"self":[{"href":"https:\/\/www.europesays.com\/no\/wp-json\/wp\/v2\/posts\/123606","targetHints":{"allow":["GET"]}}],"collection":[{"href":"https:\/\/www.europesays.com\/no\/wp-json\/wp\/v2\/posts"}],"about":[{"href":"https:\/\/www.europesays.com\/no\/wp-json\/wp\/v2\/types\/post"}],"author":[{"embeddable":true,"href":"https:\/\/www.europesays.com\/no\/wp-json\/wp\/v2\/users\/2"}],"replies":[{"embeddable":true,"href":"https:\/\/www.europesays.com\/no\/wp-json\/wp\/v2\/comments?post=123606"}],"version-history":[{"count":0,"href":"https:\/\/www.europesays.com\/no\/wp-json\/wp\/v2\/posts\/123606\/revisions"}],"wp:featuredmedia":[{"embeddable":true,"href":"https:\/\/www.europesays.com\/no\/wp-json\/wp\/v2\/media\/123607"}],"wp:attachment":[{"href":"https:\/\/www.europesays.com\/no\/wp-json\/wp\/v2\/media?parent=123606"}],"wp:term":[{"taxonomy":"category","embeddable":true,"href":"https:\/\/www.europesays.com\/no\/wp-json\/wp\/v2\/categories?post=123606"},{"taxonomy":"post_tag","embeddable":true,"href":"https:\/\/www.europesays.com\/no\/wp-json\/wp\/v2\/tags?post=123606"}],"curies":[{"name":"wp","href":"https:\/\/api.w.org\/{rel}","templated":true}]}}