{"id":123616,"date":"2025-12-29T09:57:42","date_gmt":"2025-12-29T09:57:42","guid":{"rendered":"https:\/\/www.europesays.com\/no\/123616\/"},"modified":"2025-12-29T09:57:42","modified_gmt":"2025-12-29T09:57:42","slug":"bondi-beach-massakren-bondi-beach-bondi-beach-parorende-krever-gransking","status":"publish","type":"post","link":"https:\/\/www.europesays.com\/no\/123616\/","title":{"rendered":"Bondi Beach-massakren, Bondi Beach | Bondi Beach-p\u00e5r\u00f8rende krever gransking"},"content":{"rendered":"\n<p>Kravet kommer fra 17 familier med p\u00e5r\u00f8rende som ble skadet eller drept i terrorangrepet p\u00e5 Bondi Beach, melder australske medier.<\/p>\n<p><b>Les ogs\u00e5: <\/b><a class=\"simple-relation related-teaser article--c-eRUmMG article--c-eRUmMG-fZoQSp-design-nettavisen article--c-eRUmMG-gwthdJ-cv\" href=\"https:\/\/www.nettavisen.no\/australias-statsminister-beklager-til-joder\/s\/5-95-2792887\" rel=\"nofollow noopener\" target=\"_blank\">Australias statsminister beklager til j\u00f8der<\/a><\/p>\n<p>De p\u00e5r\u00f8rende krever en uavhengig gransking p\u00e5 nasjonalt niv\u00e5 av \u00abden raskt \u00f8kende antisemittismen\u00bb.<\/p>\n<p>Mandag sa statsminister Anthony Albanese at landet m\u00e5 handle i stedet for \u00e5 vente i flere \u00e5r p\u00e5 svar.<\/p>\n<p><b>Les ogs\u00e5: <\/b><a class=\"simple-relation related-teaser article--c-eRUmMG article--c-eRUmMG-fZoQSp-design-nettavisen article--c-eRUmMG-gwthdJ-cv\" href=\"https:\/\/www.nettavisen.no\/nye-rettsdokumenter-avslorer-hadde-vapentrening-maneder-for-bondi-terroren\/s\/5-95-2794182\" rel=\"nofollow noopener\" target=\"_blank\">Nye rettsdokumenter avsl\u00f8rer: Hadde v\u00e5pentrening m\u00e5neder f\u00f8r Bondi-terroren<\/a><\/p>\n<p>Han har tidligere sagt at en uavhengig gransking p\u00e5 delstatsniv\u00e5 i New South Wales vil f\u00e5 regjeringens fulle st\u00f8tte. I tillegg skal det startes en gransking av hendelsene p\u00e5 Bondi Beach.<\/p>\n<p>15 personer ble drept i angrepet mot en hanukka-markering p\u00e5 Bondi Beach i Sydney 14. desember. Hendelsen etterforskes som et terrorangrep som var rettet mot j\u00f8der.<\/p>\n<p>(\u00a9NTB)<\/p>\n","protected":false},"excerpt":{"rendered":"Kravet kommer fra 17 familier med p\u00e5r\u00f8rende som ble skadet eller drept i terrorangrepet p\u00e5 Bondi Beach, melder&hellip;\n","protected":false},"author":2,"featured_media":123617,"comment_status":"","ping_status":"","sticky":false,"template":"","format":"standard","meta":{"footnotes":""},"categories":[12],"tags":[20,21,24,25,15,22,23,13,30,28,29,14,16,26,27,42,43,44,45],"class_list":{"0":"post-123616","1":"post","2":"type-post","3":"status-publish","4":"format-standard","5":"has-post-thumbnail","7":"category-verden","8":"tag-breaking-news","9":"tag-breakingnews","10":"tag-featured-news","11":"tag-featurednews","12":"tag-headlines","13":"tag-latest-news","14":"tag-latestnews","15":"tag-news","16":"tag-no","17":"tag-norge","18":"tag-norway","19":"tag-nyheter","20":"tag-overskrifter","21":"tag-top-stories","22":"tag-topstories","23":"tag-verden","24":"tag-world","25":"tag-world-news","26":"tag-worldnews"},"share_on_mastodon":{"url":"https:\/\/pubeurope.com\/@no\/115802265603368261","error":""},"_links":{"self":[{"href":"https:\/\/www.europesays.com\/no\/wp-json\/wp\/v2\/posts\/123616","targetHints":{"allow":["GET"]}}],"collection":[{"href":"https:\/\/www.europesays.com\/no\/wp-json\/wp\/v2\/posts"}],"about":[{"href":"https:\/\/www.europesays.com\/no\/wp-json\/wp\/v2\/types\/post"}],"author":[{"embeddable":true,"href":"https:\/\/www.europesays.com\/no\/wp-json\/wp\/v2\/users\/2"}],"replies":[{"embeddable":true,"href":"https:\/\/www.europesays.com\/no\/wp-json\/wp\/v2\/comments?post=123616"}],"version-history":[{"count":0,"href":"https:\/\/www.europesays.com\/no\/wp-json\/wp\/v2\/posts\/123616\/revisions"}],"wp:featuredmedia":[{"embeddable":true,"href":"https:\/\/www.europesays.com\/no\/wp-json\/wp\/v2\/media\/123617"}],"wp:attachment":[{"href":"https:\/\/www.europesays.com\/no\/wp-json\/wp\/v2\/media?parent=123616"}],"wp:term":[{"taxonomy":"category","embeddable":true,"href":"https:\/\/www.europesays.com\/no\/wp-json\/wp\/v2\/categories?post=123616"},{"taxonomy":"post_tag","embeddable":true,"href":"https:\/\/www.europesays.com\/no\/wp-json\/wp\/v2\/tags?post=123616"}],"curies":[{"name":"wp","href":"https:\/\/api.w.org\/{rel}","templated":true}]}}