{"id":123618,"date":"2025-12-29T09:58:18","date_gmt":"2025-12-29T09:58:18","guid":{"rendered":"https:\/\/www.europesays.com\/no\/123618\/"},"modified":"2025-12-29T09:58:18","modified_gmt":"2025-12-29T09:58:18","slug":"vaer-sno-det-nye-aret-skal-starte-med-sno-og-kulde-halden-arbeiderblad","status":"publish","type":"post","link":"https:\/\/www.europesays.com\/no\/123618\/","title":{"rendered":"V\u00e6r, Sn\u00f8 | Det nye \u00e5ret skal starte med sn\u00f8 og kulde &#8211; Halden Arbeiderblad"},"content":{"rendered":"<ol>\n<li><a href=\"https:\/\/news.google.com\/rss\/articles\/CBMiiAFBVV95cUxOejVqOVJGOU5mX25jQjgzY0JCUkN2YU9XYzVtbk5VcUMwODN5bWlQMFh6N3pyLTdTYkg4c1NSZGNlMm5PeEUxUVY3aTJJTTNLVzZKNXZHT2FJN216MEJlaVN6NDJ4ZGtOQjlwaGY2UWdmTkQ3SmljWmRqSlVKLXFsRE5GMmw0cVgx?oc=5\" target=\"_blank\" rel=\"nofollow noopener\">V\u00e6r, Sn\u00f8 | Det nye \u00e5ret skal starte med sn\u00f8 og kulde<\/a>&nbsp;&nbsp;Halden Arbeiderblad<\/li>\n<li><a href=\"https:\/\/news.google.com\/rss\/articles\/CBMigwFBVV95cUxOUXR3SzNmbEdTNy1YZzJLVEloUEx0d3QyUzB4ZFhRMTQtNlRONTgzMUVjTnJkN0VWdDBEWGNzSzhPdnQ1SzlDRnphWTFJb09sc0xGa1R6RzZaY0VZTmxPMVVkdWcwaUo0eVJaWnhxX1pUZXJXSFVVbG5oNHJPMlpLWWg1bw?oc=5\" target=\"_blank\" rel=\"nofollow noopener\">Nytt\u00e5rsaften: Her blir det best rakettv\u00e6r<\/a>&nbsp;&nbsp;VG<\/li>\n<li><a href=\"https:\/\/news.google.com\/rss\/articles\/CBMihwFBVV95cUxNWkZnalc0czhuTTNkb0Z3d3JGTXRBVDRsTHNoRElFeTJlSThFcnNsSkZqZzVUNFlMbHFYLTNxQzVwTzBMX2t4bmRtV1VLYjR4NTM3cHFpbWtOaFFGWG9McVBDaU43MERZb2Q0dERtOHN0aXUxbTRSOU0wcFdLWTN2cEU3ZHRGVjQ?oc=5\" target=\"_blank\" rel=\"nofollow noopener\">Slik blir v\u00earet i Vestland nytt\u00e5rskvelden<\/a>&nbsp;&nbsp;NRK<\/li>\n<li><a href=\"https:\/\/news.google.com\/rss\/articles\/CBMieEFVX3lxTE5nT0J0MjZaZUc5NGUzNzhpdEVYSm1rVXJycXMtYTNUbmU1R0JtMXI3X3VKRWk4VkQtN1c3ZlpKai0yMlVRdlluQWhvaENuX2dESzNEbmhydGNhSW5DUVBmRFcwemlYOFZwLWVXX05jMndfM1BwbEV4bA?oc=5\" target=\"_blank\" rel=\"nofollow noopener\">\u2013 Det starter bra, men ender d\u00e5rlig<\/a>&nbsp;&nbsp;TV2.no<\/li>\n<li><a href=\"https:\/\/news.google.com\/rss\/articles\/CBMieEFVX3lxTE0yTXF3MHByQXJxYmluQ3pTUWw2c29xZ0UzODJjRi1WcVFwNnU2b3NoczdKc1ZjeFBlWmJkZXE2WlNvSlFWeDZKMkJkbFlESlNUVFdfWG1kVmNpQkhNYWVHaUtLNjJQMHY3ajBvNUhkbVBiX3RmY2QzOA?oc=5\" target=\"_blank\" rel=\"nofollow noopener\">V\u00e6r obs i dag: \u2013 Sv\u00e6rt glatt enkelte steder, b\u00e5de for biler og fotgjengere!<\/a>&nbsp;&nbsp;Fredriksstad Blad<\/li>\n<\/ol>\n","protected":false},"excerpt":{"rendered":"V\u00e6r, Sn\u00f8 | Det nye \u00e5ret skal starte med sn\u00f8 og kulde&nbsp;&nbsp;Halden Arbeiderblad Nytt\u00e5rsaften: Her blir det best&hellip;\n","protected":false},"author":2,"featured_media":123619,"comment_status":"","ping_status":"","sticky":false,"template":"","format":"standard","meta":{"footnotes":""},"categories":[10],"tags":[20,21,24,25,15,22,23,13,30,28,29,14,16,26,27],"class_list":{"0":"post-123618","1":"post","2":"type-post","3":"status-publish","4":"format-standard","5":"has-post-thumbnail","7":"category-norge","8":"tag-breaking-news","9":"tag-breakingnews","10":"tag-featured-news","11":"tag-featurednews","12":"tag-headlines","13":"tag-latest-news","14":"tag-latestnews","15":"tag-news","16":"tag-no","17":"tag-norge","18":"tag-norway","19":"tag-nyheter","20":"tag-overskrifter","21":"tag-top-stories","22":"tag-topstories"},"share_on_mastodon":{"url":"https:\/\/pubeurope.com\/@no\/115802269524183314","error":""},"_links":{"self":[{"href":"https:\/\/www.europesays.com\/no\/wp-json\/wp\/v2\/posts\/123618","targetHints":{"allow":["GET"]}}],"collection":[{"href":"https:\/\/www.europesays.com\/no\/wp-json\/wp\/v2\/posts"}],"about":[{"href":"https:\/\/www.europesays.com\/no\/wp-json\/wp\/v2\/types\/post"}],"author":[{"embeddable":true,"href":"https:\/\/www.europesays.com\/no\/wp-json\/wp\/v2\/users\/2"}],"replies":[{"embeddable":true,"href":"https:\/\/www.europesays.com\/no\/wp-json\/wp\/v2\/comments?post=123618"}],"version-history":[{"count":0,"href":"https:\/\/www.europesays.com\/no\/wp-json\/wp\/v2\/posts\/123618\/revisions"}],"wp:featuredmedia":[{"embeddable":true,"href":"https:\/\/www.europesays.com\/no\/wp-json\/wp\/v2\/media\/123619"}],"wp:attachment":[{"href":"https:\/\/www.europesays.com\/no\/wp-json\/wp\/v2\/media?parent=123618"}],"wp:term":[{"taxonomy":"category","embeddable":true,"href":"https:\/\/www.europesays.com\/no\/wp-json\/wp\/v2\/categories?post=123618"},{"taxonomy":"post_tag","embeddable":true,"href":"https:\/\/www.europesays.com\/no\/wp-json\/wp\/v2\/tags?post=123618"}],"curies":[{"name":"wp","href":"https:\/\/api.w.org\/{rel}","templated":true}]}}