{"id":123620,"date":"2025-12-29T09:59:48","date_gmt":"2025-12-29T09:59:48","guid":{"rendered":"https:\/\/www.europesays.com\/no\/123620\/"},"modified":"2025-12-29T09:59:48","modified_gmt":"2025-12-29T09:59:48","slug":"dette-har-skjedd-i-natt","status":"publish","type":"post","link":"https:\/\/www.europesays.com\/no\/123620\/","title":{"rendered":"Dette har skjedd i natt"},"content":{"rendered":"\n<p aria-hidden=\"true\" class=\"_introduction_17m6h_13\">Lytt til saken<\/p>\n<p class=\"_paragraph_o9xde_4 _paragraph_xtcu6_10 layout-component text-serif-m layout-normal text-serif-m layout-padded\">Natt til mandag meldte kystvakten i<a href=\"https:\/\/www.vg.no\/tag\/taiwan?utm_source=vg-article&amp;utm_medium=auto-tagger&amp;utm_campaign=gk7y09\" class=\"_link_o9xde_39\" rel=\"nofollow noopener\" target=\"_blank\"> Taiwan <\/a>at fire kinesiske kystvaktfart\u00f8y n\u00e6rmet seg landet fra nord og \u00f8st. Da var det bare noen <a href=\"https:\/\/www.vg.no\/nyheter\/i\/gk7y09\/kina-skal-oeve-rundt-taiwan\" data-track-element-type=\"Link\" data-track-id=\"link:gk7y09\" class=\"_link_o9xde_39\" rel=\"nofollow noopener\" target=\"_blank\">f\u00e5 timer siden Kina hadde kunngjort at de skulle holde en stor milit\u00e6r\u00f8velse<\/a> i farvannene og luftrommet rundt den selvstyrte \u00f8ya tirsdag \u2013 men kinesisk aktivitet var \u00e5 se allerede mandag. Taiwan ford\u00f8mmer \u00f8velsen og har opprettet et responssenter. <\/p>\n<p class=\"_paragraph_o9xde_4 _paragraph_xtcu6_10 layout-component text-serif-m layout-normal text-serif-m layout-padded\">S\u00f8ndag kveld norsk tid <a href=\"https:\/\/www.vg.no\/nyheter\/i\/vrQ8xw\/donald-trump-og-volodymyr-zelenskyj-moetes-soendag\" data-track-element-type=\"Link\" data-track-id=\"link:vrQ8xw\" class=\"_link_o9xde_39\" rel=\"nofollow noopener\" target=\"_blank\">m\u00f8tte USAs president Donald Trump og Ukrainas president Volodymyr Zelenskyj pressen<\/a> etter sitt m\u00f8te om den reviderte fredsplanen for Russland og Ukraina i Mar-a-Lago. Zelenskyj sa det n\u00e5 er rundt 90 prosent enighet om fredsplanen. Det er forventet at Ukrainas allierte i Europa vil m\u00f8tes b\u00e5de i Paris og Washington etter nytt\u00e5r for videre samtaler. <\/p>\n<p class=\"_paragraph_o9xde_4 _paragraph_xtcu6_10 layout-component text-serif-m layout-normal text-serif-m layout-padded\">Minst <a href=\"https:\/\/www.vg.no\/nyheter\/i\/5p0OVe\/minst-13-doede-etter-togavsporing-i-mexico\" data-track-element-type=\"Link\" data-track-id=\"link:5p0OVe\" class=\"_link_o9xde_39\" rel=\"nofollow noopener\" target=\"_blank\">13 personer er d\u00f8de og over 100 er skadet etter at et tog sporet av i delstaten Oaxaca i Mexico<\/a>. Toget sporet av da det passerte en sving n\u00e6r byen Nizanda, p\u00e5 jernbanelinjen som forbinder Stillehavet med Mexicogolfen.<\/p>\n<p class=\"_paragraph_o9xde_4 _paragraph_xtcu6_10 layout-component text-serif-m layout-normal text-serif-m layout-padded\">Det har v\u00e6rt en rolig natt i politidistriktene. I Harstad ble <a href=\"https:\/\/www.vg.no\/nyheter\/i\/m0ReXl\/en-til-sykehus-etter-brann-i-harstad\" data-track-element-type=\"Link\" data-track-id=\"link:m0ReXl\" class=\"_link_o9xde_39\" rel=\"nofollow noopener\" target=\"_blank\">en person sendt til sykehus etter en brann <\/a>i en bolig natt til mandag. Brannen ble slukket, og personen skal ikke v\u00e6re livstruende skadet. En <a href=\"https:\/\/www.vg.no\/nyheter\/i\/2pGX8R\/mann-til-sykehus-etter-voldshendelse\" data-track-element-type=\"Link\" data-track-id=\"link:2pGX8R\" class=\"_link_o9xde_39\" rel=\"nofollow noopener\" target=\"_blank\">mann i 30-\u00e5rene ble fraktet til Levanger sykehus <\/a>etter en voldshendelse p\u00e5 et arrangement i Stj\u00f8rdal natt til mandag. Politiet har kontroll p\u00e5 en gjerningsmann i 20-\u00e5rene. <\/p>\n","protected":false},"excerpt":{"rendered":"Lytt til saken Natt til mandag meldte kystvakten i Taiwan at fire kinesiske kystvaktfart\u00f8y n\u00e6rmet seg landet fra&hellip;\n","protected":false},"author":2,"featured_media":123621,"comment_status":"","ping_status":"","sticky":false,"template":"","format":"standard","meta":{"footnotes":""},"categories":[5],"tags":[20,21,24,25,15,19,22,23,17,18,1728,13,30,28,29,14,16,26,27],"class_list":{"0":"post-123620","1":"post","2":"type-post","3":"status-publish","4":"format-standard","5":"has-post-thumbnail","7":"category-overskrifter","8":"tag-breaking-news","9":"tag-breakingnews","10":"tag-featured-news","11":"tag-featurednews","12":"tag-headlines","13":"tag-hovedoppslag","14":"tag-latest-news","15":"tag-latestnews","16":"tag-main-news","17":"tag-mainnews","18":"tag-morgenoppdatering","19":"tag-news","20":"tag-no","21":"tag-norge","22":"tag-norway","23":"tag-nyheter","24":"tag-overskrifter","25":"tag-top-stories","26":"tag-topstories"},"share_on_mastodon":{"url":"https:\/\/pubeurope.com\/@no\/115802277345451098","error":""},"_links":{"self":[{"href":"https:\/\/www.europesays.com\/no\/wp-json\/wp\/v2\/posts\/123620","targetHints":{"allow":["GET"]}}],"collection":[{"href":"https:\/\/www.europesays.com\/no\/wp-json\/wp\/v2\/posts"}],"about":[{"href":"https:\/\/www.europesays.com\/no\/wp-json\/wp\/v2\/types\/post"}],"author":[{"embeddable":true,"href":"https:\/\/www.europesays.com\/no\/wp-json\/wp\/v2\/users\/2"}],"replies":[{"embeddable":true,"href":"https:\/\/www.europesays.com\/no\/wp-json\/wp\/v2\/comments?post=123620"}],"version-history":[{"count":0,"href":"https:\/\/www.europesays.com\/no\/wp-json\/wp\/v2\/posts\/123620\/revisions"}],"wp:featuredmedia":[{"embeddable":true,"href":"https:\/\/www.europesays.com\/no\/wp-json\/wp\/v2\/media\/123621"}],"wp:attachment":[{"href":"https:\/\/www.europesays.com\/no\/wp-json\/wp\/v2\/media?parent=123620"}],"wp:term":[{"taxonomy":"category","embeddable":true,"href":"https:\/\/www.europesays.com\/no\/wp-json\/wp\/v2\/categories?post=123620"},{"taxonomy":"post_tag","embeddable":true,"href":"https:\/\/www.europesays.com\/no\/wp-json\/wp\/v2\/tags?post=123620"}],"curies":[{"name":"wp","href":"https:\/\/api.w.org\/{rel}","templated":true}]}}