{"id":123622,"date":"2025-12-29T10:00:26","date_gmt":"2025-12-29T10:00:26","guid":{"rendered":"https:\/\/www.europesays.com\/no\/123622\/"},"modified":"2025-12-29T10:00:26","modified_gmt":"2025-12-29T10:00:26","slug":"langrenn-vinter-ol-2026-rasende-brite-jeg-er-jaevlig-forbanna","status":"publish","type":"post","link":"https:\/\/www.europesays.com\/no\/123622\/","title":{"rendered":"Langrenn, Vinter-OL 2026 | Rasende brite: \u2013 Jeg er j\u00e6vlig forbanna!"},"content":{"rendered":"\n<p>   <img decoding=\"async\" width=\"1500\" height=\"440\" fetchpriority=\"low\"  loading=\"lazy\"  src=\"https:\/\/www.europesays.com\/no\/wp-content\/uploads\/2025\/12\/1767002425_467_tour+de+ski+byline+simen+l%C3%B8nning+sjur+tveito.jpg\" alt=\"\" class=\"brick-c-cFOWSL\" style=\"--brick-image-ratio: 1500 \/ 440;\"\/><\/p>\n<p>TOBLACH (Nettavisen): \u2013 For \u00e5 v\u00e6re \u00e6rlig er jeg j\u00e6vlig forbanna, sier James Clugnet til Nettavisen.<\/p>\n<p>Det er starten p\u00e5 hans tirade over at Storbritannia ser ut til \u00e5 bare f\u00e5 en kvote p\u00e5 tre herrel\u00f8pere i langrenn til OL senere denne sesongen.<\/p>\n<p>Det betyr at Storbritannia ikke f\u00e5r ha med nok l\u00f8pere til \u00e5 kunne g\u00e5 OL-stafetten. Grunnen til at det har blitt slik f\u00e5r Clugnet til \u00e5 rase.<\/p>\n<p>\u2013 De store nasjonene blir beskyttet. De f\u00e5r ha kvotene sine som vanlig. \u00c5tte l\u00f8pere for Norge og \u00e5tte l\u00f8pere for Sverige. Men de har glemt de middels store nasjonene, som oss. Vi har ikke blitt beskyttet, sier han.<\/p>\n<p><b>Les ogs\u00e5: <a href=\"https:\/\/www.nettavisen.no\/sport\/mathilde-myhrvold-bryter-tour-de-ski\/s\/5-95-2798910\" rel=\"Follow nofollow noopener\" target=\"_blank\">Bryter Tour de ski etter vond skade<\/a><\/b><\/p>\n<p>Nye regler<\/p>\n<p>Det er nye regler fra Det internasjonale ski- og sn\u00f8brettforbundet (FIS) f\u00f8r denne OL-sesongen som gj\u00f8r at Storbritannia ser ut til \u00e5 f\u00e5 bare tre herrel\u00f8pere til OL. Det samme gjelder en historisk sterk langrennsnasjon som \u00d8sterrike.<\/p>\n<p>I skrivende stund er det bare ti nasjoner p\u00e5 herresiden som har en stor nok kvote i OL til \u00e5 kunne g\u00e5 stafetten. Forrige OL stilte 15 nasjoner til start.<\/p>\n<p>Bakgrunnen er et \u00f8nske om at l\u00f8pere fra flere nasjoner skal f\u00e5 en startplass i OL. Det gj\u00f8r at ut\u00f8vere fra en del svakere nasjoner har sikret seg en plass i OL, noe som igjen g\u00e5r utover kvoten til andre nasjoner.<\/p>\n<p>   <img decoding=\"async\" width=\"6325\" height=\"4217\" fetchpriority=\"low\"  loading=\"lazy\"  src=\"https:\/\/www.europesays.com\/no\/wp-content\/uploads\/2025\/12\/JimmyClugnet+%282%29.jpg\" alt=\"240127 Skidor GOMS,SWITZERLAND,27.JAN.24 - NORDIC SKIING, CROSS COUNTRY SKIING - FIS World Cup, sprint, free, ladies, men. Image shows James Clugnet (GBR).&#10;Photo: GEPA pictures\/ Oliver Lerch&#10; \u00a9 Bildbyr\u00e5n - COP 81 - SWEDEN AND NORWAY ONLY\" class=\"brick-c-cFOWSL\" style=\"--brick-image-ratio: 6325 \/ 4217;\"\/><\/p>\n<p>      REAGERER: James Clugnet f\u00e5r ikke g\u00e5 OL-stafett for Storbritannia.<br \/>\n      Foto: Oliver Lerch (Bildbyr\u00e5n)\n    <\/p>\n<p>Clugnet mener alts\u00e5 at Storbritannia, som ble nummer ni p\u00e5 stafetten under ski-VM i Trondheim, blir et offer for de nye reglene.<\/p>\n<p>\u2013 N\u00e5r alle disse sm\u00e5 nasjonene kvalifiserer seg, m\u00e5 de middels store nasjonene betale prisen. Dette er nasjoner som har mange l\u00f8pere i feltet. Det er de som kan sl\u00e5 nordmennene, som for eksempel Andrew Musgrave (Storbritannia) og Mika Vermeulen (\u00d8sterrike). Begge disse nasjonene har bare tre plasser i OL, sier han.<\/p>\n<p><b>Les ogs\u00e5: <a href=\"https:\/\/www.nettavisen.no\/sport\/petter-reistad-solgte-for-gigantbelop-hadde-ikke-trengt-a-jobbe-igjen\/s\/5-95-2775727\" rel=\"Follow nofollow noopener\" target=\"_blank\">Petter (31) solgte for millioner: \u2013 Hadde ikke trengt \u00e5 jobbe igjen<\/a><\/b><\/p>\n<p>Sendte melding i raseri<\/p>\n<p>29-\u00e5ringen mener Storbritannia kunne ha kjempet om en medalje p\u00e5 stafetten i OL om de hadde kunne stilt lag.<\/p>\n<p>\u2013 Men det kan vi ikke fordi systemet er helt \u00abfucked\u00bb, sier Clugnet.<\/p>\n<p>Han misliker sterkt det nye systemet som gj\u00f8r det enklere for l\u00f8pere fra sm\u00e5 langrennsnasjoner \u00e5 f\u00e5 en plass i OL.<\/p>\n<p>\u2013 Det er for lett \u00e5 kvalifisere seg til OL. Vi kjemper livet av oss og g\u00e5r verdenscup i fire \u00e5r for \u00e5 komme til OL. Vi f\u00f8ler at FIS har glemt oss, sier han.<\/p>\n<p>At dette er noe som virkelig engasjerer Clugnet har hans britiske lagkompisen Andrew Musgrave f\u00e5tt sett p\u00e5 n\u00e6rt hold.<\/p>\n<p>\u2013 Han sa han hadde g\u00e5tt rundt hele julen og tenkt p\u00e5 det. Han viste meg en melding han hadde sendt til FIS ang\u00e5ende det. Den var s\u00e5 lang. Han hadde g\u00e5tt en tretimers tur og blitt dritforbanna og sendt den etter det, sier Musgrave til Nettavisen.<\/p>\n<p>   <img decoding=\"async\" width=\"6000\" height=\"4000\" fetchpriority=\"low\"  loading=\"lazy\"  src=\"https:\/\/www.europesays.com\/no\/wp-content\/uploads\/2025\/12\/BB231202EW187.jpg\" alt=\"231202 Andrew Musgrave of United Kingdom after the men's 10 km free technique individual start during the FIS Cross-Country World Cup on December 2, 2023 in G\u00e4llivare. &#10;Photo: Emma Wallskog \/ BILDBYR\u00c5N \/ COP 320 \/ EW0296\" class=\"brick-c-cFOWSL\" style=\"--brick-image-ratio: 6000 \/ 4000;\"\/><\/p>\n<p>      LAGKOMPISENS VREDE: Andrew Musgrave har f\u00e5tt med seg James Clugnets vrede.<br \/>\n      Foto: Emma Wallskog (Bildbyr\u00e5n)\n    <\/p>\n<p>Svaret fra FIS var noe i den duren her, if\u00f8lge Clugnet.<\/p>\n<p>\u2013 De sier de skal se p\u00e5 det og pr\u00f8ve \u00e5 endre det til neste OL. Men jeg vet ikke om jeg fortsetter til da. Musgrave og Andrew Young kommer sikkert til \u00e5 gi seg. Det er ikke sikkert det er et britisk lag etter VM i Falun p\u00e5 grunn av det, sier Clugnet.<\/p>\n<p><b>Les ogs\u00e5: <a href=\"https:\/\/www.nettavisen.no\/sport\/viaplays-regine-leenborg-anthonessen-30-min-store-kjarlighetssorg\/f\/5-95-2745002\" rel=\"Follow nofollow noopener\" target=\"_blank\">Viaplay-Regine: \u2013 Det er min st\u00f8rste kj\u00e6rlighetssorg<\/a><\/b><\/p>\n<p>Vil ha stafett<\/p>\n<p>Hans britiske lagkompis Musgrave synes ogs\u00e5 det er synd at Storbritannia ikke f\u00e5r ha med nok l\u00f8pere til \u00e5 OL til \u00e5 g\u00e5 stafetten.<\/p>\n<p>\u2013 Det er spesielt. Jeg er for at vi skal pr\u00f8ve \u00e5 gj\u00f8re det mulig for mindre nasjoner \u00e5 kvalifisere seg til OL. Men det er OL. Du burde kanskje v\u00e6re en idrettsut\u00f8ver hvis du skal stille der, ikke bare en som har g\u00e5tt p\u00e5 ski fire ganger, sier han.<\/p>\n<p>Musgrave synes man mister noe n\u00e5r det ikke blir flere nasjoner til start p\u00e5 OL-stafetten.<\/p>\n<p>\u2013 Vi vil ha stafetter. Det er jo r\u00e5tt \u00e5 se p\u00e5 og det er god stemning. Det blir jo ikke det om det er ti nasjoner som kan stille lag, sier han.<\/p>\n<p>Nettavisen har fors\u00f8kt \u00e5 f\u00e5 en kommentar fra FIS til denne saken, men har forel\u00f8pig ikke f\u00e5tt svar. <\/p>\n","protected":false},"excerpt":{"rendered":"TOBLACH (Nettavisen): \u2013 For \u00e5 v\u00e6re \u00e6rlig er jeg j\u00e6vlig forbanna, sier James Clugnet til Nettavisen. Det er&hellip;\n","protected":false},"author":2,"featured_media":123623,"comment_status":"","ping_status":"","sticky":false,"template":"","format":"standard","meta":{"footnotes":""},"categories":[59],"tags":[30,28,29,83,82],"class_list":{"0":"post-123622","1":"post","2":"type-post","3":"status-publish","4":"format-standard","5":"has-post-thumbnail","7":"category-sport","8":"tag-no","9":"tag-norge","10":"tag-norway","11":"tag-sport","12":"tag-sports"},"share_on_mastodon":{"url":"https:\/\/pubeurope.com\/@no\/115802277471054257","error":""},"_links":{"self":[{"href":"https:\/\/www.europesays.com\/no\/wp-json\/wp\/v2\/posts\/123622","targetHints":{"allow":["GET"]}}],"collection":[{"href":"https:\/\/www.europesays.com\/no\/wp-json\/wp\/v2\/posts"}],"about":[{"href":"https:\/\/www.europesays.com\/no\/wp-json\/wp\/v2\/types\/post"}],"author":[{"embeddable":true,"href":"https:\/\/www.europesays.com\/no\/wp-json\/wp\/v2\/users\/2"}],"replies":[{"embeddable":true,"href":"https:\/\/www.europesays.com\/no\/wp-json\/wp\/v2\/comments?post=123622"}],"version-history":[{"count":0,"href":"https:\/\/www.europesays.com\/no\/wp-json\/wp\/v2\/posts\/123622\/revisions"}],"wp:featuredmedia":[{"embeddable":true,"href":"https:\/\/www.europesays.com\/no\/wp-json\/wp\/v2\/media\/123623"}],"wp:attachment":[{"href":"https:\/\/www.europesays.com\/no\/wp-json\/wp\/v2\/media?parent=123622"}],"wp:term":[{"taxonomy":"category","embeddable":true,"href":"https:\/\/www.europesays.com\/no\/wp-json\/wp\/v2\/categories?post=123622"},{"taxonomy":"post_tag","embeddable":true,"href":"https:\/\/www.europesays.com\/no\/wp-json\/wp\/v2\/tags?post=123622"}],"curies":[{"name":"wp","href":"https:\/\/api.w.org\/{rel}","templated":true}]}}