{"id":123626,"date":"2025-12-29T10:05:41","date_gmt":"2025-12-29T10:05:41","guid":{"rendered":"https:\/\/www.europesays.com\/no\/123626\/"},"modified":"2025-12-29T10:05:41","modified_gmt":"2025-12-29T10:05:41","slug":"morgenrappport-stjordal-slassing-pa-grendehus","status":"publish","type":"post","link":"https:\/\/www.europesays.com\/no\/123626\/","title":{"rendered":"Morgenrappport, Stj\u00f8rdal | Sl\u00e5ssing p\u00e5 grendehus"},"content":{"rendered":"\n<p>I Nord-Tr\u00f8ndelag melder operasjonsleder Carina Holl\u00e5s om \u00e9n hendelse \u2013 p\u00e5 et grendehus i Stj\u00f8rdal \u2013 der ordensvakter meldte fra om en sl\u00e5sskamp ved 01.30-tiden i natt.<\/p>\n<p>En mann i 30-\u00e5rene ble fraktet til Sykehuset Levanger hendelsen.<\/p>\n<p>\u2013 Hendelsesforl\u00f8pet unders\u00f8kes og politiet har kontroll p\u00e5 en gjerningsmann i 20-\u00e5rene. Han p\u00e5gripes og politiet oppretter sak p\u00e5 forholdet, opplyser politiet.<\/p>\n<p>Mer sn\u00f8<\/p>\n<p>If\u00f8lge Yr.no er det ventet sn\u00f8byger gjennom hele dagen p\u00e5 Innherred.<\/p>\n<p>Slik lyder Meteorologisk institutts varsel for Tr\u00f8ndelag mandag:<\/p>\n<p>&laquo;Nordvest stiv og periodevis sterk kuling utsette stader. Sn\u00f8byer.&raquo;<\/p>\n<p>P\u00e5 T-A.no<\/p>\n<p>P\u00e5 Tr\u00f8nder-Avisas nettsider kan du lese blant annet disse sakene i dag:<\/p>\n<p>Tr\u00f8nderEnergi valgte \u00e5 gi eierkommunene aksjer for milliarder \u2013 som takk for at de hadde sulteforet seg selv i \u00e5revis.<\/p>\n<p>  <a href=\"https:\/\/www.t-a.no\/5-116-2273326\" class=\"related-teaser has-image default-story-teaser article--c-eRUmMG article--c-eRUmMG-jKCPdD-design-default\" rel=\"nofollow noopener\" target=\"_blank\"><\/p>\n<p>    <img decoding=\"async\" loading=\"lazy\"  src=\"https:\/\/www.europesays.com\/no\/wp-content\/uploads\/2025\/12\/5_120_69222+lgt6gd9rfu6nzeuyikc4.jfif.jpeg\" alt=\"\" class=\"brick-c-cFOWSL\" style=\"\"\/><\/p>\n<p>\n            Les ogs\u00e5<\/p>\n<p>              Tok radikalt grep: Eierne fikk tre milliarder\n        <\/p>\n<p>  <\/a><\/p>\n<p>Et halvt d\u00f8gn etter at gutten ble funnet livl\u00f8s i senga si, parkerte en svart Ford Focus foran det gule huset ved innkj\u00f8ringen til Vanvikan.<\/p>\n<p>  <a href=\"https:\/\/www.t-a.no\/5-116-2274625\" class=\"related-teaser default-feature-teaser article--c-eRUmMG article--c-eRUmMG-jKCPdD-design-default article--c-eRUmMG-kpKLOW-cv\" rel=\"nofollow noopener\" target=\"_blank\"><\/p>\n<p>\n            Les ogs\u00e5<\/p>\n<p>              Politiet fant ingen d\u00f8ds\u00e5rsak\n        <\/p>\n<p>  <\/a><\/p>\n","protected":false},"excerpt":{"rendered":"I Nord-Tr\u00f8ndelag melder operasjonsleder Carina Holl\u00e5s om \u00e9n hendelse \u2013 p\u00e5 et grendehus i Stj\u00f8rdal \u2013 der ordensvakter&hellip;\n","protected":false},"author":2,"featured_media":3842,"comment_status":"","ping_status":"","sticky":false,"template":"","format":"standard","meta":{"footnotes":""},"categories":[12],"tags":[36,20,21,24,25,15,22,23,14631,13,30,28,29,14,16,756,1510,26,27,941,553,42,43,44,45],"class_list":{"0":"post-123626","1":"post","2":"type-post","3":"status-publish","4":"format-standard","5":"has-post-thumbnail","7":"category-verden","8":"tag-art","9":"tag-breaking-news","10":"tag-breakingnews","11":"tag-featured-news","12":"tag-featurednews","13":"tag-headlines","14":"tag-latest-news","15":"tag-latestnews","16":"tag-morgenrappport","17":"tag-news","18":"tag-no","19":"tag-norge","20":"tag-norway","21":"tag-nyheter","22":"tag-overskrifter","23":"tag-stjordal","24":"tag-story","25":"tag-top-stories","26":"tag-topstories","27":"tag-ulykker-og-hendelser","28":"tag-vaer","29":"tag-verden","30":"tag-world","31":"tag-world-news","32":"tag-worldnews"},"share_on_mastodon":{"url":"https:\/\/pubeurope.com\/@no\/115802297128365995","error":""},"_links":{"self":[{"href":"https:\/\/www.europesays.com\/no\/wp-json\/wp\/v2\/posts\/123626","targetHints":{"allow":["GET"]}}],"collection":[{"href":"https:\/\/www.europesays.com\/no\/wp-json\/wp\/v2\/posts"}],"about":[{"href":"https:\/\/www.europesays.com\/no\/wp-json\/wp\/v2\/types\/post"}],"author":[{"embeddable":true,"href":"https:\/\/www.europesays.com\/no\/wp-json\/wp\/v2\/users\/2"}],"replies":[{"embeddable":true,"href":"https:\/\/www.europesays.com\/no\/wp-json\/wp\/v2\/comments?post=123626"}],"version-history":[{"count":0,"href":"https:\/\/www.europesays.com\/no\/wp-json\/wp\/v2\/posts\/123626\/revisions"}],"wp:featuredmedia":[{"embeddable":true,"href":"https:\/\/www.europesays.com\/no\/wp-json\/wp\/v2\/media\/3842"}],"wp:attachment":[{"href":"https:\/\/www.europesays.com\/no\/wp-json\/wp\/v2\/media?parent=123626"}],"wp:term":[{"taxonomy":"category","embeddable":true,"href":"https:\/\/www.europesays.com\/no\/wp-json\/wp\/v2\/categories?post=123626"},{"taxonomy":"post_tag","embeddable":true,"href":"https:\/\/www.europesays.com\/no\/wp-json\/wp\/v2\/tags?post=123626"}],"curies":[{"name":"wp","href":"https:\/\/api.w.org\/{rel}","templated":true}]}}