{"id":123629,"date":"2025-12-29T10:07:10","date_gmt":"2025-12-29T10:07:10","guid":{"rendered":"https:\/\/www.europesays.com\/no\/123629\/"},"modified":"2025-12-29T10:07:10","modified_gmt":"2025-12-29T10:07:10","slug":"myhrvold-ser-morkt-pa-ol-kan-bli-vanskelig","status":"publish","type":"post","link":"https:\/\/www.europesays.com\/no\/123629\/","title":{"rendered":"Myhrvold ser m\u00f8rkt p\u00e5 OL: \u2013 Kan bli vanskelig"},"content":{"rendered":"\n<p class=\"_lead_o9xde_2 _lead_xtcu6_50 layout-component text-serif-m layout-normal text-serif-l layout-component layout-wide layout-padded _wide_17hqh_1 layout-padded\">OL-h\u00e5pet Mathilde Myhrvold (27) snakker ut etter at hun m\u00e5tte trekke seg fra Tour de Ski. <\/p>\n<p> <img class=\"_image_qp4xg_65 layout-component layout-wide\" data-fullscreen- data-track-element-type=\"Article image fullscreen\" data-track-name=\"ImageFullscreen\" fetchpriority=\"high\" decoding=\"sync\" loading=\"eager\" height=\"102\" itemprop=\"image\"  src=\"https:\/\/www.europesays.com\/no\/wp-content\/uploads\/2025\/12\/bdca2235174e7438c1ec8356d7f00c30.jpg\"  style=\"object-position:50% 50%;aspect-ratio:1.75;height:auto;object-fit:cover;width:100%\" width=\"102\"\/>  Toblach, Italia  Oppdatert mandag 29. desember kl. 11:01     <\/p>\n<p class=\"_paragraph_o9xde_4 _paragraph_xtcu6_10 layout-component text-serif-m layout-normal text-serif-m layout-padded\">\u2013 Det er kjedelig hvor fort ting kan snu, sier Myhrvold til pressen i Toblach. <\/p>\n<p class=\"_paragraph_o9xde_4 _paragraph_xtcu6_10 layout-component text-serif-m layout-normal text-serif-m layout-padded\">Myhrvold falt i siste nedoverbakke i sprintfinalen s\u00f8ndag og var i store smerter da hun karret seg til m\u00e5lstreken. <\/p>\n<p class=\"_paragraph_o9xde_4 _paragraph_xtcu6_10 layout-component text-serif-m layout-normal text-serif-m layout-padded\">Langrennstrener Sjur Ole Svarstad fortalte til VG at 27-\u00e5ringen var i store smerter og at hun ble sendt til sykehus for \u00e5 sjekke hva som feilet skulderen. <\/p>\n<p class=\"_paragraph_o9xde_4 _paragraph_xtcu6_10 layout-component text-serif-m layout-normal text-serif-m layout-padded\">Senere s\u00f8ndag ble det klart at hun trakk seg fra touren grunnet en skulder som er ute av ledd. <\/p>\n<p class=\"_paragraph_o9xde_4 _paragraph_xtcu6_10 layout-component text-serif-m layout-normal text-serif-m layout-padded\">\u2013 Hva var det som skjedde? <\/p>\n<p class=\"_paragraph_o9xde_4 _paragraph_xtcu6_10 layout-component text-serif-m layout-normal text-serif-m layout-padded\">\u2013 Nei, det er litt vanskelig \u00e5 si. Jeg gikk der bare for meg selv, s\u00e5 jeg havnet nok litt i ubalanse. Hadde sikkert litt stive bein og klarte ikke \u00e5 hente meg inn. Men jeg vet ikke hvordan. Det skjedde veldig fort, plutselig l\u00e5 jeg der, sier Myhrvold.<\/p>\n<p><img alt=\"Mathilde Myhrvold m\u00f8ter pressen etter skadedramaet s\u00f8ndag.   Foto: Terje Pedersen \/ NTB\" class=\"_image_qp4xg_65 layout-component layout-normal\" data-fullscreen- data-track-element-type=\"Article image fullscreen\" data-track-name=\"ImageFullscreen\" decoding=\"async\" loading=\"lazy\" height=\"3880\" itemprop=\"image\"  src=\"https:\/\/www.europesays.com\/no\/wp-content\/uploads\/2025\/12\/2ca02dd9-0b9f-402b-b7d5-4256d22aad3b.png\"  style=\"object-position:0% 0%\" width=\"5820\"\/>Mathilde Myhrvold m\u00f8ter pressen etter skadedramaet s\u00f8ndag.   Foto: Terje Pedersen \/ NTB<\/p>\n<p class=\"_paragraph_o9xde_4 _paragraph_xtcu6_10 layout-component text-serif-m layout-normal text-serif-m layout-padded\">Hun har f\u00e5tt skulderen ut av ledd tidligere, forteller Myhrvold. <\/p>\n<p class=\"_paragraph_o9xde_4 _paragraph_xtcu6_10 layout-component text-serif-m layout-normal text-serif-m layout-padded\">\u2013 Jeg vet veldig lite forel\u00f8pig, men jeg vet mer etter hvert, sier hun og legger til at hun bare tok r\u00f8ntgen s\u00f8ndag, og skal ta MR.<\/p>\n<p class=\"_paragraph_o9xde_4 _paragraph_xtcu6_10 layout-component text-serif-m layout-normal text-serif-m layout-padded\">N\u00e5 ser kvinnen fra Gj\u00f8vik m\u00f8rkt p\u00e5 OL som starter om 39 dager. <\/p>\n<p class=\"_paragraph_o9xde_4 _paragraph_xtcu6_10 layout-component text-serif-m layout-normal text-serif-m layout-padded\">\u2013 Det er vanskelig \u00e5 si noe om, men jeg skj\u00f8nner at det kan bli vanskelig. Jeg hadde jo litt \u00e5 bevise for \u00e5 komme dit og, og n\u00e5 kommer noen renn veldig kjapt fremover og det rekker jeg ikke. <\/p>\n<p class=\"_paragraph_o9xde_4 _paragraph_xtcu6_10 layout-component text-serif-m layout-normal text-serif-m layout-padded\">\u2013 Tror du OL r\u00f8k her i Toblach?<\/p>\n<p class=\"_paragraph_o9xde_4 _paragraph_xtcu6_10 layout-component text-serif-m layout-normal text-serif-m layout-padded\">\u2013 Vi f\u00e5r vente med \u00e5 si det helt sikkert. <\/p>\n<p class=\"_paragraph_o9xde_4 _paragraph_xtcu6_10 layout-component text-serif-m layout-normal text-serif-m layout-padded\">\u2013 Hva tenker du om at OL er s\u00e5pass i fare?<\/p>\n<p class=\"_paragraph_o9xde_4 _paragraph_xtcu6_10 layout-component text-serif-m layout-normal text-serif-m layout-padded\">\u2013 Ikke noe g\u00f8y det.<\/p>\n<p class=\"_paragraph_o9xde_4 _paragraph_xtcu6_10 layout-component text-serif-m layout-normal text-serif-m layout-padded\">\u2013 N\u00e5r m\u00e5 du v\u00e6re i bevegelse for \u00e5 v\u00e6re aktuell til OL? <\/p>\n<p class=\"_paragraph_o9xde_4 _paragraph_xtcu6_10 layout-component text-serif-m layout-normal text-serif-m layout-padded\">\u2013 Da m\u00e5 det heles ganske kjapt. En er ganske avhengig av \u00e5 bruke overkroppen ordentlig p\u00e5 ski. S\u00e5 ja &#8230; <\/p>\n<p class=\"_paragraph_o9xde_4 _paragraph_xtcu6_10 layout-component text-serif-m layout-normal text-serif-m layout-padded\">\u2013 Planen n\u00e5 da? <\/p>\n<p class=\"_paragraph_o9xde_4 _paragraph_xtcu6_10 layout-component text-serif-m layout-normal text-serif-m layout-padded\">\u2013 Komme seg hjem i morgen, kanskje.<\/p>\n<ul class=\"_gallery_1qa3s_23\" tabindex=\"0\">\n<li class=\"_item_1qa3s_37\" data-index=\"0\"><img decoding=\"async\" class=\"_image_foru8_23 _articleGallery_foru8_39\" data-fullscreen- width=\"6000\" height=\"4000\" itemprop=\"image\" loading=\"lazy\"  src=\"https:\/\/www.europesays.com\/no\/wp-content\/uploads\/2025\/12\/bca4cb53-fa49-4616-ad61-fb28bc9e14fb.png\"  style=\"object-position:50% 50%;aspect-ratio:var(--gallery-aspect-ratio, 16 \/ 9)\"\/>Foto: MAXIM THORE \/ Bildbyr\u00e5n<\/li>\n<li class=\"_item_1qa3s_37\" data-index=\"1\"><img decoding=\"async\" class=\"_image_foru8_23 _articleGallery_foru8_39\" data-fullscreen- width=\"3052\" height=\"2035\" itemprop=\"image\" loading=\"lazy\"  src=\"https:\/\/www.europesays.com\/no\/wp-content\/uploads\/2025\/12\/026d2f09-a076-4081-a1b0-2c8218fabfd6.jpeg\"  style=\"object-position:50% 50%;aspect-ratio:var(--gallery-aspect-ratio, 16 \/ 9)\"\/>Foto: MAXIM THORE \/ Bildbyr\u00e5n<\/li>\n<li class=\"_item_1qa3s_37\" data-index=\"2\"><img decoding=\"async\" class=\"_image_foru8_23 _articleGallery_foru8_39\" data-fullscreen- width=\"6000\" height=\"4000\" itemprop=\"image\" loading=\"lazy\"  src=\"https:\/\/www.europesays.com\/no\/wp-content\/uploads\/2025\/12\/ba5f6dad-a886-4049-987c-d7f7e79327fe.png\"  style=\"object-position:50% 50%;aspect-ratio:var(--gallery-aspect-ratio, 16 \/ 9)\"\/>Foto: MAXIM THORE \/ Bildbyr\u00e5n<\/li>\n<li class=\"_item_1qa3s_37\" data-index=\"3\"><img decoding=\"async\" class=\"_image_foru8_23 _articleGallery_foru8_39\" data-fullscreen- width=\"6000\" height=\"4000\" itemprop=\"image\" loading=\"lazy\"  src=\"https:\/\/www.europesays.com\/no\/wp-content\/uploads\/2025\/12\/f08693bc-fe79-4eb9-aba6-fe744811b474.jpeg\"  style=\"object-position:50% 50%;aspect-ratio:var(--gallery-aspect-ratio, 16 \/ 9)\"\/>Foto: MAXIM THORE \/ Bildbyr\u00e5n<\/li>\n<\/ul>\n<p>Foto: MAXIM THORE \/ Bildbyr\u00e5n<\/p>\n<p class=\"_paragraph_o9xde_4 _paragraph_xtcu6_10 layout-component text-serif-m layout-normal text-serif-m layout-padded\">Landslagstrener Sjur Ole Svarstad sier det neste for Myhrvold n\u00e5 er \u00e5 f\u00e5 tatt MR. <\/p>\n<p class=\"_paragraph_o9xde_4 _paragraph_xtcu6_10 layout-component text-serif-m layout-normal text-serif-m layout-padded\">\u2013 Det er klart det ikke er noe skrubbs\u00e5r. Det kan v\u00e6re ting som kan ta litt tid, men vi m\u00e5 f\u00f8rst f\u00e5 gjort en MR og f\u00e5r sett hvor omfattende det er. Det har vi ikke oversikt over n\u00e5. <\/p>\n<p class=\"_paragraph_o9xde_4 _paragraph_xtcu6_10 layout-component text-serif-m layout-normal text-serif-m layout-padded\">P\u00e5 sp\u00f8rsm\u00e5l om hva han tenker om at dette skjer p\u00e5 dette tidspunktet, svarer han: <\/p>\n<p class=\"_paragraph_o9xde_4 _paragraph_xtcu6_10 layout-component text-serif-m layout-normal text-serif-m layout-padded\">\u2013 Jeg skulle mye heller \u00f8nske at hun ble sl\u00e5tt ut i prologen i g\u00e5r, enn at hun skulle f\u00e5 problemer med skulderen.<\/p>\n<p><img alt=\"Sjur Ole Svarstad sammen med Mathilde Myhrvold.  Foto: Terje Pedersen \/ NTB\" class=\"_image_qp4xg_65 layout-component layout-normal\" data-fullscreen- data-track-element-type=\"Article image fullscreen\" data-track-name=\"ImageFullscreen\" decoding=\"async\" loading=\"lazy\" height=\"3335\" itemprop=\"image\"  src=\"https:\/\/www.europesays.com\/no\/wp-content\/uploads\/2025\/12\/68d63a63-cdaf-447a-9a25-d3b7edf2ae8e.png\"  style=\"object-position:0% 0%\" width=\"5003\"\/>Sjur Ole Svarstad sammen med Mathilde Myhrvold.  Foto: Terje Pedersen \/ NTB<\/p>\n<p class=\"_paragraph_o9xde_4 _paragraph_xtcu6_10 layout-component text-serif-m layout-normal text-serif-m layout-padded\">\u2013 For hennes del kommer det selvsagt p\u00e5 et veldig d\u00e5rlig tidspunkt, s\u00e5 er det s\u00e5nn likevel at n\u00e5r man f\u00f8rst klarer seg da blir fokuset endret og man m\u00e5 pr\u00f8ve \u00e5 f\u00e5 p\u00e5 plass helsen s\u00e5 man f\u00e5r trent og konkurrert igjen.<\/p>\n<p class=\"_paragraph_o9xde_4 _paragraph_xtcu6_10 layout-component text-serif-m layout-normal text-serif-m layout-padded\">\u2013 Det er utrolig hvor fort man omstiller egentlig, sier Svarstad. <\/p>\n<p class=\"_paragraph_o9xde_4 _paragraph_xtcu6_10 layout-component text-serif-m layout-normal text-serif-m layout-padded\">\u2013 Hvordan er det \u00e5 g\u00e5 p\u00e5 ski med en \u00f8delagt skulder?<\/p>\n<p class=\"_paragraph_o9xde_4 _paragraph_xtcu6_10 layout-component text-serif-m layout-normal text-serif-m layout-padded\">\u2013 Det er klart at du f\u00f8rst m\u00e5 f\u00e5 ro, og s\u00e5 skal den trenes opp til \u00e5 v\u00e6re sterk nok til \u00e5 g\u00e5 p\u00e5 ski. Det er jo samme ting som man m\u00e5 v\u00e6re t\u00e5lmodige med, man kan ikke ta noen sjanser heller.<\/p>\n","protected":false},"excerpt":{"rendered":"OL-h\u00e5pet Mathilde Myhrvold (27) snakker ut etter at hun m\u00e5tte trekke seg fra Tour de Ski. Toblach, Italia&hellip;\n","protected":false},"author":2,"featured_media":123630,"comment_status":"","ping_status":"","sticky":false,"template":"","format":"standard","meta":{"footnotes":""},"categories":[5],"tags":[20,21,24,25,15,19,398,22,23,17,18,13683,13,30,28,29,14,16,26,27,12662],"class_list":{"0":"post-123629","1":"post","2":"type-post","3":"status-publish","4":"format-standard","5":"has-post-thumbnail","7":"category-overskrifter","8":"tag-breaking-news","9":"tag-breakingnews","10":"tag-featured-news","11":"tag-featurednews","12":"tag-headlines","13":"tag-hovedoppslag","14":"tag-langrenn","15":"tag-latest-news","16":"tag-latestnews","17":"tag-main-news","18":"tag-mainnews","19":"tag-mathilde-myhrvold","20":"tag-news","21":"tag-no","22":"tag-norge","23":"tag-norway","24":"tag-nyheter","25":"tag-overskrifter","26":"tag-top-stories","27":"tag-topstories","28":"tag-tour-de-ski"},"share_on_mastodon":{"url":"https:\/\/pubeurope.com\/@no\/115802304974414113","error":""},"_links":{"self":[{"href":"https:\/\/www.europesays.com\/no\/wp-json\/wp\/v2\/posts\/123629","targetHints":{"allow":["GET"]}}],"collection":[{"href":"https:\/\/www.europesays.com\/no\/wp-json\/wp\/v2\/posts"}],"about":[{"href":"https:\/\/www.europesays.com\/no\/wp-json\/wp\/v2\/types\/post"}],"author":[{"embeddable":true,"href":"https:\/\/www.europesays.com\/no\/wp-json\/wp\/v2\/users\/2"}],"replies":[{"embeddable":true,"href":"https:\/\/www.europesays.com\/no\/wp-json\/wp\/v2\/comments?post=123629"}],"version-history":[{"count":0,"href":"https:\/\/www.europesays.com\/no\/wp-json\/wp\/v2\/posts\/123629\/revisions"}],"wp:featuredmedia":[{"embeddable":true,"href":"https:\/\/www.europesays.com\/no\/wp-json\/wp\/v2\/media\/123630"}],"wp:attachment":[{"href":"https:\/\/www.europesays.com\/no\/wp-json\/wp\/v2\/media?parent=123629"}],"wp:term":[{"taxonomy":"category","embeddable":true,"href":"https:\/\/www.europesays.com\/no\/wp-json\/wp\/v2\/categories?post=123629"},{"taxonomy":"post_tag","embeddable":true,"href":"https:\/\/www.europesays.com\/no\/wp-json\/wp\/v2\/tags?post=123629"}],"curies":[{"name":"wp","href":"https:\/\/api.w.org\/{rel}","templated":true}]}}