{"id":123639,"date":"2025-12-29T10:16:53","date_gmt":"2025-12-29T10:16:53","guid":{"rendered":"https:\/\/www.europesays.com\/no\/123639\/"},"modified":"2025-12-29T10:16:53","modified_gmt":"2025-12-29T10:16:53","slug":"influencer-mads-clemmetsen-kom-hjem-til-innbrudd-svaert-ubehagelig","status":"publish","type":"post","link":"https:\/\/www.europesays.com\/no\/123639\/","title":{"rendered":"Influencer Mads Clemmetsen kom hjem til innbrudd: \u2013 Sv\u00e6rt ubehagelig"},"content":{"rendered":"\n<p class=\"_lead_o9xde_2 _lead_xtcu6_50 layout-component text-serif-m layout-normal text-serif-l layout-component layout-wide layout-padded _wide_17hqh_1 layout-padded\">Etter en kveld i Oslo kom influencer Mads Clemmetsen hjem til innbrudd og str\u00f8mbrudd.<\/p>\n<p><img alt=\"VG var hjemme hos Clemmetsen i 2023 da han pusset opp huset. Foto: Fredrik Solstad \/ VG\" class=\"_image_qp4xg_65 layout-component layout-wide\" data-fullscreen- data-track-element-type=\"Article image fullscreen\" data-track-name=\"ImageFullscreen\" fetchpriority=\"high\" decoding=\"sync\" loading=\"eager\" height=\"5596\" itemprop=\"image\"  src=\"https:\/\/www.europesays.com\/no\/wp-content\/uploads\/2025\/12\/0456ffd7-dde2-472e-9953-225dcecb7ce6.jpeg\"  style=\"object-position:37.53522931078657% 37.99142244460329%\" width=\"3903\"\/>VG var hjemme hos Clemmetsen i 2023 da han pusset opp huset. Foto: Fredrik Solstad \/ VG<\/p>\n<ul aria-hidden=\"true\" class=\"_images_ntbth_112\">\n<li><a class=\"_link_ntbth_117\" href=\"https:\/\/www.vg.no\/forfatter\/bastian-lunde-hvitmyhr\" style=\"z-index:1\" title=\"Bastian Lunde Hvitmyhr\" rel=\"nofollow noopener\" target=\"_blank\"><img alt=\"Bilde av Bastian Lunde Hvitmyhr\" class=\"_image_ntbth_93\" fetchpriority=\"low\" loading=\"lazy\" decoding=\"async\" itemprop=\"image\"  src=\"https:\/\/www.europesays.com\/no\/wp-content\/uploads\/2025\/12\/150baf2c-85af-47f9-b506-d8189e6820a4.jpeg\"  width=\"480\"\/><\/a><\/li>\n<\/ul>\n<p> Oppdatert s\u00f8ndag 28. desember kl. 21:50     <\/p>\n<p class=\"_paragraph_o9xde_4 _paragraph_xtcu6_10 layout-component text-serif-m layout-normal text-serif-m layout-padded\"><a href=\"https:\/\/www.vg.no\/tag\/mads-clemmetsen?utm_source=vg-article&amp;utm_medium=auto-tagger&amp;utm_campaign=2pGy6q\" class=\"_link_o9xde_39\" rel=\"nofollow noopener\" target=\"_blank\">Mads Clemmetsen<\/a> (30) var sammen med kj\u00e6resten i Oslo p\u00e5 l\u00f8rdag.<\/p>\n<p class=\"_paragraph_o9xde_4 _paragraph_xtcu6_10 layout-component text-serif-m layout-normal text-serif-m layout-padded\">S\u00f8ndag dro de hjem igjen til huset i Telemark. <\/p>\n<p class=\"_paragraph_o9xde_4 _paragraph_xtcu6_10 layout-component text-serif-m layout-normal text-serif-m layout-padded\">F\u00f8rst trodde influenceren at en sikring hadde g\u00e5tt, men da han gikk ut i hagen s\u00e5 han flere spor i rimet i sn\u00f8en. <\/p>\n<p class=\"_paragraph_o9xde_4 _paragraph_xtcu6_10 layout-component text-serif-m layout-normal text-serif-m layout-padded\"><strong class=\"_strong_o9xde_25\">\u2013 Det er sv\u00e6rt ubehagelig, skriver han i en SMS til VG.<\/strong><\/p>\n<p class=\"_paragraph_o9xde_4 _paragraph_xtcu6_10 layout-component text-serif-m layout-normal text-serif-m layout-padded\">Blant annet var str\u00f8mledningen til utelysene kuttet over. P\u00e5 Snapchat har han delt flere bilder og videoer av det som m\u00f8tte de.<\/p>\n<p class=\"_paragraph_o9xde_4 _paragraph_xtcu6_10 layout-component text-serif-m layout-normal text-serif-m layout-padded\">Tyver m\u00e5 ha v\u00e6rt innom huset mens han var borte, mener Clemmetsen.<\/p>\n<p class=\"_paragraph_o9xde_4 _paragraph_xtcu6_10 layout-component text-serif-m layout-normal text-serif-m layout-padded\"><strong class=\"_strong_o9xde_25\">Til VG sier influenceren at han n\u00e5 skal anmelde innbruddet.<\/strong><\/p>\n<p><img alt=\"\" class=\"_image_qp4xg_65 layout-component layout-normal\" data-fullscreen- data-track-element-type=\"Article image fullscreen\" data-track-name=\"ImageFullscreen\" decoding=\"async\" loading=\"lazy\" height=\"1668\" itemprop=\"image\"  src=\"https:\/\/www.europesays.com\/no\/wp-content\/uploads\/2025\/12\/afe78ad7-b8de-40f2-96c7-35c1f61d963c.png\"  style=\"object-position:0% 0%\" width=\"2500\"\/><\/p>\n<p class=\"_paragraph_o9xde_4 _paragraph_xtcu6_10 layout-component text-serif-m layout-normal text-serif-m layout-padded\">Tyvene skal ha brutt opp d\u00f8rene p\u00e5 garasjen og stj\u00e5let en sn\u00f8freser, overv\u00e5kningskameraer fra huset og andre ting, sier Clemmetsen.<\/p>\n<p class=\"_paragraph_o9xde_4 _paragraph_xtcu6_10 layout-component text-serif-m layout-normal text-serif-m layout-padded\">Han har n\u00e5 utlovet en finnerl\u00f8nn p\u00e5 15.000 kroner til dem som kan hjelpe med \u00e5 f\u00e5 tilbake sn\u00f8freseren, som skal v\u00e6re verdt over 100.000 kroner.<\/p>\n<p class=\"_paragraph_o9xde_4 _paragraph_xtcu6_10 layout-component text-serif-m layout-normal text-serif-m layout-padded\"><strong class=\"_strong_o9xde_25\">\u2013 Jeg gir meg ikke f\u00f8r jeg finner den og de, skriver han til VG.<\/strong><\/p>\n<p class=\"_paragraph_o9xde_4 _paragraph_xtcu6_10 layout-component text-serif-m layout-normal text-serif-m layout-padded\">Han sjekket overv\u00e5kningsbildene fra kameraene han hadde rundt huset.<\/p>\n<p class=\"_paragraph_o9xde_4 _paragraph_xtcu6_10 layout-component text-serif-m layout-normal text-serif-m layout-padded\">\u2013 Ser at det har v\u00e6rt flere her p\u00e5 natten, skriver han.<\/p>\n<p><img alt=\"VG har f\u00e5tt lov til \u00e5 dele bildene Clemmetsen postet til f\u00f8lgerne p\u00e5 Snapchat.\" class=\"_image_qp4xg_65 layout-component layout-normal\" data-fullscreen- data-track-element-type=\"Article image fullscreen\" data-track-name=\"ImageFullscreen\" decoding=\"async\" loading=\"lazy\" height=\"986\" itemprop=\"image\"  src=\"https:\/\/www.europesays.com\/no\/wp-content\/uploads\/2025\/12\/3bc7901f-1c83-43fd-bdb4-1e8ba1f5ac98.jpeg\"  style=\"object-position:0% 0%\" width=\"748\"\/>VG har f\u00e5tt lov til \u00e5 dele bildene Clemmetsen postet til f\u00f8lgerne p\u00e5 Snapchat.<\/p>\n<p class=\"_paragraph_o9xde_4 _paragraph_xtcu6_10 layout-component text-serif-m layout-normal text-serif-m layout-padded\"><strong class=\"_strong_o9xde_25\">Det var i mai at TV-kjendisen bekreftet at han var sammen med Stine Skoli.<\/strong><\/p>\n<p class=\"_paragraph_o9xde_4 _paragraph_xtcu6_10 layout-component text-serif-m layout-normal text-serif-m layout-padded\">Ryktene om en romanse mellom oppussingsekspertene har svirret siden de begynte innspillingen av sin nye TV-serie \u00abKan vi hjelpe til?\u00bb i august i fjor.<\/p>\n<p class=\"_paragraph_o9xde_4 _paragraph_xtcu6_10 layout-component text-serif-m layout-normal layout-padded\"><strong class=\"_strong_o9xde_25\">Les ogs\u00e5:<\/strong> <a href=\"https:\/\/www.vg.no\/i\/wgjw3d\" data-track-element-type=\"Link\" data-track-id=\"link:wgjw3d\" class=\"_link_o9xde_39\" rel=\"nofollow noopener\" target=\"_blank\">Mads Clemmetsen og Stine Skoli bekrefter: Kj\u00e6rester<\/a><\/p>\n<p class=\"_paragraph_o9xde_4 _paragraph_xtcu6_10 layout-component text-serif-m layout-normal text-serif-m layout-padded\">Clemmetsen ble f\u00f8rst kjent som h\u00e5ndverker i ulike TV-programmer. De siste \u00e5rene har han delt mer selv p\u00e5 Instagram og Snapchat med kontoen \u00abMadsPusserOpp\u00bb.<\/p>\n<p class=\"_paragraph_o9xde_4 _paragraph_xtcu6_10 layout-component text-serif-m layout-normal text-serif-m layout-padded\">\u2013 Dette er ganske j\u00e6vlig. Og ubehagelig. Men mest gj\u00f8r det meg j\u00e6vla sint, skriver Clemmetsen p\u00e5 Snapchat, if\u00f8lge\u00a0<a href=\"https:\/\/www.ta.no\/innbrudd-hos-influenseren-mest-gjor-det-meg-javla-sint\/s\/5-50-2248747\" class=\"_link_o9xde_39\" rel=\"nofollow noopener\" target=\"_blank\">Telemarksavisa<\/a>.<\/p>\n<p><img alt=\"VG var hjemme hos Clemmetsen i 2023 da han pusset opp huset.  Foto: Fredrik Solstad \/ VG\" class=\"_image_qp4xg_65 layout-component layout-normal\" data-fullscreen- data-track-element-type=\"Article image fullscreen\" data-track-name=\"ImageFullscreen\" decoding=\"async\" loading=\"lazy\" height=\"3845\" itemprop=\"image\"  src=\"https:\/\/www.europesays.com\/no\/wp-content\/uploads\/2025\/12\/cf04dc3a-946d-45f2-a746-01f236fb7ed3.jpeg\"  style=\"object-position:0% 0%\" width=\"5841\"\/>VG var hjemme hos Clemmetsen i 2023 da han pusset opp huset.  Foto: Fredrik Solstad \/ VG<\/p>\n<p class=\"_paragraph_o9xde_4 _paragraph_xtcu6_10 layout-component text-serif-m layout-normal text-serif-m layout-padded\">Clemmetsen har flere tusen f\u00f8lgere. For TV-seere er han kjent fra \u00abEventyrlig oppussing\u00bb p\u00e5 TV 3 og \u00abRydderevolusjonen\u00bb p\u00e5 TV 2. <\/p>\n<p class=\"_paragraph_o9xde_4 _paragraph_xtcu6_10 layout-component text-serif-m layout-normal text-serif-m layout-padded\">Han har ogs\u00e5 v\u00e6rt med p\u00e5 \u00ab16 ukers helvete\u00bb for noe \u00e5r tilbake. <\/p>\n<p class=\"_paragraph_o9xde_4 _paragraph_xtcu6_10 layout-component text-serif-m layout-normal text-serif-m layout-padded\"><strong class=\"_strong_o9xde_25\">Han er n\u00e5 en av disse influencerne som kan g\u00e5 av med seieren som \u00abFolkets favoritt\u00bb til Vixen Awards 2025.<\/strong><\/p>\n<p class=\"_paragraph_o9xde_4 _paragraph_xtcu6_10 layout-component text-serif-m layout-normal layout-padded\"><strong class=\"_strong_o9xde_25\">Les ogs\u00e5:<\/strong> <a href=\"https:\/\/www.vg.no\/i\/P4OBLp\" data-track-element-type=\"Link\" data-track-id=\"link:P4OBLp\" class=\"_link_o9xde_39\" rel=\"nofollow noopener\" target=\"_blank\">Mads Clemmetsen om ADHD-diagnosen: \u2013 Jeg har en superkraft <\/a><\/p>\n<p class=\"_paragraph_o9xde_4 _paragraph_xtcu6_10 layout-component text-serif-m layout-normal text-serif-m layout-padded\">Influenceren \u00f8nsker ikke \u00e5 kommentere innbruddet ytterligere enn det han har skrevet p\u00e5 Snapchat.<\/p>\n<p class=\"_paragraph_o9xde_4 _paragraph_xtcu6_10 layout-component text-serif-m layout-normal text-serif-m layout-padded\">I 2023 m\u00f8tte VG ham hjemme i huset i Telemark. Han fortalte da at ADHD-diagnosen gir ham en klar fordel, og at han kan jobbe 20 timer i d\u00f8gnet.<\/p>\n<p class=\"_paragraph_o9xde_4 _paragraph_xtcu6_10 layout-component text-serif-m layout-normal layout-padded\"><strong class=\"_strong_o9xde_25\">Les ogs\u00e5:<\/strong> <a href=\"https:\/\/www.vg.no\/i\/69jEvO\" data-track-element-type=\"Link\" data-track-id=\"link:69jEvO\" class=\"_link_o9xde_39\" rel=\"nofollow noopener\" target=\"_blank\">Mistet pass i branndrama \u2013 fikk dra hjem uten<\/a><\/p>\n","protected":false},"excerpt":{"rendered":"Etter en kveld i Oslo kom influencer Mads Clemmetsen hjem til innbrudd og str\u00f8mbrudd. VG var hjemme hos&hellip;\n","protected":false},"author":2,"featured_media":123640,"comment_status":"","ping_status":"","sticky":false,"template":"","format":"standard","meta":{"footnotes":""},"categories":[5],"tags":[20,21,24,25,15,19,3258,22,23,13158,17,18,13,30,28,29,14,16,832,26,27],"class_list":{"0":"post-123639","1":"post","2":"type-post","3":"status-publish","4":"format-standard","5":"has-post-thumbnail","7":"category-overskrifter","8":"tag-breaking-news","9":"tag-breakingnews","10":"tag-featured-news","11":"tag-featurednews","12":"tag-headlines","13":"tag-hovedoppslag","14":"tag-innbrudd","15":"tag-latest-news","16":"tag-latestnews","17":"tag-mads-clemmetsen","18":"tag-main-news","19":"tag-mainnews","20":"tag-news","21":"tag-no","22":"tag-norge","23":"tag-norway","24":"tag-nyheter","25":"tag-overskrifter","26":"tag-snapchat","27":"tag-top-stories","28":"tag-topstories"},"share_on_mastodon":{"url":"https:\/\/pubeurope.com\/@no\/115802344229140279","error":""},"_links":{"self":[{"href":"https:\/\/www.europesays.com\/no\/wp-json\/wp\/v2\/posts\/123639","targetHints":{"allow":["GET"]}}],"collection":[{"href":"https:\/\/www.europesays.com\/no\/wp-json\/wp\/v2\/posts"}],"about":[{"href":"https:\/\/www.europesays.com\/no\/wp-json\/wp\/v2\/types\/post"}],"author":[{"embeddable":true,"href":"https:\/\/www.europesays.com\/no\/wp-json\/wp\/v2\/users\/2"}],"replies":[{"embeddable":true,"href":"https:\/\/www.europesays.com\/no\/wp-json\/wp\/v2\/comments?post=123639"}],"version-history":[{"count":0,"href":"https:\/\/www.europesays.com\/no\/wp-json\/wp\/v2\/posts\/123639\/revisions"}],"wp:featuredmedia":[{"embeddable":true,"href":"https:\/\/www.europesays.com\/no\/wp-json\/wp\/v2\/media\/123640"}],"wp:attachment":[{"href":"https:\/\/www.europesays.com\/no\/wp-json\/wp\/v2\/media?parent=123639"}],"wp:term":[{"taxonomy":"category","embeddable":true,"href":"https:\/\/www.europesays.com\/no\/wp-json\/wp\/v2\/categories?post=123639"},{"taxonomy":"post_tag","embeddable":true,"href":"https:\/\/www.europesays.com\/no\/wp-json\/wp\/v2\/tags?post=123639"}],"curies":[{"name":"wp","href":"https:\/\/api.w.org\/{rel}","templated":true}]}}