{"id":123648,"date":"2025-12-29T10:26:04","date_gmt":"2025-12-29T10:26:04","guid":{"rendered":"https:\/\/www.europesays.com\/no\/123648\/"},"modified":"2025-12-29T10:26:04","modified_gmt":"2025-12-29T10:26:04","slug":"hyller-brigitte-bardot-vi-sorger-over-en-legende","status":"publish","type":"post","link":"https:\/\/www.europesays.com\/no\/123648\/","title":{"rendered":"Hyller Brigitte Bardot: &#8211; Vi s\u00f8rger over en legende"},"content":{"rendered":"<p>        Saken oppsummert<\/p>\n<ul lang=\"nb-NO\">\n<li>Den franske skuespilleren Brigitte Bardot er d\u00f8d, 91 \u00e5r gammel.<\/li>\n<\/ul>\n<ul>\n<li>Frankrikes president Emmanuel Macron, og flere politikere, hyller henne som en legende.<\/li>\n<li>Bardot ble verdenskjent i 1956 med filmen \u00abAnd God Created Woman\u00bb, og regnes som et av v\u00e5r tids st\u00f8rste sexsymboler.<\/li>\n<li>Etter at hun trakk seg ut av rampelyset ble Bardot en ivrig forkjemper for dyrevelferd.<\/li>\n<\/ul>\n<p class=\"italic ai-disclaimer\" data-lab-italic=\"italic\">Oppsummeringen er laget med kunstig intelligens (KI) fra OpenAI. Innholdet er kvalitetssikret av TV 2s journalister. <a target=\"_blank\" href=\"https:\/\/hjelp.tv2.no\/info\/artikkel\/slik-jobber-vi-med-ki-i-tv-2\" title=\"Les om hvordan vi jobber med KI\" rel=\"nofollow noopener\">Les om hvordan vi jobber med KI<\/a><\/p>\n<p>S\u00f8ndag formiddag kom nyheten om at den franske skuespilleren, sangeren og stilikonet <a href=\"https:\/\/www.tv2.no\/nyheter\/brigitte-bardot-er-dod\/18416285\/\" rel=\"nofollow noopener\" target=\"_blank\">Brigitte Bardot er d\u00f8d<\/a>, 91 \u00e5r gammel.\u00a0<\/p>\n<p>Bardot ble verdenskjent p\u00e5 slutten av 1950-tallet og regnes som et av v\u00e5r tids st\u00f8rste sexsymboler.<\/p>\n<p>N\u00e5 hylles hun av Frankrikes president Emmanuel Macron (48).<\/p>\n<p>        <img class=\"image__img lazyload\" itemprop=\"image\" title=\"Foto: Valery Hache \/ AFP \/ NTB\" alt=\"VERDENSKJENT: Brigitte Bardot er kjent verden over. Hun ble 91 \u00e5r gammel. Foto: Valery Hache \/ AFP \/ NTB\" width=\"675\" height=\"507\" bad-src=\"https:\/\/www.europesays.com\/no\/wp-content\/uploads\/2025\/12\/18204255.webp.jpeg\" fetchpriority=\"auto\" \/><\/p>\n<p>      VERDENSKJENT: Brigitte Bardot er kjent verden over. Hun ble 91 \u00e5r gammel.<br \/>\n         Foto: Valery Hache \/ AFP \/ NTB<\/p>\n<p>\u2013 En legende fra dette \u00e5rhundre<\/p>\n<p>I en presseuttalelse hyller Macron avd\u00f8de Bardot, if\u00f8lge danske\u00a0<a href=\"https:\/\/www.bt.dk\/int.-kendte\/macron-hylder-afdoed-bardot-vi-soerger-over-en-legende\" rel=\"nofollow noopener\" target=\"_blank\">BT<\/a>.\u00a0<\/p>\n<p>\u00abMed sine filmer, sin stemme, sin blendende glans, sine initialer (BB), sine sorger, sin gener\u00f8se lidenskap for dyr og sitt ansikt, som ble til Marianne, legemliggjorde Brigitte Bardot et liv i frihet\u00bb, sier han, og legger til:\u00a0<\/p>\n<p>\u00abVi s\u00f8rger over en legende fra dette \u00e5rhundrede\u00bb.\u00a0<\/p>\n<p>        <img class=\"image__img lazyload\" itemprop=\"image\" title=\"Foto: Lionel Cironneau \/ AP \/ NTB\" alt=\"PROTEST: Brigitte Bardot under en demonstrasjon for dyrevelferd. Foto: Lionel Cironneau \/ AP \/ NTB\" width=\"978\" height=\"551\" bad-src=\"https:\/\/www.europesays.com\/no\/wp-content\/uploads\/2025\/12\/18417538.webp.jpeg\" fetchpriority=\"auto\" \/><\/p>\n<p>      PROTEST: Brigitte Bardot under en demonstrasjon for dyrevelferd.<br \/>\n         Foto: Lionel Cironneau \/ AP \/ NTB<\/p>\n<p>Bardot ble verdenskjent med filmen \u00abOg Gud skapte kvinnen\u00bb i 1956, og hennes ikoniske stil gjorde henne til et internasjonalt symbol.\u00a0<\/p>\n<p>Etter 48 filmer, en rekke musikaler og flere plateinnspillinger forlot Bardot underholdningsindustrien i 1973, kun 39 \u00e5r gammel, og trakk seg fra rampelyset.<\/p>\n<p>I stedet ble hun en ivrig forkjemper for dyrevelferd.\u00a0<\/p>\n<p>        <img class=\"image__img lazyload\" itemprop=\"image\" title=\"Foto: Jean-Pierre Prevel \/ AFP \/ NTB\" alt=\"DYREFORKJEMPER: Brigitte Bardot klapper en selunge i Fecamp nord i Frankrike 8. april 1975. Hun engasjerte seg i kampen mot selfangst. Foto: Jean-Pierre Prevel \/ AFP \/ NTB\" width=\"675\" height=\"696\" bad-src=\"https:\/\/www.europesays.com\/no\/wp-content\/uploads\/2025\/12\/18416377.webp.jpeg\" fetchpriority=\"auto\" \/><\/p>\n<p>      DYREFORKJEMPER: Brigitte Bardot klapper en selunge i Fecamp nord i Frankrike 8. april 1975. Hun engasjerte seg i kampen mot selfangst.<br \/>\n         Foto: Jean-Pierre Prevel \/ AFP \/ NTB<\/p>\n<p>Hylles av politikerne<\/p>\n<p>Flere politikere hyller Bardot for hennes enest\u00e5ende liv og innflytelse.<\/p>\n<p>Kulturministeren i Frankrike,\u00a0Rachida Dati, beskriver Bardot som et \u00abikon blant ikoner\u00bb, skriver franske <a href=\"https:\/\/www.lemonde.fr\/en\/france\/article\/2025\/12\/28\/reactions-to-the-death-of-brigitte-bardot_6748896_7.html\" rel=\"nofollow noopener\" target=\"_blank\">Le Monde<\/a>.\u00a0<\/p>\n<p>\u00abEn utrettelig forkjemper for dyrerettigheter, hun er en legende som har v\u00e6rt med p\u00e5 \u00e5 forme v\u00e5r fantasi, uten noen gang \u00e5 la seg begrense av den. Vilt fri og s\u00e5 fransk, tross alt\u00bb, skriver kulturministeren i sin hyllest.<\/p>\n<p>        <img class=\"image__img lazyload\" itemprop=\"image\" title=\"Foto: Philippe Magoni \/ AP \/ NTB\" alt=\"HYLLES: En kvinne legger en bamse ved Brigitte Bardots hjem i Saint-Tropez i Frankrike. Foto: Philippe Magoni \/ AP \/ NTB\" width=\"978\" height=\"551\" bad-src=\"https:\/\/www.europesays.com\/no\/wp-content\/uploads\/2025\/12\/18417502.webp.jpeg\" fetchpriority=\"auto\" \/><\/p>\n<p>      HYLLES: En kvinne legger en bamse ved Brigitte Bardots hjem i Saint-Tropez i Frankrike.<br \/>\n         Foto: Philippe Magoni \/ AP \/ NTB<\/p>\n<p>\u00abBrigitte Bardot var et symbol p\u00e5 frihet: kvinners frihet, deres kroppers frihet, deres valg, friheten til en karriere som hun alltid hadde kontroll over\u00bb, uttalte ordf\u00f8reren i Cannes, if\u00f8lge <a href=\"https:\/\/www.lemonde.fr\/culture\/live\/2025\/12\/28\/en-direct-brigitte-bardot-est-morte-les-hommages-saluent-une-femme-qui-etait-plus-qu-une-actrice-c-etait-la-france_6659628_3246.html\" rel=\"nofollow noopener\" target=\"_blank\">Le Monde<\/a>.\u00a0<\/p>\n<p>\u00abUansett hvor hun dro, og spesielt i Cannes, under festivalen der hun ble oppdaget, utl\u00f8ste hun hysteri\u00bb, la han til.\u00a0<\/p>\n","protected":false},"excerpt":{"rendered":"Saken oppsummert Den franske skuespilleren Brigitte Bardot er d\u00f8d, 91 \u00e5r gammel. Frankrikes president Emmanuel Macron, og flere&hellip;\n","protected":false},"author":2,"featured_media":123649,"comment_status":"","ping_status":"","sticky":false,"template":"","format":"standard","meta":{"footnotes":""},"categories":[5],"tags":[20,21,24,25,15,19,22,23,17,18,13,30,28,29,14,16,26,27],"class_list":{"0":"post-123648","1":"post","2":"type-post","3":"status-publish","4":"format-standard","5":"has-post-thumbnail","7":"category-overskrifter","8":"tag-breaking-news","9":"tag-breakingnews","10":"tag-featured-news","11":"tag-featurednews","12":"tag-headlines","13":"tag-hovedoppslag","14":"tag-latest-news","15":"tag-latestnews","16":"tag-main-news","17":"tag-mainnews","18":"tag-news","19":"tag-no","20":"tag-norge","21":"tag-norway","22":"tag-nyheter","23":"tag-overskrifter","24":"tag-top-stories","25":"tag-topstories"},"share_on_mastodon":{"url":"https:\/\/pubeurope.com\/@no\/115802379644049185","error":""},"_links":{"self":[{"href":"https:\/\/www.europesays.com\/no\/wp-json\/wp\/v2\/posts\/123648","targetHints":{"allow":["GET"]}}],"collection":[{"href":"https:\/\/www.europesays.com\/no\/wp-json\/wp\/v2\/posts"}],"about":[{"href":"https:\/\/www.europesays.com\/no\/wp-json\/wp\/v2\/types\/post"}],"author":[{"embeddable":true,"href":"https:\/\/www.europesays.com\/no\/wp-json\/wp\/v2\/users\/2"}],"replies":[{"embeddable":true,"href":"https:\/\/www.europesays.com\/no\/wp-json\/wp\/v2\/comments?post=123648"}],"version-history":[{"count":0,"href":"https:\/\/www.europesays.com\/no\/wp-json\/wp\/v2\/posts\/123648\/revisions"}],"wp:featuredmedia":[{"embeddable":true,"href":"https:\/\/www.europesays.com\/no\/wp-json\/wp\/v2\/media\/123649"}],"wp:attachment":[{"href":"https:\/\/www.europesays.com\/no\/wp-json\/wp\/v2\/media?parent=123648"}],"wp:term":[{"taxonomy":"category","embeddable":true,"href":"https:\/\/www.europesays.com\/no\/wp-json\/wp\/v2\/categories?post=123648"},{"taxonomy":"post_tag","embeddable":true,"href":"https:\/\/www.europesays.com\/no\/wp-json\/wp\/v2\/tags?post=123648"}],"curies":[{"name":"wp","href":"https:\/\/api.w.org\/{rel}","templated":true}]}}