{"id":123654,"date":"2025-12-29T10:32:07","date_gmt":"2025-12-29T10:32:07","guid":{"rendered":"https:\/\/www.europesays.com\/no\/123654\/"},"modified":"2025-12-29T10:32:07","modified_gmt":"2025-12-29T10:32:07","slug":"trafikkulykke-nyhetsvarsel-trafikkulykke-i-asker-fremstar-a-ha-alvorlige-skader","status":"publish","type":"post","link":"https:\/\/www.europesays.com\/no\/123654\/","title":{"rendered":"Trafikkulykke, Nyhetsvarsel | Trafikkulykke i Asker: \u2013 Fremst\u00e5r \u00e5 ha alvorlige skader"},"content":{"rendered":"\n<p>Det har v\u00e6rt en trafikkulykke mellom bil og lastebil p\u00e5 Slemmestadveien i Asker mandag formiddag. En person fremst\u00e5r \u00e5 ha alvorlige skader etter ulykken.<\/p>\n<p>\u2013 F\u00f8rer av personbil fraktes sykehus med alvorlige skader. Fremst\u00e5r ikke livstruende, skriver operasjonsleder Bj\u00f8rn Gunnar Nys\u00e6ter i en oppdatering til pressen.<\/p>\n<p>F\u00f8rer av lastebil fremst\u00e5r fysisk uskadd men unders\u00f8kes av helsepersonell.<\/p>\n<p>I en oppdatering skriver politiet at sj\u00e5f\u00f8ren av personbilen hadde mistet f\u00f8rerkortet 20 minutter f\u00f8r ulykken, da han ble stanset av en politipatrulje.<\/p>\n<p>Veien stengt i begge retninger<\/p>\n<p>De legger til at det er store materielle skader, og at det \u00abvil p\u00e5virke trafikken en tid fremover\u00bb.<\/p>\n<p>I en oppdatering noen minutter senere skriver Nys\u00e6ter at veien forel\u00f8pig er stengt i begge retninger.<\/p>\n<p>Politiet meldte om hendelsen klokken 10.31.<\/p>\n","protected":false},"excerpt":{"rendered":"Det har v\u00e6rt en trafikkulykke mellom bil og lastebil p\u00e5 Slemmestadveien i Asker mandag formiddag. En person fremst\u00e5r&hellip;\n","protected":false},"author":2,"featured_media":3844,"comment_status":"","ping_status":"","sticky":false,"template":"","format":"standard","meta":{"footnotes":""},"categories":[12],"tags":[20,21,24,25,15,22,23,13,30,28,29,14,16,26,27,42,43,44,45],"class_list":{"0":"post-123654","1":"post","2":"type-post","3":"status-publish","4":"format-standard","5":"has-post-thumbnail","7":"category-verden","8":"tag-breaking-news","9":"tag-breakingnews","10":"tag-featured-news","11":"tag-featurednews","12":"tag-headlines","13":"tag-latest-news","14":"tag-latestnews","15":"tag-news","16":"tag-no","17":"tag-norge","18":"tag-norway","19":"tag-nyheter","20":"tag-overskrifter","21":"tag-top-stories","22":"tag-topstories","23":"tag-verden","24":"tag-world","25":"tag-world-news","26":"tag-worldnews"},"share_on_mastodon":{"url":"https:\/\/pubeurope.com\/@no\/115802403208689195","error":""},"_links":{"self":[{"href":"https:\/\/www.europesays.com\/no\/wp-json\/wp\/v2\/posts\/123654","targetHints":{"allow":["GET"]}}],"collection":[{"href":"https:\/\/www.europesays.com\/no\/wp-json\/wp\/v2\/posts"}],"about":[{"href":"https:\/\/www.europesays.com\/no\/wp-json\/wp\/v2\/types\/post"}],"author":[{"embeddable":true,"href":"https:\/\/www.europesays.com\/no\/wp-json\/wp\/v2\/users\/2"}],"replies":[{"embeddable":true,"href":"https:\/\/www.europesays.com\/no\/wp-json\/wp\/v2\/comments?post=123654"}],"version-history":[{"count":0,"href":"https:\/\/www.europesays.com\/no\/wp-json\/wp\/v2\/posts\/123654\/revisions"}],"wp:featuredmedia":[{"embeddable":true,"href":"https:\/\/www.europesays.com\/no\/wp-json\/wp\/v2\/media\/3844"}],"wp:attachment":[{"href":"https:\/\/www.europesays.com\/no\/wp-json\/wp\/v2\/media?parent=123654"}],"wp:term":[{"taxonomy":"category","embeddable":true,"href":"https:\/\/www.europesays.com\/no\/wp-json\/wp\/v2\/categories?post=123654"},{"taxonomy":"post_tag","embeddable":true,"href":"https:\/\/www.europesays.com\/no\/wp-json\/wp\/v2\/tags?post=123654"}],"curies":[{"name":"wp","href":"https:\/\/api.w.org\/{rel}","templated":true}]}}