{"id":123655,"date":"2025-12-29T10:33:18","date_gmt":"2025-12-29T10:33:18","guid":{"rendered":"https:\/\/www.europesays.com\/no\/123655\/"},"modified":"2025-12-29T10:33:18","modified_gmt":"2025-12-29T10:33:18","slug":"dette-ma-du-vite-hvis-du-skal-vaere-i-bergen-pa-nyttarsaften-bergens-tidende","status":"publish","type":"post","link":"https:\/\/www.europesays.com\/no\/123655\/","title":{"rendered":"Dette m\u00e5 du vite hvis du skal v\u00e6re i Bergen p\u00e5 nytt\u00e5rsaften &#8211; Bergens Tidende"},"content":{"rendered":"<ol>\n<li><a href=\"https:\/\/news.google.com\/rss\/articles\/CBMidEFVX3lxTE5mNGJkLTgySU1ZRVRORm52Mnp0dzlIQnFSSjZSTHFTelYtOFlQMHJOTVg1OFdyTTdMcGdVYnFsTWh6U3EtazZkVkhBdEMwUmpjMzBBbGpKZzNaSllkXzhjTldFeHUtSlZvTzU1aHNZb3VnMmlk?oc=5\" target=\"_blank\" rel=\"nofollow noopener\">Dette m\u00e5 du vite hvis du skal v\u00e6re i Bergen p\u00e5 nytt\u00e5rsaften<\/a>&nbsp;&nbsp;Bergens Tidende<\/li>\n<li><a href=\"https:\/\/news.google.com\/rss\/articles\/CBMioAFBVV95cUxOcmxOVlJvcWhQT2EwZC1QMnNLRWR4aHBzcGN4ZTRHdUMtS1lCSjdXaEhJQUxWeUQxNW5tekRlRUoxQ1l6WTR5YjMwNTRDUjhoeHVPRFRCbl9PTFpPSHdDd0pjQk56b3RMMkwwR1JKSHlOTjlpZlJLMGpLWENiOVpuSmJnUkI3TE9JR0F6cVV2QTNCYXRENzJ5MkZlM2FjUlB0?oc=5\" target=\"_blank\" rel=\"nofollow noopener\">Felles fyrverkeri i Oslo avlyst \u2013 spleisen n\u00e5dde ikke m\u00e5let \u2013 Stor-Oslo<\/a>&nbsp;&nbsp;NRK<\/li>\n<li><a href=\"https:\/\/news.google.com\/rss\/articles\/CBMikAFBVV95cUxPcVRzNkhYdU16cWhtZzl0NFF4bVoybEJ2TmltTXhPT2RGQXRUdlBqMHprUDlaZ2c1TnB2RU5ZZzdKLUtObHBFY193YlRqb21uREE0OWFpVzlKYmJGU1JzWS1vY1dKVHJYWXlsTEtkUU5iWUpLZ09nczVJY3NpNlFIbHkyYUZhN3JaQzJxVjJGU1o?oc=5\" target=\"_blank\" rel=\"nofollow noopener\">Ingen fyrverkeri i Rens\u00e5sen \u2013 25 \u00e5r lang tradisjon brytes<\/a>&nbsp;&nbsp;Avisa Nordland<\/li>\n<li><a href=\"https:\/\/news.google.com\/rss\/articles\/CBMigAFBVV95cUxOREFwbmNDQk96ek9tNUFWbkxHNWt3cnBrRWwzWUliM0xXQ2F2ZzRuOEFUREkzMTBSdWdqcnFQS2YxX3JnNzdxaDNUc29tVWJ2dlRQclM4TWFYeVBPVU5zRmRudlRHdnFiVzc0dldGOWptNDF2aVFWbWlvdlNwM0MyVQ?oc=5\" target=\"_blank\" rel=\"nofollow noopener\">(+) Ingen felles fyrverkerioppskytning i \u00e5r<\/a>&nbsp;&nbsp;ht.no<\/li>\n<li><a href=\"https:\/\/news.google.com\/rss\/articles\/CBMiowFBVV95cUxQRjRpNjBydFJVLTVCX1Jjdm0xRXJMSWZRRDZnVVJXRlpFRkpZdlVWeWdqNEdISmJEdnU2eXBHUkg0amFDdlluMEFoQXVQWFVmVFE3ak5QZ01NMnc2dWk1R1ktdVJSTG44UW4wZTAyaFpOTWx5d1k4bE1kbmEtVXNzOGxYamhuQXdoc1BDZl9XaGs5UHJPbkhUbTROOWdMUFFUMUlv?oc=5\" target=\"_blank\" rel=\"nofollow noopener\">(+) Bruker 125.000 kroner: \u2013 Vi krysser fingrene<\/a>&nbsp;&nbsp;fvn.no<\/li>\n<\/ol>\n","protected":false},"excerpt":{"rendered":"Dette m\u00e5 du vite hvis du skal v\u00e6re i Bergen p\u00e5 nytt\u00e5rsaften&nbsp;&nbsp;Bergens Tidende Felles fyrverkeri i Oslo avlyst&hellip;\n","protected":false},"author":2,"featured_media":123656,"comment_status":"","ping_status":"","sticky":false,"template":"","format":"standard","meta":{"footnotes":""},"categories":[10],"tags":[20,21,24,25,15,22,23,13,30,28,29,14,16,26,27],"class_list":{"0":"post-123655","1":"post","2":"type-post","3":"status-publish","4":"format-standard","5":"has-post-thumbnail","7":"category-norge","8":"tag-breaking-news","9":"tag-breakingnews","10":"tag-featured-news","11":"tag-featurednews","12":"tag-headlines","13":"tag-latest-news","14":"tag-latestnews","15":"tag-news","16":"tag-no","17":"tag-norge","18":"tag-norway","19":"tag-nyheter","20":"tag-overskrifter","21":"tag-top-stories","22":"tag-topstories"},"share_on_mastodon":{"url":"https:\/\/pubeurope.com\/@no\/115802407330039183","error":""},"_links":{"self":[{"href":"https:\/\/www.europesays.com\/no\/wp-json\/wp\/v2\/posts\/123655","targetHints":{"allow":["GET"]}}],"collection":[{"href":"https:\/\/www.europesays.com\/no\/wp-json\/wp\/v2\/posts"}],"about":[{"href":"https:\/\/www.europesays.com\/no\/wp-json\/wp\/v2\/types\/post"}],"author":[{"embeddable":true,"href":"https:\/\/www.europesays.com\/no\/wp-json\/wp\/v2\/users\/2"}],"replies":[{"embeddable":true,"href":"https:\/\/www.europesays.com\/no\/wp-json\/wp\/v2\/comments?post=123655"}],"version-history":[{"count":0,"href":"https:\/\/www.europesays.com\/no\/wp-json\/wp\/v2\/posts\/123655\/revisions"}],"wp:featuredmedia":[{"embeddable":true,"href":"https:\/\/www.europesays.com\/no\/wp-json\/wp\/v2\/media\/123656"}],"wp:attachment":[{"href":"https:\/\/www.europesays.com\/no\/wp-json\/wp\/v2\/media?parent=123655"}],"wp:term":[{"taxonomy":"category","embeddable":true,"href":"https:\/\/www.europesays.com\/no\/wp-json\/wp\/v2\/categories?post=123655"},{"taxonomy":"post_tag","embeddable":true,"href":"https:\/\/www.europesays.com\/no\/wp-json\/wp\/v2\/tags?post=123655"}],"curies":[{"name":"wp","href":"https:\/\/api.w.org\/{rel}","templated":true}]}}