{"id":123657,"date":"2025-12-29T10:34:56","date_gmt":"2025-12-29T10:34:56","guid":{"rendered":"https:\/\/www.europesays.com\/no\/123657\/"},"modified":"2025-12-29T10:34:56","modified_gmt":"2025-12-29T10:34:56","slug":"uvaer-helgeland-mye-a-gjore-for-arva-og-linea-noen-ma-vente-lengre-pa-strommen-risiko-for-nye-strombrudd","status":"publish","type":"post","link":"https:\/\/www.europesays.com\/no\/123657\/","title":{"rendered":"Uv\u00e6r, Helgeland | Mye \u00e5 gj\u00f8re for Arva og Linea. Noen m\u00e5 vente lengre p\u00e5 str\u00f8mmen: \u2013 Risiko for nye str\u00f8mbrudd"},"content":{"rendered":"\n<p>Dette melder  i en pressemelding i ettermiddag.<\/p>\n<p>\u2013 Vi holder p\u00e5 s\u00e5 lenge det er forsvarlig, men vi f\u00e5r ikke rettet alle feil i dag, dessverre, sier beredskapsleder Tarjei Langvand Solvang.<\/p>\n<p>   <img decoding=\"async\" width=\"576\" height=\"977\" fetchpriority=\"low\"  loading=\"lazy\"  src=\"https:\/\/www.europesays.com\/no\/wp-content\/uploads\/2025\/12\/kektstolpe.jpg\" alt=\"\" class=\"brick-c-cFOWSL\" style=\"--brick-image-ratio: 576 \/ 977;\"\/><\/p>\n<p>      Knekt stolpe.<br \/>\n      Foto: Dragefossen\n    <\/p>\n<p>  Lenge uten str\u00f8m<\/p>\n<p>\u00c5rsaken til at Arva ikke rekker \u00e5 bli ferdig, er at vinden har herjet godt med kraftnettet. Det har f\u00f8rt til mange knekte stolper, tr\u00e6r som er bl\u00e5st ned p\u00e5 linjer og avslitte ledninger. Dette er feil som ikke er gjort i ei h\u00e5ndvending \u00e5 reparere, st\u00e5r det i pressemeldingen.<\/p>\n<p>Transport og logistikk kan ogs\u00e5 v\u00e6re utfordrende n\u00e5r stormen herjer som verst.<\/p>\n<p>Noen kunder, s\u00e6rlig ute p\u00e5 \u00f8yene, har v\u00e6rt uten str\u00f8m siden i g\u00e5r.<\/p>\n<p>\u2013 Vi har ikke glemt dere! Vi forst\u00e5r at det er krevende \u00e5 v\u00e6re uten str\u00f8m s\u00e5 lenge, og vi kommer s\u00e5 snart vi kan, sier han.<\/p>\n<p>Nytt uv\u00e6r p\u00e5 vei<\/p>\n<p>If\u00f8lge v\u00e6rmeldinga skal det bl\u00e5se opp igjen utover ettermiddagen. Uv\u00e6ret ser ut til \u00e5 treffe Nordland hardest.<\/p>\n<p>\u2013 Det er risiko for nye str\u00f8mbrudd utover ettermiddagen og kvelden. Vi har kalt inn ekstra ressurser som kan settes inn i morgen ved behov, sier Solvang og oppfordrer alle til \u00e5 lade opp mobilene sine og forberede seg p\u00e5 at str\u00f8mmen kan bli borte i perioder.<\/p>\n<p>Han ber ogs\u00e5 alle som rammes av str\u00f8mbrudd om \u00e5 sjekke <a href=\"https:\/\/sxxgx.mjt.lu\/lnk\/EAAACARveRYAAc4JMy4AAROM7BMAAYCt2OgAAAAAACWDKwBpUVVZi_vkkBQBSSqHAykcqCCofgAjB_s\/2\/oUvIVLRq72JOJPrBGZzJ3A\/aHR0cHM6Ly9hcnZhLm5vL3N0cm9tc3RhbnM\" rel=\"nofollow noopener\" target=\"_blank\">Arvas str\u00f8mstanskart<\/a> f\u00f8r de ringer. Finner du omr\u00e5det ditt i kartet, vet de om feilen, og du trenger ikke ringe.<\/p>\n<p>S\u00e5 snart vinden l\u00f8yer gjenopptas arbeidet med \u00e5 gjenopprette str\u00f8mforsyning kundene.<\/p>\n<p>Linea har ogs\u00e5 mye arbeid<\/p>\n<p>Linea melder at de fortsatt har et omfattende arbeid foran seg etter ekstremv\u00e6ret som har rammet Helgeland. Selv om antall str\u00f8ml\u00f8se kunder er redusert betydelig, gjenst\u00e5r det fortsatt mye arbeid f\u00f8r situasjonen er fullt normalisert.<\/p>\n<p>I Rana er det fortsatt mange oppdrag knyttet til avslitte linjer og trefall, og det p\u00e5g\u00e5r ogs\u00e5 sv\u00e6rt mye arbeid i Hemnes og Finneidfjord, b\u00e5de p\u00e5 h\u00f8yspent- og lavspentnettet, st\u00e5r det i en pressemelding.<\/p>\n<p>Helikopterbefaringen som er gjennomf\u00f8rt viser at mye av nettet som er inspisert ser bra ut. Linea vil fortsette med helikopterbefaring ogs\u00e5 de kommende dagene, med s\u00e6rlig fokus p\u00e5 Hemnes og Rana.<\/p>\n<p>    Vil du se neste video?<\/p>\n<p>    <a href=\"https:\/\/www.ranablad.no\/se-video-team-ribbe-vs-team-pinnekjott\/v\/5-42-1533911\" class=\"recommend-poster\" data-adp-clicklabel=\"video-recommend\" data-adp-clickvalue=\"poster\" rel=\"nofollow noopener\" target=\"_blank\"><br \/>\n      <img decoding=\"async\" width=\"200\" height=\"200\" loading=\"lazy\" src=\"https:\/\/www.europesays.com\/no\/wp-content\/uploads\/2025\/12\/v-i-b282a5d1-3403-48f3-bc75-fac310595fc6-1.jpg\" alt=\"\" class=\"brick-c-cFOWSL\" style=\"--brick-image-ratio: 200 \/ 200;\"\/><\/p>\n<p>SE VIDEO: Team ribbe vs. Team pinnekj\u00f8tt1:49<\/p>\n<p>    <\/a><\/p>\n<p>        For \u00e5 gi folk str\u00f8m i husene har Lineas folk brukt mye sprengstoff p\u00e5 \u00e5 sprenge vekk tr\u00e6r. Ute i felten fikk de virkelig kjenne p\u00e5 uv\u00e6ret.<\/p>\n<p>En utfordring i feilrettingen er at det i stor grad er brukt opp tilgjengelig sprengstoff (SafetyCut) til fjerning av tr\u00e6r i linjetraseene. Linea er n\u00e5 i ferd med \u00e5 hente mer sprengstoff, blant annet fra Tr\u00f8ndelag og hos Tensio. Samtidig p\u00e5g\u00e5r det stor utkj\u00f8ring av lavspentstolper rundt om p\u00e5 Helgeland etter mange tilfeller av knekte stolper.<\/p>\n<p>1000 uten str\u00f8m<\/p>\n<p>Per n\u00e5 er rundt 1.000 kunder uten str\u00f8mforsyning, og det jobbes for fullt med feilretting. Linea forventer at antallet str\u00f8ml\u00f8se vil fortsette \u00e5 g\u00e5 ned utover kvelden. I flere tilfeller gjennomf\u00f8res det provisoriske l\u00f8sninger for \u00e5 f\u00e5 str\u00f8mmen raskt tilbake. Disse vil bli erstattet med permanente l\u00f8sninger n\u00e5r forholdene tillater det.<\/p>\n<p>Linea forventer likevel at det fortsatt vil v\u00e6re enkelte kunder som ikke f\u00e5r str\u00f8mmen tilbake f\u00f8r natt og ny n\u00f8dvendig hvileperiode for mannskapene. I den forbindelse oppfordres kunder som har mulighet til \u00e5 vurdere midlertidig opphold hos venner eller familie der str\u00f8mforsyningen er tilbake.<\/p>\n<p>Siden det meldes om kraftig vind ogs\u00e5 gjennom kvelden og morgendagen fortsetter Linea i r\u00f8d beredskap, med full styrke p\u00e5 arbeidet som gjenst\u00e5r, sier Linea.<\/p>\n<p>Linea vil samtidig rette en stor takk til kundene for all st\u00f8tte, forst\u00e5else og t\u00e5lmodighet i en krevende situasjon.<\/p>\n<p>  <a href=\"https:\/\/www.ranablad.no\/5-42-1538280\" class=\"related-teaser has-image default-story-teaser article--c-eRUmMG article--c-eRUmMG-jKCPdD-design-default\" rel=\"nofollow noopener\" target=\"_blank\"><\/p>\n<p>    <img decoding=\"async\" loading=\"lazy\"  src=\"https:\/\/www.europesays.com\/no\/wp-content\/uploads\/2025\/12\/Linea-str%C3%B8mkart28-des-2025-om+morgenen.png\" alt=\"\" class=\"brick-c-cFOWSL\" style=\"\"\/><\/p>\n<p>\n            Les ogs\u00e5<\/p>\n<p>              605 str\u00f8mkunder i Rana er fortsatt str\u00f8ml\u00f8se etter stormen, men det er verre i andre deler av Helgeland\n        <\/p>\n<p>  <\/a><\/p>\n<p>  <a href=\"https:\/\/www.ranablad.no\/5-42-1538292\" class=\"related-teaser has-image default-story-teaser article--c-eRUmMG article--c-eRUmMG-jKCPdD-design-default\" rel=\"nofollow noopener\" target=\"_blank\"><\/p>\n<p>    <img decoding=\"async\" loading=\"lazy\"  src=\"https:\/\/www.europesays.com\/no\/wp-content\/uploads\/2025\/12\/5_42_1395881+Bj%C3%B8rnAmundsen+4.jpg\" alt=\"\" class=\"brick-c-cFOWSL\" style=\"\"\/><\/p>\n<p>\n            Les ogs\u00e5<\/p>\n<p>              Rana fikk den hardeste smellen av alle under uv\u00e6ret. \u2013 P\u00e5 det meste var 60 basestasjoner ute av drift\n        <\/p>\n<p>  <\/a><\/p>\n<p>  <a href=\"https:\/\/www.ranablad.no\/5-42-1538324\" class=\"related-teaser has-image default-story-teaser article--c-eRUmMG article--c-eRUmMG-jKCPdD-design-default\" rel=\"nofollow noopener\" target=\"_blank\"><\/p>\n<p>    <img decoding=\"async\" loading=\"lazy\"  src=\"https:\/\/www.europesays.com\/no\/wp-content\/uploads\/2025\/12\/Lysl%C3%B8ypeHem-4.jpg\" alt=\"\" class=\"brick-c-cFOWSL\" style=\"\"\/><\/p>\n<p>\n            Les ogs\u00e5<\/p>\n<p>              Ildsjelene Andreas (38) og Fredrik (36) tok grep og sikret den lokale lysl\u00f8ypa etter stormens herjinger\n        <\/p>\n<p>  <\/a><\/p>\n<p>  <a href=\"https:\/\/www.ranablad.no\/5-42-1538359\" class=\"related-teaser default-story-teaser article--c-eRUmMG article--c-eRUmMG-jKCPdD-design-default article--c-eRUmMG-kpKLOW-cv\" rel=\"nofollow noopener\" target=\"_blank\"><\/p>\n<p>\n            Les ogs\u00e5<\/p>\n<p>              Kj\u00f8rer kun opp nytt spor i n\u00e6rl\u00f8ypa etter stormen og anbefaler folk \u00e5 benytte hodelykter\n        <\/p>\n<p>  <\/a><\/p>\n","protected":false},"excerpt":{"rendered":"Dette melder i en pressemelding i ettermiddag. \u2013 Vi holder p\u00e5 s\u00e5 lenge det er forsvarlig, men vi&hellip;\n","protected":false},"author":2,"featured_media":123658,"comment_status":"","ping_status":"","sticky":false,"template":"","format":"standard","meta":{"footnotes":""},"categories":[5],"tags":[36,14638,20,21,24,25,15,2551,19,22,23,17,18,13,30,28,29,14,16,1510,26,27,3230],"class_list":{"0":"post-123657","1":"post","2":"type-post","3":"status-publish","4":"format-standard","5":"has-post-thumbnail","7":"category-overskrifter","8":"tag-art","9":"tag-arva","10":"tag-breaking-news","11":"tag-breakingnews","12":"tag-featured-news","13":"tag-featurednews","14":"tag-headlines","15":"tag-helgeland","16":"tag-hovedoppslag","17":"tag-latest-news","18":"tag-latestnews","19":"tag-main-news","20":"tag-mainnews","21":"tag-news","22":"tag-no","23":"tag-norge","24":"tag-norway","25":"tag-nyheter","26":"tag-overskrifter","27":"tag-story","28":"tag-top-stories","29":"tag-topstories","30":"tag-uvaer"},"share_on_mastodon":{"url":"https:\/\/pubeurope.com\/@no\/115802414994282129","error":""},"_links":{"self":[{"href":"https:\/\/www.europesays.com\/no\/wp-json\/wp\/v2\/posts\/123657","targetHints":{"allow":["GET"]}}],"collection":[{"href":"https:\/\/www.europesays.com\/no\/wp-json\/wp\/v2\/posts"}],"about":[{"href":"https:\/\/www.europesays.com\/no\/wp-json\/wp\/v2\/types\/post"}],"author":[{"embeddable":true,"href":"https:\/\/www.europesays.com\/no\/wp-json\/wp\/v2\/users\/2"}],"replies":[{"embeddable":true,"href":"https:\/\/www.europesays.com\/no\/wp-json\/wp\/v2\/comments?post=123657"}],"version-history":[{"count":0,"href":"https:\/\/www.europesays.com\/no\/wp-json\/wp\/v2\/posts\/123657\/revisions"}],"wp:featuredmedia":[{"embeddable":true,"href":"https:\/\/www.europesays.com\/no\/wp-json\/wp\/v2\/media\/123658"}],"wp:attachment":[{"href":"https:\/\/www.europesays.com\/no\/wp-json\/wp\/v2\/media?parent=123657"}],"wp:term":[{"taxonomy":"category","embeddable":true,"href":"https:\/\/www.europesays.com\/no\/wp-json\/wp\/v2\/categories?post=123657"},{"taxonomy":"post_tag","embeddable":true,"href":"https:\/\/www.europesays.com\/no\/wp-json\/wp\/v2\/tags?post=123657"}],"curies":[{"name":"wp","href":"https:\/\/api.w.org\/{rel}","templated":true}]}}