{"id":123661,"date":"2025-12-29T10:38:13","date_gmt":"2025-12-29T10:38:13","guid":{"rendered":"https:\/\/www.europesays.com\/no\/123661\/"},"modified":"2025-12-29T10:38:13","modified_gmt":"2025-12-29T10:38:13","slug":"trine-lise-olsen-utfordrer-kjendisene-for-en-god-sak-2","status":"publish","type":"post","link":"https:\/\/www.europesays.com\/no\/123661\/","title":{"rendered":"Trine Lise Olsen utfordrer kjendisene for en god sak"},"content":{"rendered":"<p class=\"kicker \" style=\"\">Trine Lise Olsen:<\/p>\n<p>  Trine Lise Olsen sprer latterglede p\u00e5 Fattighuset. N\u00e5 forlenger hun julestemningen.<\/p>\n<p>\n    JULEHJELPER: Trine Lise Olsen gj\u00f8r sitt for at mange skal f\u00e5 en hyggelig jul. N\u00e5 oppfordrer hun kollegene sine til \u00e5 gj\u00f8re det samme. Her med Trude Vasstrand under \u00e5rets KK-galla. Foto: Espen Solli\n  <\/p>\n<p>Da man \u00e5pnet d\u00f8rene til Fattighuset i Oslo en litt kj\u00f8lig ettermiddag i desember, h\u00f8rte man ikke bare lyden av jakker som ristes for sn\u00f8, eller kaffekopper som ble plassert p\u00e5 bord.\u00a0<\/p>\n<p>Det var ogs\u00e5 en klar, klingende latter som fylte rommet &#8211; en latter de fleste kjenner fra scener og TV-skjermer.\u00a0<\/p>\n<p>    <a itemprop=\"url\" href=\"https:\/\/www.seher.no\/kjendis\/dette-skal-han-gjore-na\/83952389\" rel=\"nofollow noopener\" target=\"_blank\"><\/p>\n<p>        <img loading=\"lazy\" decoding=\"async\" src=\"https:\/\/www.europesays.com\/no\/wp-content\/uploads\/2025\/12\/1767004688_564_83952332.webp.webp\" width=\"980\" height=\"441\" title=\"Dette skal han gj\u00f8re n\u00e5\" alt=\"\" class=\"lazyload\" style=\"--aspect-ratio-image: 2.22; \"\/><\/p>\n<p>        Dette skal han gj\u00f8re n\u00e5<\/p>\n<p>    <\/a><\/p>\n<p class=\"font-weight-bold m-font-weight-bold\" data-lab-font_weight=\"font-weight-bold\">Trine Lise Olsen (50), har nemlig gjort det lille ekstra i \u00e5r &#8211; for \u00e5 bidra til at de som gjerne g\u00e5r julen i m\u00f8te tynget av bekymringer &#8211; f\u00e5r det litt lettere.<\/p>\n<p>I et hav av glitrende julelys og travle handlegater, er det nemlig lett \u00e5 glemme at h\u00f8ytiden kan v\u00e6re tung for veldig mange.\u00a0<\/p>\n<p>Trine Lise har derfor meldt seg frivillig &#8211; ikke for en opptreden &#8211; men for \u00e5 skape glede blant dem som kanskje ikke har de \u00f8konomiske forutsetningene til \u00e5 komme seg p\u00e5 et kulturarrangement.<\/p>\n<p>Julen er en tid hvor forskjellene blir synlige. N\u00e5 vil hun gj\u00f8re sitt for at forskjellene skal bli litt mindre merkbare.\u00a0<\/p>\n<p>        DATE: \u00abI Kissed a Boy\u00bb-deltaker Erik Rydning r\u00f8per hvorfor han ikke fant kj\u00e6rligheten, og hva sivilstatusen hans er i dag. Video: Thea Hope\/ R\u00f8d L\u00f8per<\/p>\n<p class=\"no_italic m-no_italic\" data-lab-italic=\"\">\u00abJeg kontaktet Fattighuset i Oslo for \u00e5 gi de ting som folk kan gi i julegave, og \/ eller bruke selv. Jeg \u00f8nsket meg en ubrukt ting fra mine gjester i bursdagen min. Vi har alle noe hjemme som enten ikke passet &#8211; eller en gave som ikke falt helt i smak\u00bb, skriver hun innledningsvis p\u00e5 Instagram.\u00a0<\/p>\n<p>        <img loading=\"lazy\" decoding=\"async\" src=\"https:\/\/www.europesays.com\/no\/wp-content\/uploads\/2025\/12\/1767004690_78_82111970.webp.webp\" width=\"686\" height=\"995\" title=\"EN GOD LATTER...: kan i det minste gj\u00f8re hverdagen litt enklere. Foto: Andreas Fadum \/ Se og H\u00f8r\" alt=\"\" class=\"\" style=\"--aspect-ratio-image: 0.69; \"\/><\/p>\n<p>\n        EN GOD LATTER&#8230;: kan i det minste gj\u00f8re hverdagen litt enklere. Foto: Andreas Fadum \/ Se og H\u00f8r\n    <\/p>\n<p class=\"no_italic m-no_italic\" data-lab-italic=\"\">Komikeren legger til at vennene leverte som aldri f\u00f8r, noe som gjorde Fattighuset b\u00e5de r\u00f8rt og takknemlig.\u00a0<\/p>\n<p>    <a itemprop=\"url\" href=\"https:\/\/www.seher.no\/kjendis\/vi-er-et-skikkelig-drommeteam\/83952382\" rel=\"nofollow noopener\" target=\"_blank\"><\/p>\n<p>        <img loading=\"lazy\" decoding=\"async\" src=\"https:\/\/www.europesays.com\/no\/wp-content\/uploads\/2025\/12\/1767004692_560_83953318.webp.webp\" width=\"980\" height=\"441\" title=\"- Vi er et skikkelig dr\u00f8mmeteam\" alt=\"\" class=\"lazyload\" style=\"--aspect-ratio-image: 2.22; \"\/><\/p>\n<p>        &#8211; Vi er et skikkelig dr\u00f8mmeteam<\/p>\n<p>    <\/a><\/p>\n<p class=\"no_italic m-no_italic\" data-lab-italic=\"\">Men det var likevel noe som manglet &#8211; underholdning.<\/p>\n<p class=\"font-weight-bold m-font-weight-bold no_italic m-no_italic\" data-lab-italic=\"\" data-lab-font_weight=\"font-weight-bold\">\u00abN\u00e5r man har d\u00e5rlig r\u00e5d er underholdning det f\u00f8rste som ryker. Og show gir en f\u00f8lelse av \u00e5 v\u00e6re med i samfunnet. Jeg ga ti billietter n\u00e5 i november -og holdt av ti i mars. S\u00e5 jeg utfordrer mine kollegaer til \u00e5 gj\u00f8re det samme!\u00bb skriver Trine Lise.\u00a0<\/p>\n<p>        TATT P\u00c5 FERSKEN: Hva befinner seg under Skal vi danse-dommernes bord? Jan Thomas har svaret. Reporter: Nora Skavhaug \/ Foto: Danny Son To \/ R\u00f8d L\u00f8per <\/p>\n<p>&#8211; La oss gj\u00f8re dette!\u00a0\t<\/p>\n<p>Trine Lise erkjenner at det er kostbar aff\u00e6re for akt\u00f8rene \u00e5 stelle i stand et show, men mener det skal v\u00e6re overkommelig for de fleste \u00e5 avse noen billetter eller to, spesielt om man skal avholde flere show p\u00e5 rad.<\/p>\n<p>Hun har tagget flere av landets st\u00f8rste humorhelter, samt flere av Norges st\u00f8rste eventakt\u00f8rer.\u00a0<\/p>\n<p>    <a itemprop=\"url\" href=\"https:\/\/www.seher.no\/kjendis\/grat-meg-i-sovn\/83955287\" rel=\"nofollow noopener\" target=\"_blank\"><\/p>\n<p>        <img loading=\"lazy\" decoding=\"async\" src=\"https:\/\/www.europesays.com\/no\/wp-content\/uploads\/2025\/12\/1767004692_114_83954689.webp.webp\" width=\"147\" height=\"98\" title=\"- Gr\u00e5t meg i s\u00f8vn\" alt=\"\" class=\"lazyload\" style=\"--aspect-ratio-image: 1.50; \"\/><\/p>\n<p>        &#8211; Gr\u00e5t meg i s\u00f8vn<\/p>\n<p>    <\/a><\/p>\n<p>\u00abBare \u00e5 tagge flere store suksesser! Kommer flere show til neste \u00e5r som allerede har utsolgt flere steder, og det finnes slike &#8216;hus&#8217; i mange forskjellige byer. Alle startet p\u00e5 sm\u00e5 scener, jobbet oss opp til de st\u00f8rste scenene i landet &#8211; la oss gj\u00f8re dette!\u00bb skriver hun avslutningsvis.\u00a0<\/p>\n<p>Overfor Se og H\u00f8r forteller Trine Lise at Fattighuset ble kjempeglade.\u00a0<\/p>\n<p>        \u00abSKAL VI DANSE\u00bb: Danseprogrammet har f\u00e5tt kritikk fra streetdance-milj\u00f8et. Video: \u00abSkal vi danse\u00bb\/TV 2, R\u00f8d L\u00f8per\/Nora Skavhaug<\/p>\n<p class=\"no_italic m-no_italic\" data-lab-italic=\"\">&#8211; Jeg hadde skrevet til dem om at jeg skulle samle inn ting p\u00e5 bursdagen min &#8230; Da svarte de at de delte ut gratis mat, hygieneartikler og kl\u00e6r til opptil 2000 mennesker hver uke. De er sponsordrevne og eksisterer utelukkende p\u00e5 donasjoner, sier hun til Se og H\u00f8r.<\/p>\n<p class=\"no_italic m-no_italic\" data-lab-italic=\"\">Videre forteller komikeren at Fattighuset deler ut fribilletter til ulike kultur &#8211; og sportsarrangementer for \u00e5 inkludere mennesker med d\u00e5rlig r\u00e5d.<\/p>\n<p class=\"no_italic m-no_italic\" data-lab-italic=\"\">&#8211; De hjelper b\u00e5de par, enslige og barnefamilier som ellers ikke har mulighet til deltakelse p\u00e5 slike ting. Det var en av \u00e5rsakene til at jeg valgte \u00e5 donere bort billetter.<\/p>\n<p class=\"no_italic m-no_italic\" data-lab-italic=\"\">Hun legger til at hun f\u00f8rst ga ut billetter til showet i Bergen, ettersom det fortsatt var noen ledige plasser igjen der.<\/p>\n<p>    <a itemprop=\"url\" href=\"https:\/\/www.seher.no\/kjendis\/roper-endringer\/83946168\" rel=\"nofollow noopener\" target=\"_blank\"><\/p>\n<p>        <img loading=\"lazy\" decoding=\"async\" src=\"https:\/\/www.europesays.com\/no\/wp-content\/uploads\/2025\/12\/1767004692_236_83951223.webp.webp\" width=\"147\" height=\"98\" title=\"R\u00f8per endringer\" alt=\"\" class=\"lazyload\" style=\"--aspect-ratio-image: 1.50; \"\/><\/p>\n<p>        R\u00f8per endringer<\/p>\n<p>    <\/a><\/p>\n<p class=\"no_italic m-no_italic font-weight-bold m-font-weight-bold\" data-lab-italic=\"\" data-lab-font_weight=\"font-weight-bold\">&#8211; Det var vinn-vinn. Folk som ikke hadde r\u00e5d kunne komme &#8211; og jeg hadde full sal. S\u00e5 det ble til at jeg holdt av billetter p\u00e5 alle show! D\u00e5rlig r\u00e5d kan v\u00e6re midlertidig, men det betyr ikke at alle er fattige. Selv om noen er det. Jeg synes vi skal snakke mer om dette &#8211; da blir ikke skammen s\u00e5 stor.<\/p>\n<p>        F\u00c5R HAKESLEPP: TV 2-profilen f\u00e5r hakeslepp av eget pengeforbuk n\u00e5r hun sjekker bankappen. Reporter: Sanne Holt. Video: Victoria L\u00f8vik\/ Sanne Holt\/ R\u00f8d L\u00f8per<\/p>\n<p>&#8211; Det er om mine feil\u00a0\t<\/p>\n<p class=\"italic m-italic\" data-lab-italic=\"italic\">&#8211; Tenker du at dette er noe de st\u00f8rre eventbyr\u00e5ene b\u00f8r tenke p\u00e5?<\/p>\n<p class=\"no_italic m-no_italic\" data-lab-italic=\"\">&#8211; Ja, de store scenene og byr\u00e5ene burde jo gj\u00f8re det, slik at alt ansvaret ikke ligger p\u00e5 akt\u00f8rene, men jeg tenker at om vi starter, s\u00e5 kanskje vi kan gj\u00f8re det til en greie som alle gj\u00f8r &#8230; men alle som har show har r\u00e5d til \u00e5 gi ut noen billetter til de som trenger det mest.\u00a0<\/p>\n<p>    <a itemprop=\"url\" href=\"https:\/\/www.seher.no\/kjendis\/hun-er-kalkulert\/83952369\" rel=\"nofollow noopener\" target=\"_blank\"><\/p>\n<p>        <img loading=\"lazy\" decoding=\"async\" src=\"https:\/\/www.europesays.com\/no\/wp-content\/uploads\/2025\/12\/1767004693_423_83954541.webp.webp\" width=\"147\" height=\"98\" title=\"- Hun er kalkulert\" alt=\"\" class=\"lazyload\" style=\"--aspect-ratio-image: 1.50; \"\/><\/p>\n<p>        &#8211; Hun er kalkulert<\/p>\n<p>    <\/a><\/p>\n<p class=\"no_italic m-no_italic\" data-lab-italic=\"\">De heldige som har f\u00e5tt billetter til show kan bare glede seg. Trine Lise har nemlig et show for de som liker og heier p\u00e5 kvinner, for de som har gjort feil og klarer \u00e5 le av det selv.<\/p>\n<p class=\"no_italic m-no_italic\" data-lab-italic=\"\">&#8211; Det er om mine feil, feilvalgene jeg har tatt &#8211; pakket inn i masse humor og litt alvor! forteller Trine Lise.\u00a0<\/p>\n","protected":false},"excerpt":{"rendered":"Trine Lise Olsen: Trine Lise Olsen sprer latterglede p\u00e5 Fattighuset. N\u00e5 forlenger hun julestemningen. JULEHJELPER: Trine Lise Olsen&hellip;\n","protected":false},"author":2,"featured_media":123601,"comment_status":"","ping_status":"","sticky":false,"template":"","format":"standard","meta":{"footnotes":""},"categories":[58],"tags":[4104,71,13377,479,30,28,29,14628,72],"class_list":{"0":"post-123661","1":"post","2":"type-post","3":"status-publish","4":"format-standard","5":"has-post-thumbnail","7":"category-underholdning","8":"tag-eksklusivt","9":"tag-entertainment","10":"tag-fattighuset","11":"tag-kjendis","12":"tag-no","13":"tag-norge","14":"tag-norway","15":"tag-trine-lise-olsen","16":"tag-underholdning"},"share_on_mastodon":{"url":"https:\/\/pubeurope.com\/@no\/115802426892119203","error":""},"_links":{"self":[{"href":"https:\/\/www.europesays.com\/no\/wp-json\/wp\/v2\/posts\/123661","targetHints":{"allow":["GET"]}}],"collection":[{"href":"https:\/\/www.europesays.com\/no\/wp-json\/wp\/v2\/posts"}],"about":[{"href":"https:\/\/www.europesays.com\/no\/wp-json\/wp\/v2\/types\/post"}],"author":[{"embeddable":true,"href":"https:\/\/www.europesays.com\/no\/wp-json\/wp\/v2\/users\/2"}],"replies":[{"embeddable":true,"href":"https:\/\/www.europesays.com\/no\/wp-json\/wp\/v2\/comments?post=123661"}],"version-history":[{"count":0,"href":"https:\/\/www.europesays.com\/no\/wp-json\/wp\/v2\/posts\/123661\/revisions"}],"wp:featuredmedia":[{"embeddable":true,"href":"https:\/\/www.europesays.com\/no\/wp-json\/wp\/v2\/media\/123601"}],"wp:attachment":[{"href":"https:\/\/www.europesays.com\/no\/wp-json\/wp\/v2\/media?parent=123661"}],"wp:term":[{"taxonomy":"category","embeddable":true,"href":"https:\/\/www.europesays.com\/no\/wp-json\/wp\/v2\/categories?post=123661"},{"taxonomy":"post_tag","embeddable":true,"href":"https:\/\/www.europesays.com\/no\/wp-json\/wp\/v2\/tags?post=123661"}],"curies":[{"name":"wp","href":"https:\/\/api.w.org\/{rel}","templated":true}]}}