{"id":123664,"date":"2025-12-29T10:41:24","date_gmt":"2025-12-29T10:41:24","guid":{"rendered":"https:\/\/www.europesays.com\/no\/123664\/"},"modified":"2025-12-29T10:41:24","modified_gmt":"2025-12-29T10:41:24","slug":"trump-har-allerede-begynt-a-forberede-republikanerne-pa-at-de-kan-miste-flertallet","status":"publish","type":"post","link":"https:\/\/www.europesays.com\/no\/123664\/","title":{"rendered":"\u2013 Trump har allerede begynt \u00e5 forberede Republikanerne p\u00e5 at de kan miste flertallet"},"content":{"rendered":"<p>Professor Hilmar Mjelde ved H\u00f8gskulen p\u00e5 Vestlandet advarer imidlertid mot \u00e5 undervurdere Trump nok en gang. Mellomvalget kan vise seg \u00e5 bli en ny valgthriller.<\/p>\n<p>\u2013 Det er fare for at vi som kommenterer valget beg\u00e5r \u00abgruppetenkning\u00bb. Det er nesten opplest og vedtatt av Demokratene vinner tilbake flertallet i Representantenes hus. Jeg husker imidlertid at \u00aballe\u00bb trodde Republikanerne ville vinne stort i kongressvalget i 2022. Men s\u00e5 gjorde Joe Biden og Demokratene et mye bedre kongressvalg det \u00e5ret enn ventet, minner Mjelde om. Han tror dessuten det er en viss fare for at Demokratene nominerer for radikale kandidater, som blant andre Jasmine Crockett i Texas<\/p>\n<p>\u2013 Det vil bli knallharde h\u00f8ringer og etterforskninger <\/p>\n<p class=\"italic m-italic\" data-lab-italic=\"italic\">\u2013 Hvis Demokratene oppn\u00e5r flertall i Kongressen, vil Trump b\u00f8ye seg for det?<\/p>\n<p>                <img decoding=\"async\" src=\"https:\/\/www.europesays.com\/no\/wp-content\/uploads\/2025\/12\/1132016.webp.jpeg\" width=\"480\" height=\"274\" title=\"Professor Hilmar Mjelde ved H\u00f8gskulen p\u00e5 Vestlandet\" alt=\"\" loading=\"lazy\" style=\"\"\/><\/p>\n<p>\n            Professor Hilmar Mjelde ved H\u00f8gskulen p\u00e5 Vestlandet<br \/>\n            Mauricio Pavez\n        <\/p>\n<p>\u2013 Han har ingen rolle i \u00e5 godkjenne valgresultatet der. Men vinner Demokratene, vil det bli knallharde h\u00f8ringer og etterforskninger av Trump-administrasjonen. Og det kommer han til \u00e5 stritte imot p\u00e5 b\u00e5de innpust og utpust svarer USA-eksperten. Han tror dessuten at Demokratene kan tvinge igjennom en ny rettsprosess mot den sittende presidenten.<\/p>\n<p>\u2013 Det er ogs\u00e5 en viss sjanse for at han blir stilt for riksrett en tredje gang. Men riksrettsordningen er ikke det den var, og fungerer i praksis ikke lenger som en straffereaksjon mot presidenten, fordi ordningen forutsetter samarbeid mellom de to partiene. Og de to partiene samarbeider ikke lenger om noe som helst i Kongressen.<\/p>\n<p>En tredjedel av senatsetene er p\u00e5 valg <\/p>\n<p>Omtrent en tredjedel av senatsetene er p\u00e5 valg i november neste \u00e5r. Republikanerne har 53 seter, og demokratene har 47 seter, s\u00e5 de m\u00e5 plukke opp fire seter for \u00e5 vinne flertall. De m\u00e5 vinne flere konservative stater for \u00e5 f\u00e5 flertall.<\/p>\n<p>\u2013 Demokratene har gode muligheter til \u00e5 vinne i North Carolia og i Maine, og kanskje en ekstra sjanse i Ohio. Likevel ville en veldig god valgnatt for demokratene i overkammeret fresultere i 50-50 i Senatet, med en republikansk visepresident som avgj\u00f8rende tie-breaker, sier Stephen Farnsworth, professor i statsvitenskap ved University of Mary Washington, til <a href=\"https:\/\/www.newsweek.com\/five-senate-seats-most-likely-to-flip-from-republicans-to-democrats-in-2026-11268917\" rel=\"nofollow noopener\" target=\"_blank\">Newsweek.<\/a> Han tror derfor det virker mer sannsynlig at republikanerne beholder flertallet.<\/p>\n<p>\u2013 Utypisk Trump \u00e5 v\u00e6re ydmyk og n\u00f8ktern <\/p>\n<p>Hilmar Mjelde har bitt seg merke i at Trump er mer p\u00e5 defensiven og ikke like skr\u00e5sikker p\u00e5 seier slik han har for vane. De nye tonene kan tyde p\u00e5 at selv Trump har begynt \u00e5 innse at populariteten er dalende.<\/p>\n<p>                <img decoding=\"async\" src=\"https:\/\/www.europesays.com\/no\/wp-content\/uploads\/2025\/12\/1350713.webp.jpeg\" width=\"480\" height=\"274\" title=\"President Donald Trump signerer sitt signaturlovforslag om skattelettelser og utgiftskutt i Det hvite hus, fredag 4. juli 2025, i Washington, omgitt av medlemmer av Kongressen.\" alt=\"\" loading=\"lazy\" style=\"\"\/><\/p>\n<p>\n            President Donald Trump signerer sitt signaturlovforslag om skattelettelser og utgiftskutt i Det hvite hus, fredag 4. juli 2025, i Washington, omgitt av medlemmer av Kongressen.<br \/>\n            Evan Vucci\n        <\/p>\n<p>\u2013 Vi b\u00f8r merke oss at Trump allerede har begynt \u00e5 forberede Republikanerne p\u00e5 at de kan miste flertallet i ett eller begge kongresskamrene. Det er jo utypisk Trump \u00e5 v\u00e6re ydmyk og n\u00f8ktern, s\u00e5 det forteller oss at selv han er innstilt p\u00e5 tap for hans parti, fortrinnsvis i Representantenes hus, forklarer H\u00f8gskule-professoren.<\/p>\n<p>Mange amerikanere sliter med privat\u00f8konomien<\/p>\n<p>I et intervju med <a href=\"https:\/\/www.politico.com\/news\/2025\/12\/27\/trump-to-politico-midterm-elections-will-be-about-pricing-00706877\" rel=\"nofollow noopener\" target=\"_blank\">Politico<\/a> sier Donald Trump at han tror mellomvalget i 2026 vil dreie seg om \u00abprissetting\u00bb, og at han f\u00f8ler seg sikker p\u00e5 at amerikanerne vil v\u00e6re mottakelige for hans \u00f8konomiske budskap:<\/p>\n<p>\u2013 Jeg tror det kommer til \u00e5 handle om landets suksess. Det kommer til \u00e5 handle om prissetting. Fordi, du vet, de ga oss h\u00f8ye priser, og vi reduserer dem. Energiprisene er p\u00e5 vei ned. Bensinprisene er p\u00e5 vei ned.<\/p>\n<p>Meningsm\u00e5linger tyder imidlertid p\u00e5 at mange amerikanere sliter med privat\u00f8konomien. Nesten halvparten oppgir at de synes det er vanskelig \u00e5 ha r\u00e5d til dagligvarer, str\u00f8mregninger, helsetjenester, bolig og transport.<\/p>\n<p>\u2013 Kan til og med vinne flertallet i Senatet <\/p>\n<p class=\"italic m-italic\" data-lab-italic=\"italic\">\u2013 Hvilke saker er det som kan \u00f8delegge mest for GOP og Trump f\u00f8r Mellomvalget?<\/p>\n<p>\u2013 Historikken med at partiet som har presidenten gj\u00f8r det d\u00e5rlig i mellomvalg, Trumps upopularitet p\u00e5 meningsm\u00e5lingene, og at amerikansk \u00f8konomi er i ulage, tilsier et godt valg for Demokratene. De er ventet \u00e5 vinne tilbake flertallet i Representantenes hus, og kan til og med vinne flertallet i Senatet om ting virkelig g\u00e5r veien for de i valget. Men alt i alt m\u00e5 Republikanerne sies \u00e5 v\u00e6re forh\u00e5ndsfavoritt i senatsvalget, fordi de har et st\u00f8rre flertall i Senatet per i dag enn de har i Representantenes hus. De har alts\u00e5 en viss margin der i valget, mener Mjelde.<\/p>\n<p>\u2013 Reell vinnersjanse <\/p>\n<p>I de 435 valgene til Representantenes hus tror USA-eksperte det kanskje bare er 35-45 av disse valgene der begge partiene har reell vinnersjanse.<\/p>\n<p>\u2013 I valget til Representantenes hus betyr ofte partitilh\u00f8righet mer enn den individuelle kandidaten. De er s\u00e5 mange, 435 i alt, s\u00e5 den enkelte forsvinner litt i mengden. De representerer ogs\u00e5 mindre valgkretser inne i delstatene der det ene eller andre partiets velgere ofte er i klart flertall. S\u00e5 det er flere \u00absikre\u00bb seter der det knapt er noen reell konkurranse.<\/p>\n<p>Jevnt i Maine og North Carolina <\/p>\n<p>Republikanernes marginale flertall kan imidlertid ryke ved selv sm\u00e5 justeringer i noen f\u00e5 delstater.<\/p>\n<p>                <img decoding=\"async\" src=\"https:\/\/www.europesays.com\/no\/wp-content\/uploads\/2025\/12\/1350722.webp.jpeg\" width=\"480\" height=\"274\" title=\"Donald Trump ankommer for \u00e5 tale mens familiemedlemmer ser p\u00e5 under et valgkveldsarrangement p\u00e5 Palm Beach Convention Center 6. november 2024 i West Palm Beach, Florida.\" alt=\"\" loading=\"lazy\" style=\"\"\/><\/p>\n<p>\n            Donald Trump ankommer for \u00e5 tale mens familiemedlemmer ser p\u00e5 under et valgkveldsarrangement p\u00e5 Palm Beach Convention Center 6. november 2024 i West Palm Beach, Florida.<br \/>\n            JOE RAEDLE\n        <\/p>\n<p>\u2013 N\u00e5 er imidlertid situasjonen i Representantenes hus at Republikanerne har et veldig knapt flertall. S\u00e5 da kan utfallet i et lite knippe valg avgj\u00f8re hvilket parti som sitter med kontrollen i dette kongresskammeret i neste kongressperiode.<\/p>\n<p class=\"italic m-italic\" data-lab-italic=\"italic\">\u2013 I hvilke stater er spenningen st\u00f8rst, og hvilke kandidater kan skape tr\u00f8bbel for GOP\/Trump?<\/p>\n<p>\u2013 Det er vanligvis senatsvalget det er knyttet st\u00f8rst spenning, til. Der betyr kvaliteten p\u00e5 kandidatene mer, fordi senatorene representerer en mer variert velgermasse, siden de er valgt fra hele delstaten. Det er spesielt stor interesse knyttet til senatsvalgene i Maine og North Carolina, der Demokratene har rekruttert guvern\u00f8rer som kandidater, alts\u00e5 kandidater som allerede har bevist at de kan vinne i de delstatene<\/p>\n<p>\u2013 Et t\u00f8ft senatsrace<\/p>\n<p>Mjelde trekker spesielt frem delstaten Maina som seiler opp som en av de mest spennende thrillerne.<\/p>\n<p>\u2013 Den sittende republikanske senatoren Susan Collins i Maine er dermed ventet \u00e5 f\u00e5 et t\u00f8ft senatsrace, fordi den sittende demokratiske guvern\u00f8ren Janet Mills stiller mot henne, dersom Mills f\u00f8rst vinner Demokratenes nominasjonsvalg. Collins har v\u00e6rt en av USAs mest profilerte senatorer i en \u00e5rrekke, fordi hun er politisk moderat og har ofte v\u00e6rt i politisk vippeposisjon i Senatet n\u00e5r b\u00e5de Trump og Biden kjempet for \u00e5 f\u00e5 flertall for sakene sine der.<\/p>\n<p>\u2013 Ekstrem delstatspolitiker<\/p>\n<p>Selv er han spesielt interessert i senatsvalget i Texas, som han kjenner spesielt godt.<\/p>\n<p>\u2013 Senator John Cornyn har v\u00e6rt senator herfra siden 2002, og st\u00e5r n\u00e5 overfor sitt t\u00f8ffeste gjenvalg. Han er utfordret internt fra en profilert. men ekstrem delstatspolitiker, Ken Paxton. P\u00e5 demokratisk side har akkurat den veldig venstreorienterte kongresspolitikeren Jasmine Crockett annonsert at hun stiller. Hun representer i dag omr\u00e5det rundt Dallas i Representantenes hus, som er et mer liberalt valgdistrikt. Men hun har null sjanse til \u00e5 vinne p\u00e5 tvers av hele Texas, mener Hilmar Mjelde.<\/p>\n","protected":false},"excerpt":{"rendered":"Professor Hilmar Mjelde ved H\u00f8gskulen p\u00e5 Vestlandet advarer imidlertid mot \u00e5 undervurdere Trump nok en gang. Mellomvalget kan&hellip;\n","protected":false},"author":2,"featured_media":123665,"comment_status":"","ping_status":"","sticky":false,"template":"","format":"standard","meta":{"footnotes":""},"categories":[12],"tags":[20,21,24,25,15,22,23,13,30,28,29,14,16,26,27,42,43,44,45],"class_list":{"0":"post-123664","1":"post","2":"type-post","3":"status-publish","4":"format-standard","5":"has-post-thumbnail","7":"category-verden","8":"tag-breaking-news","9":"tag-breakingnews","10":"tag-featured-news","11":"tag-featurednews","12":"tag-headlines","13":"tag-latest-news","14":"tag-latestnews","15":"tag-news","16":"tag-no","17":"tag-norge","18":"tag-norway","19":"tag-nyheter","20":"tag-overskrifter","21":"tag-top-stories","22":"tag-topstories","23":"tag-verden","24":"tag-world","25":"tag-world-news","26":"tag-worldnews"},"share_on_mastodon":{"url":"https:\/\/pubeurope.com\/@no\/115802438652096250","error":""},"_links":{"self":[{"href":"https:\/\/www.europesays.com\/no\/wp-json\/wp\/v2\/posts\/123664","targetHints":{"allow":["GET"]}}],"collection":[{"href":"https:\/\/www.europesays.com\/no\/wp-json\/wp\/v2\/posts"}],"about":[{"href":"https:\/\/www.europesays.com\/no\/wp-json\/wp\/v2\/types\/post"}],"author":[{"embeddable":true,"href":"https:\/\/www.europesays.com\/no\/wp-json\/wp\/v2\/users\/2"}],"replies":[{"embeddable":true,"href":"https:\/\/www.europesays.com\/no\/wp-json\/wp\/v2\/comments?post=123664"}],"version-history":[{"count":0,"href":"https:\/\/www.europesays.com\/no\/wp-json\/wp\/v2\/posts\/123664\/revisions"}],"wp:featuredmedia":[{"embeddable":true,"href":"https:\/\/www.europesays.com\/no\/wp-json\/wp\/v2\/media\/123665"}],"wp:attachment":[{"href":"https:\/\/www.europesays.com\/no\/wp-json\/wp\/v2\/media?parent=123664"}],"wp:term":[{"taxonomy":"category","embeddable":true,"href":"https:\/\/www.europesays.com\/no\/wp-json\/wp\/v2\/categories?post=123664"},{"taxonomy":"post_tag","embeddable":true,"href":"https:\/\/www.europesays.com\/no\/wp-json\/wp\/v2\/tags?post=123664"}],"curies":[{"name":"wp","href":"https:\/\/api.w.org\/{rel}","templated":true}]}}