{"id":123666,"date":"2025-12-29T10:42:14","date_gmt":"2025-12-29T10:42:14","guid":{"rendered":"https:\/\/www.europesays.com\/no\/123666\/"},"modified":"2025-12-29T10:42:14","modified_gmt":"2025-12-29T10:42:14","slug":"sunnfjord-trafikk-glatt-fore-skapte-trafikkuhell-pa-jolstravegen-firda","status":"publish","type":"post","link":"https:\/\/www.europesays.com\/no\/123666\/","title":{"rendered":"Sunnfjord, Trafikk | Glatt f\u00f8re skapte trafikkuhell p\u00e5 J\u00f8lstravegen &#8211; Firda"},"content":{"rendered":"<ol>\n<li><a href=\"https:\/\/news.google.com\/rss\/articles\/CBMiigFBVV95cUxNa1UwRGprajlpNmh5MWhEMlNRdEdubXo5bENwcGRKS0pYT0pyN1NleGRNNXplN1lHU2JWUXR4Z1FiV3AtMEZlWEdkNXUxbzA2ZjBuMTRxUUZFVzQyVGVKc0VDc1hOMTFUaEZKRzhPTVd1dlJsMzZPRURkak5sZmxnRFFJQ21paHp1d0E?oc=5\" target=\"_blank\" rel=\"nofollow noopener\">Sunnfjord, Trafikk | Glatt f\u00f8re skapte trafikkuhell p\u00e5 J\u00f8lstravegen<\/a>&nbsp;&nbsp;Firda<\/li>\n<li><a href=\"https:\/\/news.google.com\/rss\/articles\/CBMibEFVX3lxTE1ISzRmWW9WQVpqWU5pVVYyUkV3SVUyT0JpbFdyakk2TWg4TlUycFV3N0FHVXNzamIzZmlvZC1hU3RrQm1xUUhXX1NUSmwzb2FSNGx5c01jc3lEeFF6NWpWVnlVeThaUWNEQUJ6Zg?oc=5\" target=\"_blank\" rel=\"nofollow noopener\">Bil utfor vegen &#8211; glatt p\u00e5 staden<\/a>&nbsp;&nbsp;fjordabladet.no<\/li>\n<li><a href=\"https:\/\/news.google.com\/rss\/articles\/CBMia0FVX3lxTE1NbzVPMDkzM0E4QkRkWm56MlFxbWc2cFJlckU3MjFCbXNpR0VDNXAxVExWQkZHSFBhM2syREtEU1pFQTJ0eEVSbmphZ1pSY3Q1NmZRbDg2b3RNUVdxSjd6M1d5RHY4TXdWX2Mw?oc=5\" target=\"_blank\" rel=\"nofollow noopener\">Bil har kj\u00f8rt av vegen: &#8211; Det er glatt p\u00e5 stedet<\/a>&nbsp;&nbsp;fjt.no<\/li>\n<li><a href=\"https:\/\/news.google.com\/rss\/articles\/CBMib0FVX3lxTE8wd1dJQmlVSUItMjNuUHA4ci1UMGt5N19BUTVFR2k0YzJ0QTJGVGNiMU1lT0tkbElXcHFFY0poNW16anQ5THNaMG8wSG5sRDhubk1kZmVSQXd5V3JBMnQ4NVplUE93YWtNc0V6cW9jVQ?oc=5\" target=\"_blank\" rel=\"nofollow noopener\">Trafikkuhell \u2013 fleire bilar i gr\u00f8fta<\/a>&nbsp;&nbsp;nyss.no<\/li>\n<li><a href=\"https:\/\/news.google.com\/rss\/articles\/CBMiaEFVX3lxTFBNOGd2UWZWUzFVZy11RHJMeXoxM2h2WmxNMG5YeHdPMUt6YnFRWWlhU09kS3RkNDV4THhiVy03elZmV1lUcGdzVHpnOEtxMzlsazktMXp1b3dSNWFobEtaV0pkdjF6a1hz?oc=5\" target=\"_blank\" rel=\"nofollow noopener\">Trafikk, Transfarelv | Bil av veien ved Rafsnes<\/a>&nbsp;&nbsp;Kronstadposten<\/li>\n<\/ol>\n","protected":false},"excerpt":{"rendered":"Sunnfjord, Trafikk | Glatt f\u00f8re skapte trafikkuhell p\u00e5 J\u00f8lstravegen&nbsp;&nbsp;Firda Bil utfor vegen &#8211; glatt p\u00e5 staden&nbsp;&nbsp;fjordabladet.no Bil har&hellip;\n","protected":false},"author":2,"featured_media":123667,"comment_status":"","ping_status":"","sticky":false,"template":"","format":"standard","meta":{"footnotes":""},"categories":[10],"tags":[20,21,24,25,15,22,23,13,30,28,29,14,16,26,27],"class_list":{"0":"post-123666","1":"post","2":"type-post","3":"status-publish","4":"format-standard","5":"has-post-thumbnail","7":"category-norge","8":"tag-breaking-news","9":"tag-breakingnews","10":"tag-featured-news","11":"tag-featurednews","12":"tag-headlines","13":"tag-latest-news","14":"tag-latestnews","15":"tag-news","16":"tag-no","17":"tag-norge","18":"tag-norway","19":"tag-nyheter","20":"tag-overskrifter","21":"tag-top-stories","22":"tag-topstories"},"share_on_mastodon":{"url":"https:\/\/pubeurope.com\/@no\/115802442554278630","error":""},"_links":{"self":[{"href":"https:\/\/www.europesays.com\/no\/wp-json\/wp\/v2\/posts\/123666","targetHints":{"allow":["GET"]}}],"collection":[{"href":"https:\/\/www.europesays.com\/no\/wp-json\/wp\/v2\/posts"}],"about":[{"href":"https:\/\/www.europesays.com\/no\/wp-json\/wp\/v2\/types\/post"}],"author":[{"embeddable":true,"href":"https:\/\/www.europesays.com\/no\/wp-json\/wp\/v2\/users\/2"}],"replies":[{"embeddable":true,"href":"https:\/\/www.europesays.com\/no\/wp-json\/wp\/v2\/comments?post=123666"}],"version-history":[{"count":0,"href":"https:\/\/www.europesays.com\/no\/wp-json\/wp\/v2\/posts\/123666\/revisions"}],"wp:featuredmedia":[{"embeddable":true,"href":"https:\/\/www.europesays.com\/no\/wp-json\/wp\/v2\/media\/123667"}],"wp:attachment":[{"href":"https:\/\/www.europesays.com\/no\/wp-json\/wp\/v2\/media?parent=123666"}],"wp:term":[{"taxonomy":"category","embeddable":true,"href":"https:\/\/www.europesays.com\/no\/wp-json\/wp\/v2\/categories?post=123666"},{"taxonomy":"post_tag","embeddable":true,"href":"https:\/\/www.europesays.com\/no\/wp-json\/wp\/v2\/tags?post=123666"}],"curies":[{"name":"wp","href":"https:\/\/api.w.org\/{rel}","templated":true}]}}