{"id":123672,"date":"2025-12-29T10:46:22","date_gmt":"2025-12-29T10:46:22","guid":{"rendered":"https:\/\/www.europesays.com\/no\/123672\/"},"modified":"2025-12-29T10:46:22","modified_gmt":"2025-12-29T10:46:22","slug":"ung-musikk-noen-syns-nok-jeg-er-litt-spro-som-tor","status":"publish","type":"post","link":"https:\/\/www.europesays.com\/no\/123672\/","title":{"rendered":"Ung, Musikk | \u2013 Noen syns nok jeg er litt spr\u00f8 som t\u00f8r"},"content":{"rendered":"\n<p>\u00c5sane Tidende ble selvsagt nysgjerrig, og lyttet villig da Toppe-jenten fortalte at hun skulle framf\u00f8re ikke mindre enn 18 verk sammen med et orkester p\u00e5 25 ungdommer mellom 16 og 25 \u00e5r. Alle verkene hadde hun skrevet selv.<\/p>\n<p>\u2013 Jeg tror man m\u00e5 dr\u00f8mme stort, og gj\u00f8re dr\u00f8mmene om til m\u00e5l, sier 22 \u00e5r gamle Lina Toppe n\u00e5r \u00c5sane Tidende treffer henne i \u00c5sane kulturhus bare noen uker f\u00f8r konserten 10. januar.<\/p>\n<p>Relativt ubeskrevne Lina, har jobbet med musikk hele livet. Hun komponerte sitt f\u00f8rste musikkstykke allerede som ni\u00e5ring hjemme i boligen til familien p\u00e5 Toppe og har g\u00e5tt b\u00e5de musikklinjen p\u00e5 Langhaugen og spilt i en rekke band. I tillegg dirigerer hun Sanctus i \u00c5sane menighet.<\/p>\n<p>N\u00e5 tar jenten som mestrer mange instrumenter utdanning ved Griegakademiet, og har studert komposisjon i to \u00e5r.<\/p>\n<p>Og midt i eksamensperioden har hun alts\u00e5 planlagt sin f\u00f8rste store helaftens konsert, der hun har alt ansvaret selv.<\/p>\n<p>\u2013 Ja, det blir min store debut som komponist, og jeg er enormt spent. Men jeg tror man m\u00e5 satse litt stort, og det gj\u00f8r vi virkelig her, sier hun til \u00c5sane Tidende.<\/p>\n<p>Musikerne hun har med seg er talentfulle ungdommer fra b\u00e5de Langhaugen, Griegakademiet og Bergen filharmoniske sitt ungdomsorkester. Lina skal dirigere orkesteret, spille selv og arrangerer alt. I tillegg har hun alts\u00e5 skrevet de 18 stykkene som skal framf\u00f8res.<\/p>\n<p>\u2013 Det er enormt dyktige musikere, mange av dem fra ulike steder i \u00c5sane, som jeg tror kommer til \u00e5 skape en flott opplevelse i storsalen her i kulturhuset. Det jeg har sett og h\u00f8rt p\u00e5 \u00f8vingene v\u00e5re s\u00e5 langt har imponert meg, for orksteret gj\u00f8r noen av verkene bedre enn jeg nesten trodde var mulig, sier Toppe til \u00c5sane Tidende.<\/p>\n<p>Hun forteller at det blir en mix av filmmusikk, jazz, soul, duetter, rock og flere andre sjangre.<\/p>\n<p>\u2013 Jeg tror det blir mektig med det flinke orkesteret og den herlige kultursalen vi har her i \u00c5sane. Jeg gleder meg til \u00e5 f\u00e5 gj\u00f8re det jeg og orkesteret elsker aller mest. S\u00e5 h\u00e5per jeg publikum vil nyte det, slik som vi som st\u00e5r p\u00e5 scenen gj\u00f8r. Mitt h\u00e5p er at folk skal kjenne p\u00e5 noe n\u00e5r de h\u00f8rer musikken v\u00e5r.<\/p>\n<p>\u2013 Hvordan skal du klare \u00e5 fylle kultursalen med 490 plasser?<\/p>\n<p>\u2013 Ja, det er et godt sp\u00f8rsm\u00e5l. Risikoen er jo der, og prosjektet er ikke gratis. Bare \u00e5 leie salen koster en del tusen, sier hun.<\/p>\n<p>Og legger til:<\/p>\n<p>\u2013 Det blir hard jobbing n\u00e5 fram mot l\u00f8rdag 10. januar, hvor jeg m\u00e5 f\u00e5 ut budskapet om konserten og hvor alle vi som er involvert m\u00e5 pr\u00f8ve \u00e5 selge litt billetter selv. Men jeg lover det blir bra for de som velger \u00e5 ta turen, smiler Toppe.<\/p>\n<p>S\u00e5 f\u00e5r vi se hva den smilende og sympatiske \u00e5sanejenten, som skrev Peter og Musejakten da hun gikk p\u00e5 barneskolen, har \u00e5 vise fram i \u00c5sane kulturhus andre l\u00f8rdagen i januar.<\/p>\n<p>\u2013 Jeg gleder meg enorm, smiler hun.<\/p>\n","protected":false},"excerpt":{"rendered":"\u00c5sane Tidende ble selvsagt nysgjerrig, og lyttet villig da Toppe-jenten fortalte at hun skulle framf\u00f8re ikke mindre enn&hellip;\n","protected":false},"author":2,"featured_media":123673,"comment_status":"","ping_status":"","sticky":false,"template":"","format":"standard","meta":{"footnotes":""},"categories":[58],"tags":[36,71,14639,221,30,28,29,1510,72,815],"class_list":{"0":"post-123672","1":"post","2":"type-post","3":"status-publish","4":"format-standard","5":"has-post-thumbnail","7":"category-underholdning","8":"tag-art","9":"tag-entertainment","10":"tag-mjolkeraen","11":"tag-musikk","12":"tag-no","13":"tag-norge","14":"tag-norway","15":"tag-story","16":"tag-underholdning","17":"tag-ung"},"share_on_mastodon":{"url":"https:\/\/pubeurope.com\/@no\/115802458227891862","error":""},"_links":{"self":[{"href":"https:\/\/www.europesays.com\/no\/wp-json\/wp\/v2\/posts\/123672","targetHints":{"allow":["GET"]}}],"collection":[{"href":"https:\/\/www.europesays.com\/no\/wp-json\/wp\/v2\/posts"}],"about":[{"href":"https:\/\/www.europesays.com\/no\/wp-json\/wp\/v2\/types\/post"}],"author":[{"embeddable":true,"href":"https:\/\/www.europesays.com\/no\/wp-json\/wp\/v2\/users\/2"}],"replies":[{"embeddable":true,"href":"https:\/\/www.europesays.com\/no\/wp-json\/wp\/v2\/comments?post=123672"}],"version-history":[{"count":0,"href":"https:\/\/www.europesays.com\/no\/wp-json\/wp\/v2\/posts\/123672\/revisions"}],"wp:featuredmedia":[{"embeddable":true,"href":"https:\/\/www.europesays.com\/no\/wp-json\/wp\/v2\/media\/123673"}],"wp:attachment":[{"href":"https:\/\/www.europesays.com\/no\/wp-json\/wp\/v2\/media?parent=123672"}],"wp:term":[{"taxonomy":"category","embeddable":true,"href":"https:\/\/www.europesays.com\/no\/wp-json\/wp\/v2\/categories?post=123672"},{"taxonomy":"post_tag","embeddable":true,"href":"https:\/\/www.europesays.com\/no\/wp-json\/wp\/v2\/tags?post=123672"}],"curies":[{"name":"wp","href":"https:\/\/api.w.org\/{rel}","templated":true}]}}