{"id":123684,"date":"2025-12-29T10:56:09","date_gmt":"2025-12-29T10:56:09","guid":{"rendered":"https:\/\/www.europesays.com\/no\/123684\/"},"modified":"2025-12-29T10:56:09","modified_gmt":"2025-12-29T10:56:09","slug":"her-er-noen-av-moteoyeblikkene-vi-husker-best-fra-2025-2","status":"publish","type":"post","link":"https:\/\/www.europesays.com\/no\/123684\/","title":{"rendered":"Her er noen av mote\u00f8yeblikkene vi husker best fra 2025"},"content":{"rendered":"<p>N\u00e5r et nytt \u00e5r n\u00e6rmer seg slutten, er det p\u00e5 sin plass \u00e5 se tilbake p\u00e5 det som har v\u00e6rt i form av\u00a0kavalkader og oppsummeringer &#8211; ogs\u00e5 innenfor mote.<\/p>\n<p>Se og H\u00f8r har derfor f\u00e5tt med seg stylist og <a href=\"https:\/\/www.seher.no\/kjendis\/dette-er-ikke-greit-pa-julebord\/83945868\" rel=\"nofollow noopener\" target=\"_blank\">moteekspert Marianne Jemteg\u00e5rd<\/a>\u00a0for \u00e5 se tilbake p\u00e5 \u00e5ret 2025 med motebrillene p\u00e5.<\/p>\n<p class=\"font-weight-bold m-font-weight-bold\" data-lab-font_weight=\"font-weight-bold\">&#8211; Mar-a-Lago face, som fenomen. Har du f\u00e5tt med deg det? er bortimot det f\u00f8rste Jemteg\u00e5rd sier n\u00e5r vi sl\u00e5r p\u00e5 tr\u00e5den til henne.\u00a0<\/p>\n<p>        <img loading=\"lazy\" decoding=\"async\" src=\"https:\/\/www.europesays.com\/no\/wp-content\/uploads\/2025\/12\/84029833.webp.webp\" width=\"667\" height=\"741\" title=\"MOTEMIMRING: Stylist og moteekspert for \u00abGod morgen Norge\u00bb, Marianne Jemteg\u00e5rd, ser tilbake p\u00e5 2025 med motebrillene p\u00e5 sammen med Dagbladet. Foto: Anika Temple\" alt=\"\" class=\"\" style=\"--aspect-ratio-image: 0.90; \"\/><\/p>\n<p>\n        MOTEMIMRING: Stylist og moteekspert for \u00abGod morgen Norge\u00bb, Marianne Jemteg\u00e5rd, ser tilbake p\u00e5 2025 med motebrillene p\u00e5 sammen med Dagbladet. Foto: Anika Temple\n    <\/p>\n<p>I november beskrev\u00a0<a href=\"https:\/\/www.theguardian.com\/society\/2025\/nov\/18\/mar-a-lago-face-plastic-surgery\" rel=\"nofollow noopener\" target=\"_blank\">The Guardian<\/a>\u00a0\u00abMar-a-Lago-ansikt\u00bb som \u00abde merkelig glatte og kunstig fyldige ansiktstrekkene\u00bb man ser hos\u00a0\u00abMAGA\u00bb-eliten, og trakk fram <a href=\"https:\/\/www.seher.no\/kjendis\/brudd-for-trump-sonn\/82369576\" rel=\"nofollow noopener\" target=\"_blank\">Kimberly Guilfoyle (56)<\/a>, <a href=\"https:\/\/www.seher.no\/kjendis\/dette-er-vilt\/83014030\" rel=\"nofollow noopener\" target=\"_blank\">Laura Loomer (32)<\/a>\u00a0og Matt Gaetz (42)\u00a0blant eksemplene.\u00a0<\/p>\n<p>        <img loading=\"lazy\" decoding=\"async\" src=\"https:\/\/www.europesays.com\/no\/wp-content\/uploads\/2025\/12\/84017465.webp.webp\" width=\"667\" height=\"461\" title=\"TREND-FJES: Kimberly Guilfoyle er for tida USAs ambassad\u00f8r til Hellas og har tidligere v\u00e6rt forlovet med Donald Trump Jr. Flere medier har referert til \u00ablooken\u00bb hennes som et eksempel p\u00e5 \u00abMar-a-Lago-ansikt\u00bb. Foto: Aris Messinis\/ AFP\/ NTB\" alt=\"\" class=\"\" style=\"--aspect-ratio-image: 1.45; \"\/><\/p>\n<p>\n        TREND-FJES: Kimberly Guilfoyle er for tida USAs ambassad\u00f8r til Hellas og har tidligere v\u00e6rt forlovet med Donald Trump Jr. Flere medier har referert til \u00ablooken\u00bb hennes som et eksempel p\u00e5 \u00abMar-a-Lago-ansikt\u00bb. Foto: Aris Messinis\/ AFP\/ NTB\n    <\/p>\n<p>\u00abBarbie goes to work\u00bb\t<\/p>\n<p>&#8211; Dette var jo den store hypen p\u00e5 sosiale medier, Tiktok og Instagram, i siste halvdel av 2025; Republican makeover:\u00a0Hvordan f\u00e5 stilen til alle disse republikanerdamene? sier Jemteg\u00e5rd, og fortsetter:<\/p>\n<p>&#8211; Da er det alt fra at man viser hvordan man f\u00e5r makeup-looken\u00a0\u00a0med kakete foundation, masse bronzer\u00a0, sykt mye falske \u00f8yevipper, og selvf\u00f8lgelig gjerne hyperbleket h\u00e5r som er dritblondt. Ogs\u00e5 har jo plastiske kirurger g\u00e5tt ut for \u00e5 fortelle hvordan man f\u00e5r denne Mar-a-Lago-looken: Det er litt for mye lepper, litt for mye fillers, det er litt for mye av alt.\u00a0<\/p>\n<p>    <a itemprop=\"url\" href=\"https:\/\/www.seher.no\/kjendis\/stjal-showet-pa-gallamiddag\/83875144\" rel=\"nofollow noopener\" target=\"_blank\"><\/p>\n<p>        <img loading=\"lazy\" decoding=\"async\" src=\"https:\/\/www.europesays.com\/no\/wp-content\/uploads\/2025\/12\/83874794.webp.webp\" width=\"980\" height=\"441\" title=\"Kveldens store snakkis: - En gest\" alt=\"\" class=\"lazyload\" style=\"--aspect-ratio-image: 2.22; \"\/><\/p>\n<p>        Kveldens store snakkis: &#8211; En gest<\/p>\n<p>    <\/a><\/p>\n<p>I h\u00f8st fortalte plastikkirurgen Troy Pittman til nyhetsnettstedet\u00a0<a href=\"https:\/\/www.axios.com\/local\/washington-dc\/2025\/11\/10\/plastic-surgeons-dc-mar-a-lago-face-trump-insiders\" rel=\"nofollow noopener\" target=\"_blank\">Axios<\/a>\u00a0at han siden januar &#8211; da Trump-administrasjonen flyttet inn i Det hvite hus &#8211; har sett en endring i hva kundene hans i Washington D.C. er ute etter: I motsetning til tidligere vil kundene n\u00e5 at det skal v\u00e6re \u00e5penbart at de har fikset p\u00e5 utseendet.<\/p>\n<p>        <img loading=\"lazy\" decoding=\"async\" src=\"https:\/\/www.europesays.com\/no\/wp-content\/uploads\/2025\/12\/84027237.webp.webp\" width=\"667\" height=\"514\" title=\"TREKKES FRAM: Donald Trump-svigerdatter Lara Trump trekkes fram blant eksemplene p\u00e5 Mar-a-Lago face av deriblant The Hollywood Reporter. Foto: Charles Sykes\/ Invision\/ AP\/ NTB\" alt=\"\" class=\"\" style=\"--aspect-ratio-image: 1.30; \"\/><\/p>\n<p>\n        TREKKES FRAM: Donald Trump-svigerdatter Lara Trump trekkes fram blant eksemplene p\u00e5 Mar-a-Lago face av deriblant The Hollywood Reporter. Foto: Charles Sykes\/ Invision\/ AP\/ NTB\n    <\/p>\n<p>&#8211; Det har blitt et overfeminisert bilde p\u00e5 \u00abkvinnen\u00bb, mener Jemteg\u00e5rd, og utdyper:<\/p>\n<p>&#8211; Det henger vel sammen med anti-abort, mer \u00abtilbake til kj\u00f8kkenbenken\u00bb, tradisjonelle kvinnelige verdier og en ultrafeminin, blond karriere-Barbie, i s\u00e5 fall: Hvis du f\u00f8rst skal ha en jobb, s\u00e5 skal det v\u00e6re litt s\u00e5nn\u00a0\u00abBarbie goes to work\u00bb med matchende, todelt drakt med skj\u00f8rt.<\/p>\n<p>    <a itemprop=\"url\" href=\"https:\/\/www.seher.no\/kjendis\/venter-sitt-andre-barn\/84029529\" rel=\"nofollow noopener\" target=\"_blank\"><\/p>\n<p>        <img loading=\"lazy\" decoding=\"async\" src=\"https:\/\/www.europesays.com\/no\/wp-content\/uploads\/2025\/12\/84029533.webp.webp\" width=\"147\" height=\"98\" title=\"Venter sitt andre barn\" alt=\"\" class=\"lazyload\" style=\"--aspect-ratio-image: 1.50; \"\/><\/p>\n<p>        Venter sitt andre barn<\/p>\n<p>    <\/a><\/p>\n<p>Nakenhet til nytt niv\u00e5\t<\/p>\n<p>I starten av februar\u00a0sjokkerte kona til Kanye West (48), den australske arkitekten Bianca Censori (30), da hun dukket opp p\u00e5 Grammy Awards i en <a href=\"https:\/\/www.seher.no\/kjendis\/sjokkerte-med-nakenstunt\/82618939\" rel=\"nofollow noopener\" target=\"_blank\">fullstendig gjennomsiktig kjole<\/a>.\u00a0<\/p>\n<p>&#8211; Man tenkte kanskje at 2025 var \u00e5ret hvor vi var litt mettet p\u00e5 nakenkjoler, naken hud p\u00e5 catwalken og den r\u00f8de l\u00f8peren. Og at etter Bianca Censoris barely there- eller not there at all-antrekk, s\u00e5 g\u00e5r det ikke an \u00e5 dra det lenger, oppsummerer Jemteg\u00e5rd, og fortsetter:<\/p>\n<p>        Kronprinsessen \u00e5pner opp i NRK-programmet \u00ab\u00c5ret med kongefamilien\u00bb. Video: NRK. Reporter: Mariel Sand Nwosu\/Dagbladet TV<\/p>\n<p class=\"font-weight-bold m-font-weight-bold\" data-lab-font_weight=\"font-weight-bold\">&#8211; Men \u00e5 da kj\u00f8re Mugler-visning med kjoler hengende i brystvortepiercinger, da drar du det til et nytt niv\u00e5 igjen!\u00a0S\u00e5 vi var visst ikke ferdig med det.<\/p>\n<p>Moteeksperten henviser til portugisiske Miguel Castro Freitas&#8217; debutkolleksjon for det kjente franske motehuset Mugler, som ble vist under moteuka i Paris i oktober. Med tittelen Stardust Aphrodite inneholdt kolleksjonen deriblant kjoler i gjennomskinnelig stoff dekorert med s\u00f8lvfargede stjerner &#8211; hvorav den ene varianten alts\u00e5 hang fra brystvortene framfor skuldrene.<\/p>\n<p>        <img loading=\"lazy\" decoding=\"async\" src=\"https:\/\/www.europesays.com\/no\/wp-content\/uploads\/2025\/12\/84027706.webp.webp\" width=\"667\" height=\"948\" title=\"OVERRASKET: Miguel Castro Freitas' Mugler-debut ble deriblant beskrevet som mer voksen og raffinert enn forgjengeren Casey Cadwalladers mer sexy kolleksjoner, men visningen inneholdt ogs\u00e5 elementer som var litt p\u00e5 kanten - som denne uvanlige \u00abnakenkjolen\u00bb. Foto: Pixelformula\/ SIPA\/ Shutterstock\/ NTB\" alt=\"\" class=\"\" style=\"--aspect-ratio-image: 0.70; \"\/><\/p>\n<p>\n        OVERRASKET: Miguel Castro Freitas&#8217; Mugler-debut ble deriblant beskrevet som mer voksen og raffinert enn forgjengeren Casey Cadwalladers mer sexy kolleksjoner, men visningen inneholdt ogs\u00e5 elementer som var litt p\u00e5 kanten &#8211; som denne uvanlige \u00abnakenkjolen\u00bb. Foto: Pixelformula\/ SIPA\/ Shutterstock\/ NTB\n    <\/p>\n<p>&#8211; En h\u00e5rete, klumpete sak\t<\/p>\n<p class=\"font-weight-normal m-font-weight-normal\" data-lab-font_weight=\"font-weight-normal\">N\u00e5r man f\u00f8rst er innom debutkolleksjoner p\u00e5 den franske moteuka og nevnte nakenhet, s\u00e5 kommer man ikke utenom nederlandske Duran Lantinks visning for Jean Paul Gaultier i Paris i oktober.<\/p>\n<p>Lantink skapte for \u00f8vrig f\u00f8rst reaksjoner i \u00e5ret som har g\u00e5tt da han i starten av mars viste fram duvende, kvinnelige brystproteser &#8211; p\u00e5 en mannlig modell &#8211; for sitt eget, selvtitulerte merke.<\/p>\n<p>        SJOKK: Fansen til supermodellen Kate Moss uttrykker stor bekymring over oppf\u00f8rselen hennes under moteuken i Paris. Video: TikTok\/ Jessica Maria Szymanska\/ R\u00f8d L\u00f8per<\/p>\n<p>F\u00e5 uker seinere ble det kjent at Lantink var plukket ut som det ikoniske motehusets f\u00f8rste faste kreative leder siden Gaultier (73) selv trakk seg tilbake i 2020. Og i oktober viste han alts\u00e5 fram sin f\u00f8rste Jean Paul Gaultier-kolleksjon, som naturligvis <a href=\"https:\/\/www.seher.no\/kjendis\/sjokkerte-med-naken-modeller\/83688061\" rel=\"nofollow noopener\" target=\"_blank\">ogs\u00e5 skapte overskrifter<\/a>; b\u00e5de mannlige og kvinnelige modeller dukket opp i plagg utstyrt med trykk av nakne, h\u00e5rete mannskropper.\u00a0<\/p>\n<p>        <img loading=\"lazy\" decoding=\"async\" src=\"https:\/\/www.europesays.com\/no\/wp-content\/uploads\/2025\/12\/84028777.webp.webp\" width=\"667\" height=\"901\" title=\"I NETTOEN, LIKSOM: En mannlig modell var tilsynelatende helt naken samtidig som han var tildekket fra hals til ankler under Duran Lantinks Jean Paul Gaultier-debut h\u00f8sten 2025. Foto: Yannis Vlamos\/ SIPA\/ Shutterstock\/ NTB\" alt=\"\" class=\"\" style=\"--aspect-ratio-image: 0.74; \"\/><\/p>\n<p>\n        I NETTOEN, LIKSOM: En mannlig modell var tilsynelatende helt naken samtidig som han var tildekket fra hals til ankler under Duran Lantinks Jean Paul Gaultier-debut h\u00f8sten 2025. Foto: Yannis Vlamos\/ SIPA\/ Shutterstock\/ NTB\n    <\/p>\n<p>        <img loading=\"lazy\" decoding=\"async\" src=\"https:\/\/www.europesays.com\/no\/wp-content\/uploads\/2025\/12\/84028779.webp.webp\" width=\"667\" height=\"554\" title=\"EN ANNEN VRI: En BH-lignende topp dekorert med et mannlig brystparti ble vist sammen med et skj\u00f8rt med et slags matchende korsett. Foto: Yannis Vlamos\/ SIPA\/ Shutterstock\/ NTB\" alt=\"\" class=\"\" style=\"--aspect-ratio-image: 1.20; \"\/><\/p>\n<p>\n        EN ANNEN VRI: En BH-lignende topp dekorert med et mannlig brystparti ble vist sammen med et skj\u00f8rt med et slags matchende korsett. Foto: Yannis Vlamos\/ SIPA\/ Shutterstock\/ NTB\n    <\/p>\n<p>        <img loading=\"lazy\" decoding=\"async\" src=\"https:\/\/www.europesays.com\/no\/wp-content\/uploads\/2025\/12\/84028781.webp.webp\" width=\"667\" height=\"948\" title=\"LEKENT: I sin debutkolleksjon for Jean Paul Gaultier lekte Duran Lantink med deriblant optiske illusjoner og tradisjonelle kj\u00f8nnsnormer. Foto: Splash News\/ NTB\" alt=\"\" class=\"\" style=\"--aspect-ratio-image: 0.70; \"\/><\/p>\n<p>\n        LEKENT: I sin debutkolleksjon for Jean Paul Gaultier lekte Duran Lantink med deriblant optiske illusjoner og tradisjonelle kj\u00f8nnsnormer. Foto: Splash News\/ NTB\n    <\/p>\n<p>&#8211; Man har kanskje sett en mer kunstnerisk, litt mer spennende og surrealistisk tiln\u00e6rming til menneskekroppen og det \u00e5 vise hud i fashion. P\u00e5 Gaultier-visningen ogs\u00e5; at arvtageren henter opp s\u00e5pass mye av denne illusjonsm\u00e5ten \u00e5 kle seg p\u00e5, som Jean Paul Gaultier mestret til det fulle da han selv var aktiv, sier Jemteg\u00e5rd, og tilf\u00f8yer:<\/p>\n<p>    <a itemprop=\"url\" href=\"https:\/\/www.seher.no\/kjendis\/fotballens-mest-vagale\/83853853\" rel=\"nofollow noopener\" target=\"_blank\"><\/p>\n<p>        <img loading=\"lazy\" decoding=\"async\" src=\"https:\/\/www.europesays.com\/no\/wp-content\/uploads\/2025\/12\/83853583.webp.webp\" width=\"980\" height=\"441\" title=\"- Fotballens mest v\u00e5gale\" alt=\"\" class=\"lazyload\" style=\"--aspect-ratio-image: 2.22; \"\/><\/p>\n<p>        &#8211; Fotballens mest v\u00e5gale<\/p>\n<p>    <\/a><\/p>\n<p>&#8211; Det blir en optisk illusjon rundt menneskekroppen som en slags h\u00e5rete, klumpete sak. Det er veldig effektfullt, og jeg er sikker p\u00e5 at Gaultier selv satt p\u00e5 f\u00f8rste rad under showet og frydet seg da han s\u00e5 det. Det er ikke nakenhet laget for \u00e5 pirre eller gj\u00f8re deg tent. Dette er nakenhet som f\u00e5r deg til \u00e5 tenke og som f\u00e5r deg til \u00e5 stille sp\u00f8rsm\u00e5l.<\/p>\n<p>        <img loading=\"lazy\" decoding=\"async\" src=\"https:\/\/www.europesays.com\/no\/wp-content\/uploads\/2025\/12\/84028811.webp.webp\" width=\"667\" height=\"968\" title=\"INSPIRASJON: Duran Lantink har dykket ned i Gaultier-arkivene f\u00f8r sin debutvisning for motehuset. Her sees en kreasjon fra Jean Paul Gaultier-visningen under moteuka i Paris v\u00e5ren 2004. Foto: REX\/ NTB\" alt=\"\" class=\"\" style=\"--aspect-ratio-image: 0.69; \"\/><\/p>\n<p>\n        INSPIRASJON: Duran Lantink har dykket ned i Gaultier-arkivene f\u00f8r sin debutvisning for motehuset. Her sees en kreasjon fra Jean Paul Gaultier-visningen under moteuka i Paris v\u00e5ren 2004. Foto: REX\/ NTB\n    <\/p>\n<p>Hyllet for BDSM-vri\t<\/p>\n<p>De par siste \u00e5ra har s\u00e5kalt\u00a0method dressing\u00a0&#8211; \u00e5 kle seg som om man spiller en rolle, inspirert av en bestemt karakter eller film &#8211; virkelig blitt et fenomen p\u00e5 r\u00f8d l\u00f8per.\u00a0<\/p>\n<p>Margot Robbie (35) og\u00a0stylisten Andrew Mukamal\u00a0gjorde henne til en slags levende mote-Barbie under presseturn\u00e9en for filmen med samme navn i 2023, og\u00a0<a href=\"https:\/\/www.seher.no\/kjendis\/superstjernen-skaper-overskrifter\/82107476\" rel=\"nofollow noopener\" target=\"_blank\">Zendaya (29) og hennes stylist Law Roach kj\u00f8rte p\u00e5<\/a>\u00a0med\u00a0method dressing\u00a0under promoteringen av filmer som\u00a0\u00abChallengers\u00bb og\u00a0\u00abDune: Part Two\u00bb i 2024. Mens Ariana Grande (32) og Cynthia Erivo (38) har v\u00e6rt inspirert av sine respektive\u00a0\u00abWicked\u00bb-rollefigurer p\u00e5 diverse r\u00f8de l\u00f8pere i b\u00e5de 2024 og 2025.\u00a0<\/p>\n<p>        <img loading=\"lazy\" decoding=\"async\" src=\"https:\/\/www.europesays.com\/no\/wp-content\/uploads\/2025\/12\/84029515.webp.webp\" width=\"559\" height=\"632\" title=\"STJERNEDUO: Cynthia Erivo og Ariana Grande i rollefigur-inspirerte antrekk p\u00e5 \u00abWicked: For Good\u00bb-premieren i New York i november. Foto: Thunder Kick Photos\/ SplashNews\/ NTB\" alt=\"\" class=\"\" style=\"--aspect-ratio-image: 0.88; \"\/><\/p>\n<p>\n        STJERNEDUO: Cynthia Erivo og Ariana Grande i rollefigur-inspirerte antrekk p\u00e5 \u00abWicked: For Good\u00bb-premieren i New York i november. Foto: Thunder Kick Photos\/ SplashNews\/ NTB\n    <\/p>\n<p class=\"font-weight-bold m-font-weight-bold\" data-lab-font_weight=\"font-weight-bold\">Allerede v\u00e5ren 2024 meldte motemagasinet <a href=\"https:\/\/www.vogue.com\/article\/enough-with-the-method-dressing\" rel=\"nofollow noopener\" target=\"_blank\">Vogue<\/a>\u00a0at method dressing offisielt var oppbrukt og utdatert, men Alexander Skarsg\u00e5rd (49) og stylist Harry Lambert s\u00f8rget likevel for \u00e5 skape overskrifter med sin vri p\u00e5 fenomenet i 2025.<\/p>\n<p>        <img loading=\"lazy\" decoding=\"async\" src=\"https:\/\/www.europesays.com\/no\/wp-content\/uploads\/2025\/12\/84029477.webp.webp\" width=\"667\" height=\"961\" title=\"SE OG L\u00c6R: Alexander Skarsg\u00e5rd var til stede p\u00e5 filmfestivalen i Cannes i mai for \u00e5 promotere \u00abPillion\u00bb, og tok ogs\u00e5 med seg BDSM-inspirasjonen til den r\u00f8de l\u00f8peren - her if\u00f8rt dress og l\u00e5rh\u00f8ye l\u00e6rst\u00f8vler fra Saint Laurent. Foto: Sameer Al-Doumy\/ AFP\/ NTB\" alt=\"\" class=\"\" style=\"--aspect-ratio-image: 0.69; \"\/><\/p>\n<p>\n        SE OG L\u00c6R: Alexander Skarsg\u00e5rd var til stede p\u00e5 filmfestivalen i Cannes i mai for \u00e5 promotere \u00abPillion\u00bb, og tok ogs\u00e5 med seg BDSM-inspirasjonen til den r\u00f8de l\u00f8peren &#8211; her if\u00f8rt dress og l\u00e5rh\u00f8ye l\u00e6rst\u00f8vler fra Saint Laurent. Foto: Sameer Al-Doumy\/ AFP\/ NTB\n    <\/p>\n<p>Svensken har promotert den romantiske dramakomedien\u00a0\u00abPillion\u00bb, der hans rollefigur &#8211; den g\u00e5tefulle bikeren Ray &#8211; innleder et BDSM-forhold med den sjenerte, yngre mannen Colin. Og <a href=\"https:\/\/www.seher.no\/kjendis\/antrekket-skaper-reaksjoner\/83745523\" rel=\"nofollow noopener\" target=\"_blank\">antrekkene hans er blitt hyllet<\/a> av blant annet <a href=\"https:\/\/www.vogue.com\/article\/alexander-skarsgard-graphic-t-shirts\" rel=\"nofollow noopener\" target=\"_blank\">Vogue<\/a> og kjendisstylist Jan Thomas.<\/p>\n<p>        <img loading=\"lazy\" decoding=\"async\" src=\"https:\/\/www.europesays.com\/no\/wp-content\/uploads\/2025\/12\/84029495.webp.webp\" width=\"667\" height=\"941\" title=\"BLE HYLLET: Deriblant Alexander Skarsg\u00e5rds antrekk p\u00e5 \u00abPillion\u00bb-premieren i London, fra franske Ludovic de Saint Sernin, fikk mye skryt. Her p\u00e5 r\u00f8d l\u00f8per med motspiller Harry Melling (t.v.). Foto: James Veysey\/ Shutterstock\/ NTB\" alt=\"\" class=\"\" style=\"--aspect-ratio-image: 0.71; \"\/><\/p>\n<p>\n        BLE HYLLET: Deriblant Alexander Skarsg\u00e5rds antrekk p\u00e5 \u00abPillion\u00bb-premieren i London, fra franske Ludovic de Saint Sernin, fikk mye skryt. Her p\u00e5 r\u00f8d l\u00f8per med motspiller Harry Melling (t.v.). Foto: James Veysey\/ Shutterstock\/ NTB\n    <\/p>\n<p>&#8211; Han kommer unna med alt sammen! En garderobe som en gay bl\u00e5film fra 70-tallet nesten ikke ville sluppet unna med selv, liksom. D\u00e9t fungerer p\u00e5 Alexander Skarsg\u00e5rd. Ogs\u00e5 er det kanskje ogs\u00e5 et tegn i tiden, det at man leker seg litt mer med gay\/straight-stereotyper. At man fl\u00f8rter mer med seksualitet og ulike seksuelle legninger og ikke er s\u00e5 redd for \u00e5 f\u00e5 litt andre merkelapper p\u00e5 seg, oppsummerer Jemteg\u00e5rd til Dagbladet.<\/p>\n<p>        <img loading=\"lazy\" decoding=\"async\" src=\"https:\/\/www.europesays.com\/no\/wp-content\/uploads\/2025\/12\/84029504.webp.webp\" width=\"667\" height=\"988\" title=\"GJENNOMF\u00d8RT: Alexander Skarsg\u00e5rd fotografert under filmfestivalen i Cannes if\u00f8rt skinnbukser og biker boots fra Loewe, samt vintage t-skjorte med BDSM-inspirert trykk fra butikken Jerks i London. Foto: Miguel Medina\/ AFP\/ NTB\" alt=\"\" class=\"\" style=\"--aspect-ratio-image: 0.68; \"\/><\/p>\n<p>\n        GJENNOMF\u00d8RT: Alexander Skarsg\u00e5rd fotografert under filmfestivalen i Cannes if\u00f8rt skinnbukser og biker boots fra Loewe, samt vintage t-skjorte med BDSM-inspirert trykk fra butikken Jerks i London. Foto: Miguel Medina\/ AFP\/ NTB\n    <\/p>\n<p>Oppbrukt truse?\t<\/p>\n<p>Apropos method dressing, s\u00e5 mener Jemteg\u00e5rd at Margot Robbie har m\u00e5ttet jobbe en del for \u00e5 fjerne seg fra\u00a0\u00abBarbie\u00bb-universet og dets rosa, relativt sukkers\u00f8te image de par siste \u00e5ra.<\/p>\n<p>&#8211; Det var kanskje f\u00f8rst i \u00e5r at hun virkelig fikk kastet Barbies garderobe lengst inn i klesskapet da hun stilte opp i sin nakenkjole ogs\u00e5, som er mange steg vekk fra den. Jeg m\u00e5 innr\u00f8mme at jeg savner antrekkene fra \u00abBarbie\u00bb-presseturn\u00e9en hennes, som jeg kanskje syns var hakket lekrere, sier stylisten og moteeksperten.<\/p>\n<p>        <img loading=\"lazy\" decoding=\"async\" src=\"https:\/\/www.europesays.com\/no\/wp-content\/uploads\/2025\/12\/84029823.webp.webp\" width=\"559\" height=\"694\" title=\"DEN GANG DA: \u00abBarbie\u00bb-stjernene Ryan Gosling og Margot Robbie i matchende, pastellfargede antrekk p\u00e5 filmens premiere i London i 2023. Foto: Ian West\/ Pa Photos\/ NTB\" alt=\"\" class=\"\" style=\"--aspect-ratio-image: 0.81; \"\/><\/p>\n<p>\n        DEN GANG DA: \u00abBarbie\u00bb-stjernene Ryan Gosling og Margot Robbie i matchende, pastellfargede antrekk p\u00e5 filmens premiere i London i 2023. Foto: Ian West\/ Pa Photos\/ NTB\n    <\/p>\n<p class=\"font-weight-bold m-font-weight-bold\" data-lab-font_weight=\"font-weight-bold\">I september troppet nemlig Robbie opp p\u00e5\u00a0\u00abA Big Bold Beautiful Journey\u00bb-premieren i London i en intrikat brodert gjennomskinnelig kjole fra Armani Priv\u00e9, tilsynelatende med kun en metallisk g-streng under.<\/p>\n<p>        <img loading=\"lazy\" decoding=\"async\" src=\"https:\/\/www.europesays.com\/no\/wp-content\/uploads\/2025\/12\/84029636.webp.webp\" width=\"667\" height=\"621\" title=\"MATCHET: Under den broderte couture-kjolen var Robbie tilsynelatende if\u00f8rt en matchende, metallisk g-streng. Foto: Scott A. Garfitt\/ Invision\/ AP\/ NTB\" alt=\"\" class=\"\" style=\"--aspect-ratio-image: 1.07; \"\/><\/p>\n<p>\n        MATCHET: Under den broderte couture-kjolen var Robbie tilsynelatende if\u00f8rt en matchende, metallisk g-streng. Foto: Scott A. Garfitt\/ Invision\/ AP\/ NTB\n    <\/p>\n<p>        <img loading=\"lazy\" decoding=\"async\" src=\"https:\/\/www.europesays.com\/no\/wp-content\/uploads\/2025\/12\/84029640.webp.webp\" width=\"667\" height=\"961\" title=\"OVERRASKET: Margot Robbie har ikke hatt for vane \u00e5 dukke opp i \u00abnakenkjoler\u00bb, men i denne varianten fra Armani Priv\u00e9 gjorde hun et unntak. Foto: Scott A. Garfitt\/ Invision\/ AP\/ NTB\" alt=\"\" class=\"\" style=\"--aspect-ratio-image: 0.69; \"\/><\/p>\n<p>\n        OVERRASKET: Margot Robbie har ikke hatt for vane \u00e5 dukke opp i \u00abnakenkjoler\u00bb, men i denne varianten fra Armani Priv\u00e9 gjorde hun et unntak. Foto: Scott A. Garfitt\/ Invision\/ AP\/ NTB\n    <\/p>\n<p>Magasinet\u00a0<a href=\"https:\/\/graziadaily.co.uk\/fashion\/trends\/fashion-moments-that-defined-2025\/\" rel=\"nofollow noopener\" target=\"_blank\">Grazia<\/a>\u00a0mener at antrekket er blant 2025s \u00abuforglemmelige\u00bb og \u00abdefinerende\u00bb mote\u00f8yeblikk, men Jemteg\u00e5rd er ikke like overbevist. Hun setter det i tilsvarende b\u00e5s som antrekket Hailey Bieber (29) var if\u00f8rt p\u00e5 GQ Men Of The Year i L.A. i november, der kleskoden var \u00ab\u201990s Hollywood Red Carpet\u00bb:<\/p>\n<p>        <img loading=\"lazy\" decoding=\"async\" src=\"https:\/\/www.europesays.com\/no\/wp-content\/uploads\/2025\/12\/84029690.webp.webp\" width=\"667\" height=\"1028\" title=\"90-TALLS: Hailey Bieber stilte p\u00e5 r\u00f8d l\u00f8per med eksponert g-streng under Met-gallaen i 2019, og p\u00e5 GQ Men Of The Year i L.A. i november 2025. Foto: John Salangsang\/ Shutterstock\/ NTB\" alt=\"\" class=\"\" style=\"--aspect-ratio-image: 0.65; \"\/><\/p>\n<p>\n        90-TALLS: Hailey Bieber stilte p\u00e5 r\u00f8d l\u00f8per med eksponert g-streng under Met-gallaen i 2019, og p\u00e5 GQ Men Of The Year i L.A. i november 2025. Foto: John Salangsang\/ Shutterstock\/ NTB\n    <\/p>\n<p>&#8211; Der var jo Hailey Bieber i litt den samme tingen med en slags relansering av Tom Fords ikoniske Gucci-kjoler med eksponert g-streng. Det var en god del krystallbefengte g-strenger og\u00a0eksponerte truser p\u00e5 den r\u00f8de l\u00f8peren, men det f\u00f8ltes verken kontroversielt eller som et friskt pust lenger. Vi har sett s\u00e5 mye av det, s\u00e5 jeg h\u00e5per at 2026 kan by p\u00e5 litt andre, mer spennende tanker n\u00e5r det kommer til mote p\u00e5 den r\u00f8de l\u00f8peren, uttrykker Jemteg\u00e5rd.<\/p>\n<p>    <a itemprop=\"url\" href=\"https:\/\/www.seher.no\/kjendis\/i-en-egen-klasse\/81365432\" rel=\"nofollow noopener\" target=\"_blank\"><\/p>\n<p>        <img loading=\"lazy\" decoding=\"async\" src=\"https:\/\/www.europesays.com\/no\/wp-content\/uploads\/2025\/12\/81365031.webp.webp\" width=\"980\" height=\"441\" title=\"\u2013 I en egen klasse\" alt=\"\" class=\"lazyload\" style=\"--aspect-ratio-image: 2.22; \"\/><\/p>\n<p>        \u2013 I en egen klasse<\/p>\n<p>    <\/a><\/p>\n<p>H\u00f8y norsk standard\t<\/p>\n<p>Hvis vi vender blikket mot mer hjemlige trakter helt avslutningsvis, trekker moteeksperten fram en norsk kjendis som ogs\u00e5 har vist fram undert\u00f8y p\u00e5 r\u00f8d l\u00f8per.\u00a0<\/p>\n<p>    <a itemprop=\"url\" href=\"https:\/\/www.seher.no\/kjendis\/antrekket-gjor-meg-forvirret\/83255038\" rel=\"nofollow noopener\" target=\"_blank\"><\/p>\n<p>        <img loading=\"lazy\" decoding=\"async\" src=\"https:\/\/www.europesays.com\/no\/wp-content\/uploads\/2025\/12\/83255059.webp.webp\" width=\"980\" height=\"441\" title=\"- Antrekket gj\u00f8r meg forvirret\" alt=\"\" class=\"lazyload\" style=\"--aspect-ratio-image: 2.22; \"\/><\/p>\n<p>        &#8211; Antrekket gj\u00f8r meg forvirret<\/p>\n<p>    <\/a><\/p>\n<p class=\"font-weight-bold m-font-weight-bold\" data-lab-font_weight=\"font-weight-bold\">P\u00e5 Elle-gallaen i november var popstjerne Astrid Smeplass (29) if\u00f8rt en kreasjon fra den norske designeren Natalie Underwood, utstyrt med en skyh\u00f8y splitt:<\/p>\n<p>&#8211; Astrid S sin r\u00f8de kjole med ekstremt h\u00f8y splitt og matchende, synlig &#8211; ikke g-streng, men\u00a0framsiden av trusen &#8211; d\u00e9t f\u00f8ltes faktisk &#8230; Det er merkelig \u00e5 si det, men jeg syns hun klarte balansegangen mellom litt s\u00e5nn overraskende frekt og stilfullt! Hun klarte den balansegangen helt perfekt i den kjolen der, mener Jemteg\u00e5rd.<\/p>\n<p>        <img loading=\"lazy\" decoding=\"async\" src=\"https:\/\/www.europesays.com\/no\/wp-content\/uploads\/2025\/12\/84029752.webp.webp\" width=\"667\" height=\"934\" title=\"NORSK H\u00d8YDEPUNKT: Marianne Jemteg\u00e5rd roser antrekket til Astrid S p\u00e5 Elle-gallaen og mener looken var b\u00e5de frisk, freidig og stilfull. Foto: Andreas Fadum\/ Se og H\u00f8r\" alt=\"\" class=\"\" style=\"--aspect-ratio-image: 0.71; \"\/><\/p>\n<p>\n        NORSK H\u00d8YDEPUNKT: Marianne Jemteg\u00e5rd roser antrekket til Astrid S p\u00e5 Elle-gallaen og mener looken var b\u00e5de frisk, freidig og stilfull. Foto: Andreas Fadum\/ Se og H\u00f8r\n    <\/p>\n<p>En norsk kjendis som virkelig har skutt mot den internasjonale stjernehimmelen de seinere \u00e5ra &#8211; b\u00e5de innenfor mote og skuespill &#8211; er <a href=\"https:\/\/www.seher.no\/kjendis\/stjal-showet\/83646056\" rel=\"nofollow noopener\" target=\"_blank\">Renate Reinsve (38)<\/a>.\u00a0<\/p>\n<p>        <img loading=\"lazy\" decoding=\"async\" src=\"https:\/\/www.europesays.com\/no\/wp-content\/uploads\/2025\/12\/84029813.webp.webp\" width=\"667\" height=\"841\" title=\"BEST KLEDD: Denne Louis Vuitton-kreasjonen sikret Renate Reinsve en plass p\u00e5 flere \u00abbest kledde\u00bb-lister etter Gotham Awards i starten av desember 2025. Marianne Jemteg\u00e5rd trekker ogs\u00e5 fram antrekket som et av Reinsves motemessige h\u00f8ydepunkter i \u00e5r. Foto: Evan Agostini\/ Invision\/ AP\/ NTB\" alt=\"\" class=\"\" style=\"--aspect-ratio-image: 0.79; \"\/><\/p>\n<p>\n        BEST KLEDD: Denne Louis Vuitton-kreasjonen sikret Renate Reinsve en plass p\u00e5 flere \u00abbest kledde\u00bb-lister etter Gotham Awards i starten av desember 2025. Marianne Jemteg\u00e5rd trekker ogs\u00e5 fram antrekket som et av Reinsves motemessige h\u00f8ydepunkter i \u00e5r. Foto: Evan Agostini\/ Invision\/ AP\/ NTB\n    <\/p>\n<p class=\"font-weight-bold m-font-weight-bold\" data-lab-font_weight=\"font-weight-bold\">Jemteg\u00e5rd trekker spesielt fram antrekket hennes p\u00e5\u00a0\u00abAffeksjonsverdi\u00bb-premieren i L.A. i starten av november, en look\u00a0deriblant\u00a0<a href=\"https:\/\/www.redcarpet-fashionawards.com\/2025\/11\/06\/renate-reinsve-wore-schiaparelli-haute-couture-to-the-sentimental-value-la-premiere\/\" rel=\"nofollow noopener\" target=\"_blank\">Red Carpet Fashion Awards<\/a>\u00a0og <a href=\"https:\/\/www.wmagazine.com\/fashion\/renate-reinsve-best-red-carpet-fashion-dresses-photos\" rel=\"nofollow noopener\" target=\"_blank\">W Magazine<\/a> allerede har hyllet:<\/p>\n<p>        MET-GALLA: Kim Kardashian fikk en noe uheldig start p\u00e5 \u00e5rets Met-galla, da sikkerhetsvakten tr\u00e5kket p\u00e5 kjolen hennes. Video: Tiktok. Reporter: Anabelle Bruun\/Dagbladet TV<\/p>\n<p>&#8211; Hun har jo hatt et fantastisk \u00e5r! Ikke bare med tanke p\u00e5 skuespillerprestasjoner, men ogs\u00e5 prestasjoner i den internasjonale motemanesjen. Hun evner \u00e5 f\u00e5 ganske ekstravagante kreasjoner til \u00e5 se veldig, veldig\u00a0kult\u00a0ut p\u00e5 henne. Og den Schiaparelli-kjolen som hun brukte p\u00e5\u00a0\u00abSentimental Value\u00bb-premieren i Los Angeles; en r\u00f8d fishtail Schiaparelli-kreasjon i r\u00f8de paljetter &#8230; Den er nydelig! S\u00e5 hun har virkelig den ekstra stjerneappellen, konkluderer hun.\u00a0<\/p>\n<p>        <img loading=\"lazy\" decoding=\"async\" src=\"https:\/\/www.europesays.com\/no\/wp-content\/uploads\/2025\/12\/84029811.webp.webp\" width=\"667\" height=\"961\" title=\"STOR STJERNE: Flere medier har skrytt at Renate Reinsve sitt Schiaparelli-antrekk p\u00e5 Los Angeles-premieren av \u00abAffeksjonsverdi\u00bb i november 2025. Foto: Chris Pizzello\/ AP Photo\/ NTB\" alt=\"\" class=\"\" style=\"--aspect-ratio-image: 0.69; \"\/><\/p>\n<p>\n        STOR STJERNE: Flere medier har skrytt at Renate Reinsve sitt Schiaparelli-antrekk p\u00e5 Los Angeles-premieren av \u00abAffeksjonsverdi\u00bb i november 2025. Foto: Chris Pizzello\/ AP Photo\/ NTB\n    <\/p>\n","protected":false},"excerpt":{"rendered":"N\u00e5r et nytt \u00e5r n\u00e6rmer seg slutten, er det p\u00e5 sin plass \u00e5 se tilbake p\u00e5 det som&hellip;\n","protected":false},"author":2,"featured_media":123685,"comment_status":"","ping_status":"","sticky":false,"template":"","format":"standard","meta":{"footnotes":""},"categories":[58],"tags":[3442,71,1861,479,2543,8020,4507,14640,30,28,29,72,13050],"class_list":{"0":"post-123684","1":"post","2":"type-post","3":"status-publish","4":"format-standard","5":"has-post-thumbnail","7":"category-underholdning","8":"tag-astrid-s","9":"tag-entertainment","10":"tag-kim-kardashian","11":"tag-kjendis","12":"tag-kjendisdesken","13":"tag-maga","14":"tag-margot-robbie","15":"tag-mugler","16":"tag-no","17":"tag-norge","18":"tag-norway","19":"tag-underholdning","20":"tag-zendaya"},"share_on_mastodon":{"url":"https:\/\/pubeurope.com\/@no\/115802497702172948","error":""},"_links":{"self":[{"href":"https:\/\/www.europesays.com\/no\/wp-json\/wp\/v2\/posts\/123684","targetHints":{"allow":["GET"]}}],"collection":[{"href":"https:\/\/www.europesays.com\/no\/wp-json\/wp\/v2\/posts"}],"about":[{"href":"https:\/\/www.europesays.com\/no\/wp-json\/wp\/v2\/types\/post"}],"author":[{"embeddable":true,"href":"https:\/\/www.europesays.com\/no\/wp-json\/wp\/v2\/users\/2"}],"replies":[{"embeddable":true,"href":"https:\/\/www.europesays.com\/no\/wp-json\/wp\/v2\/comments?post=123684"}],"version-history":[{"count":0,"href":"https:\/\/www.europesays.com\/no\/wp-json\/wp\/v2\/posts\/123684\/revisions"}],"wp:featuredmedia":[{"embeddable":true,"href":"https:\/\/www.europesays.com\/no\/wp-json\/wp\/v2\/media\/123685"}],"wp:attachment":[{"href":"https:\/\/www.europesays.com\/no\/wp-json\/wp\/v2\/media?parent=123684"}],"wp:term":[{"taxonomy":"category","embeddable":true,"href":"https:\/\/www.europesays.com\/no\/wp-json\/wp\/v2\/categories?post=123684"},{"taxonomy":"post_tag","embeddable":true,"href":"https:\/\/www.europesays.com\/no\/wp-json\/wp\/v2\/tags?post=123684"}],"curies":[{"name":"wp","href":"https:\/\/api.w.org\/{rel}","templated":true}]}}