{"id":123686,"date":"2025-12-29T11:03:26","date_gmt":"2025-12-29T11:03:26","guid":{"rendered":"https:\/\/www.europesays.com\/no\/123686\/"},"modified":"2025-12-29T11:03:26","modified_gmt":"2025-12-29T11:03:26","slug":"var-tid-er-na","status":"publish","type":"post","link":"https:\/\/www.europesays.com\/no\/123686\/","title":{"rendered":"V\u00e5r tid er n\u00e5"},"content":{"rendered":"<p>\n        Vi lener oss altfor tungt p\u00e5 teknologi og algoritmer utviklet av Elon Musk og andre \u00abteknobros\u00bb, skriver Arild Hermstad. Og vi vet ikke om dataen v\u00e5re deles med Donald Trump eller andre akt\u00f8rer.<br \/>\n        FOTO: Roberto Schmidt \/ NTB\n    <\/p>\n<p class=\"kicker t30 tertiary color_mobile_tertiary\" style=\"\">Kommentar<\/p>\n<p>    Trumps USA vil hjelpe ytre h\u00f8yre, st\u00f8tte Putin og splitte Europa. N\u00e5 m\u00e5 alle gode krefter kjempe for \u00e5 ta vare p\u00e5 demokratiet, friheten og tilliten vi har tatt for gitt.<\/p>\n<p> Dette er en kommentar. Holdninger og meninger i teksten st\u00e5r for skribentens regning.<\/p>\n<p>Norge og<br \/>\nEuropa har levd i en slags sikkerhetspolitisk dvale i mange ti\u00e5r. Vi har tenkt<br \/>\nat USA alltid vil stille opp. At NATO vil vare evig. At demokratiet aldri vil<br \/>\nrakne.<\/p>\n<p>N\u00e5r Trump i<br \/>\nUSAs nye sikkerhetsstrategi gj\u00f8r det tydelig at menneskerettigheter, rettsstat<br \/>\nog internasjonalt samarbeid er til salgs til h\u00f8ystbydende, m\u00e5 vi v\u00e5kne.<\/p>\n<p>            Hvis det norske demokratiet fortsetter \u00e5 lene seg p\u00e5 sosiale medier, vil det svekkes mer og mer.<\/p>\n<p>USAs nye<br \/>\nsikkerhetsstrategi er et politisk vedtatt prosjekt som angriper den liberale<br \/>\nverdensordenen, demokratiske valg, pressefrihet, domstoler, minoriteter og<br \/>\nkunnskap. Det er autorit\u00e6re krefter som bruker frykt og splittelse som<br \/>\ndrivstoff. Akkurat de samme kreftene vi ser vokse fram i Europa.\u00a0<\/p>\n<p>N\u00e5r USA n\u00e5<br \/>\nskal \u00abkultivere motstand\u00bb mot europeiske lands n\u00e5v\u00e6rende kurs, betyr det at USA<br \/>\nskal bruke penger og tid p\u00e5 \u00e5 p\u00e5virke valg til fordel for ytre h\u00f8yre. Europas<br \/>\nkurs er demokrati, menneskerettigheter og internasjonalt samarbeid. \u00abKultivering\u00bb<br \/>\nbetyr valgp\u00e5virkning, desinformasjon og st\u00f8tte til ytre h\u00f8yre-partier som vil<br \/>\n\u00f8delegge fellesskapet innenfra.\u00a0<\/p>\n<p>Derfor<br \/>\nholder det ikke \u00e5 late som om dette bare er det vanlige t\u00f8vet fra Washington.<br \/>\nFor ideene krysser grenser raskere enn fly. Trumpismen har allerede funnet<br \/>\nveien inn i europeiske partier og norsk debatt, hjulpet fram av at sosiale<br \/>\nmedier lar l\u00f8gner og konspirasjonsteorier flomme uten \u00e5 ta redakt\u00f8ransvar.<\/p>\n<p>Vi s\u00e5<br \/>\ntydelige tegn p\u00e5 valgp\u00e5virkning i stortingsvalget i Norge i h\u00f8st. Det er<br \/>\nallerede mulig \u00e5 betale seg til et bedre resultat, og anonyme akt\u00f8rer brukte<br \/>\nmillionbel\u00f8p p\u00e5 \u00e5 vinne valget for h\u00f8yresiden. Uten sosiale medier hadde neppe<br \/>\nten\u00e5ringsgutter i Norge med 3000 kroner p\u00e5 sparekontoen brydd seg nevneverdig<br \/>\nom formuesskatt.\u00a0<\/p>\n<p>Den norske<br \/>\ntolletaten bruker n\u00e5 det amerikanske teknologiselskapet Palantir til \u00e5 sjekke<br \/>\npakker i tollsystemet. Dette selskapet selger datasystemer til \u00e5 systematisere<br \/>\nstore mengder data ved hjelp av kunstig intelligens, og drives av amerikanerne<br \/>\nAlex Karp og Peter Thiel. Disse to er de mest lyssky av Trumps \u00abteknobros\u00bb.<br \/>\nDataene Palantir samles inn kan brukes til overv\u00e5king. Det finnes ingen reell<br \/>\ngaranti for at de ikke deles med Trump eller andre akt\u00f8rer. Listen over<br \/>\ntentaklene til Karp, Thiel, Elon Musk, Mark Zuckerberg og de andre<br \/>\ntek-oligarkene er for lang til \u00e5 gjengis her. Og de griper lengre og lenger inn<br \/>\ni det norske samfunnet for hver dag som g\u00e5r.\u00a0<\/p>\n<p>Det er p\u00e5<br \/>\nh\u00f8y tid med reell regulering av algoritmene. Hvis det norske demokratiet<br \/>\nfortsetter \u00e5 lene seg p\u00e5 sosiale medier, vil det svekkes mer og mer.\u00a0<\/p>\n<p>N\u00e5r USA<br \/>\nmener at europeiske land skal st\u00e5 p\u00e5 egne bein som suverene nasjoner, betyr det<br \/>\nat m\u00e5let er \u00e5\u00a0<a href=\"https:\/\/www.dagsavisen.no\/nyheter\/medier-om-lekket-dokument-usa-onsker-a-aktivt-sabotere-for-eu\/10106842\" rel=\"nofollow noopener\" target=\"_blank\">splitte<br \/>\nopp EU<\/a>. Dette er ogs\u00e5 Putins v\u00e5te dr\u00f8m. Det er ikke vanskelig \u00e5 forst\u00e5.<br \/>\nEU er den eneste makten som n\u00e5 utfordrer Trump, Xi, Putin og tek-oligarkenes<br \/>\nmakt. Enkeltland i Europa har lite \u00e5 stille opp med hver for seg.\u00a0<\/p>\n<p>Derfor m\u00e5<br \/>\nEuropa st\u00e5 mer samlet, p\u00e5 egne bein. Milit\u00e6rt, ja. Men f\u00f8rst og fremst<br \/>\ndemokratisk, \u00f8konomisk og verdimessig. Et Europa som tar ansvar for egen<br \/>\nsikkerhet, uten \u00e5 bli et kaldt festningskontinent. Et Europa som samarbeider og<br \/>\nforsvarer menneskerettighetene, ogs\u00e5 n\u00e5r det er upopul\u00e6rt.<\/p>\n<p>Norge har et<br \/>\nvalg. Vi kan stikke hodet i sanden. Eller vi kan ta grepene som trengs for \u00e5<br \/>\nbeskytte v\u00e5rt demokrati, v\u00e5r frihet og de rettighetene vi har bygd opp etter<br \/>\nannen verdenskrig. Vi trenger en brei politisk debatt om hvordan det kan skje.<br \/>\nDerfor har jeg bedt utenriksministeren om \u00e5 komme til Stortinget for \u00e5<br \/>\nredegj\u00f8re for hvordan regjeringen vil forholde seg til USAs nye<br \/>\nsikkerhetsstrategi.<\/p>\n<p>MDG mener at<br \/>\nNorge m\u00e5 ta en aktiv rolle i Europa, ogs\u00e5 gjennom tettere samarbeid. Sammen<br \/>\nst\u00e5r vi sterkere mot autorit\u00e6re str\u00f8mninger, enten de kommer fra Moskva eller<br \/>\nMar-a-Lago. Vi m\u00e5 sl\u00e5 ned p\u00e5 alle former for diskriminering, mot innvandrere,<br \/>\ntranspersoner, j\u00f8der og muslimer.\u00a0<\/p>\n<p>For<br \/>\nMilj\u00f8partiet De Gr\u00f8nne er solidaritet bunnplanken for all politikk. Vi sier ja<br \/>\ntil mer internasjonalt samarbeid. Vi st\u00e5r fremst p\u00e5 barrikadene i kampen for<br \/>\nminoriteters rettigheter, og i kampen for pressefrihet, ytringsfrihet og<br \/>\ndemokrati. Vi vil gi folk mer tid, mer frihet og en trygg \u00f8konomi. Vi vil ha en<br \/>\nvelferdsstat som m\u00f8ter folk med respekt, ikke mistenkeliggj\u00f8ring. Den beste<br \/>\nmedisinen mot ytre h\u00f8yres vekst er et samfunn bygget p\u00e5 tillit, der alle er<br \/>\ninkludert.\u00a0<\/p>\n<p>Norge,<br \/>\nEuropa og verden st\u00e5r i en skjebnetid. Alle gode krefter m\u00e5 st\u00e5 opp for frihet,<br \/>\ndemokrati og solidaritet. V\u00e5r tid er n\u00e5.<\/p>\n<p class=\"italic m-italic\" data-lab-italic=\"italic\">F\u00e5 nyhetsbrev fra Dagsavisen. Meld deg p\u00e5\u00a0<a href=\"https:\/\/www.dagsavisen.no\/om-dagsavisen\/2023\/12\/20\/fa-daglig-nyhetsbrev\/\" rel=\"nofollow noopener\" target=\"_blank\">her<\/a>!<\/p>\n","protected":false},"excerpt":{"rendered":"Vi lener oss altfor tungt p\u00e5 teknologi og algoritmer utviklet av Elon Musk og andre \u00abteknobros\u00bb, skriver Arild&hellip;\n","protected":false},"author":2,"featured_media":123687,"comment_status":"","ping_status":"","sticky":false,"template":"","format":"standard","meta":{"footnotes":""},"categories":[12],"tags":[20,21,24,25,15,22,23,13,30,28,29,14,16,26,27,42,43,44,45],"class_list":{"0":"post-123686","1":"post","2":"type-post","3":"status-publish","4":"format-standard","5":"has-post-thumbnail","7":"category-verden","8":"tag-breaking-news","9":"tag-breakingnews","10":"tag-featured-news","11":"tag-featurednews","12":"tag-headlines","13":"tag-latest-news","14":"tag-latestnews","15":"tag-news","16":"tag-no","17":"tag-norge","18":"tag-norway","19":"tag-nyheter","20":"tag-overskrifter","21":"tag-top-stories","22":"tag-topstories","23":"tag-verden","24":"tag-world","25":"tag-world-news","26":"tag-worldnews"},"share_on_mastodon":{"url":"","error":""},"_links":{"self":[{"href":"https:\/\/www.europesays.com\/no\/wp-json\/wp\/v2\/posts\/123686","targetHints":{"allow":["GET"]}}],"collection":[{"href":"https:\/\/www.europesays.com\/no\/wp-json\/wp\/v2\/posts"}],"about":[{"href":"https:\/\/www.europesays.com\/no\/wp-json\/wp\/v2\/types\/post"}],"author":[{"embeddable":true,"href":"https:\/\/www.europesays.com\/no\/wp-json\/wp\/v2\/users\/2"}],"replies":[{"embeddable":true,"href":"https:\/\/www.europesays.com\/no\/wp-json\/wp\/v2\/comments?post=123686"}],"version-history":[{"count":0,"href":"https:\/\/www.europesays.com\/no\/wp-json\/wp\/v2\/posts\/123686\/revisions"}],"wp:featuredmedia":[{"embeddable":true,"href":"https:\/\/www.europesays.com\/no\/wp-json\/wp\/v2\/media\/123687"}],"wp:attachment":[{"href":"https:\/\/www.europesays.com\/no\/wp-json\/wp\/v2\/media?parent=123686"}],"wp:term":[{"taxonomy":"category","embeddable":true,"href":"https:\/\/www.europesays.com\/no\/wp-json\/wp\/v2\/categories?post=123686"},{"taxonomy":"post_tag","embeddable":true,"href":"https:\/\/www.europesays.com\/no\/wp-json\/wp\/v2\/tags?post=123686"}],"curies":[{"name":"wp","href":"https:\/\/api.w.org\/{rel}","templated":true}]}}