{"id":123690,"date":"2025-12-29T11:04:09","date_gmt":"2025-12-29T11:04:09","guid":{"rendered":"https:\/\/www.europesays.com\/no\/123690\/"},"modified":"2025-12-29T11:04:09","modified_gmt":"2025-12-29T11:04:09","slug":"atte-bilar-involverte-i-trafikkuhell","status":"publish","type":"post","link":"https:\/\/www.europesays.com\/no\/123690\/","title":{"rendered":"\u00c5tte bilar involverte i trafikk\u00aduhell"},"content":{"rendered":"<p data-testid=\"textWithMarkup-text\" data-v-81d7dc2b=\"\" data-v-62d58f52=\"\">P\u00e5 sv\u00e6rt glatt f\u00f8re har \u00e5tte k\u00f8yret\u00f8y sklidd i gr\u00f8fta p\u00e5 Nys\u00e6tervegen for \u00e5 unng\u00e5 kollisjon med kvarandre, seier operasjonsleiar Arild Reite til Sunnm\u00f8rsposten.<\/p>\n<p data-testid=\"textWithMarkup-markup\" data-v-62d58f52=\"\"><strong>To bilar kolliderte, og seks andre k\u00f8yret\u00f8y k\u00f8yrde i gr\u00f8fta for \u00e5 unng\u00e5 \u00e5 k\u00f8yre p\u00e5 dei.<\/strong><\/p>\n<p data-testid=\"textWithMarkup-text\" data-v-81d7dc2b=\"\" data-v-62d58f52=\"\">\u2013 Det er ikkje meldt om personskadar, og det er berre mindre materielle skadar, fortel Reite.<\/p>\n<p data-testid=\"textWithMarkup-text\" data-v-81d7dc2b=\"\" data-v-62d58f52=\"\">Politiet hadde like f\u00f8r klokka 11 ein patrulje p\u00e5 staden som jobba med \u00e5 f\u00e5 oversikt. Alle bilane skal vere k\u00f8yrbare.<\/p>\n<p data-testid=\"textWithMarkup-text\" data-v-81d7dc2b=\"\" data-v-62d58f52=\"\">Trafikken kan passere p\u00e5 staden, opplysar Vegtrafikksentralen til Sunnm\u00f8rsposten.<\/p>\n","protected":false},"excerpt":{"rendered":"P\u00e5 sv\u00e6rt glatt f\u00f8re har \u00e5tte k\u00f8yret\u00f8y sklidd i gr\u00f8fta p\u00e5 Nys\u00e6tervegen for \u00e5 unng\u00e5 kollisjon med kvarandre,&hellip;\n","protected":false},"author":2,"featured_media":123691,"comment_status":"","ping_status":"","sticky":false,"template":"","format":"standard","meta":{"footnotes":""},"categories":[10],"tags":[20,21,24,25,15,22,23,13,30,28,29,14,16,26,27],"class_list":{"0":"post-123690","1":"post","2":"type-post","3":"status-publish","4":"format-standard","5":"has-post-thumbnail","7":"category-norge","8":"tag-breaking-news","9":"tag-breakingnews","10":"tag-featured-news","11":"tag-featurednews","12":"tag-headlines","13":"tag-latest-news","14":"tag-latestnews","15":"tag-news","16":"tag-no","17":"tag-norge","18":"tag-norway","19":"tag-nyheter","20":"tag-overskrifter","21":"tag-top-stories","22":"tag-topstories"},"share_on_mastodon":{"url":"https:\/\/pubeurope.com\/@no\/115802529072275257","error":""},"_links":{"self":[{"href":"https:\/\/www.europesays.com\/no\/wp-json\/wp\/v2\/posts\/123690","targetHints":{"allow":["GET"]}}],"collection":[{"href":"https:\/\/www.europesays.com\/no\/wp-json\/wp\/v2\/posts"}],"about":[{"href":"https:\/\/www.europesays.com\/no\/wp-json\/wp\/v2\/types\/post"}],"author":[{"embeddable":true,"href":"https:\/\/www.europesays.com\/no\/wp-json\/wp\/v2\/users\/2"}],"replies":[{"embeddable":true,"href":"https:\/\/www.europesays.com\/no\/wp-json\/wp\/v2\/comments?post=123690"}],"version-history":[{"count":0,"href":"https:\/\/www.europesays.com\/no\/wp-json\/wp\/v2\/posts\/123690\/revisions"}],"wp:featuredmedia":[{"embeddable":true,"href":"https:\/\/www.europesays.com\/no\/wp-json\/wp\/v2\/media\/123691"}],"wp:attachment":[{"href":"https:\/\/www.europesays.com\/no\/wp-json\/wp\/v2\/media?parent=123690"}],"wp:term":[{"taxonomy":"category","embeddable":true,"href":"https:\/\/www.europesays.com\/no\/wp-json\/wp\/v2\/categories?post=123690"},{"taxonomy":"post_tag","embeddable":true,"href":"https:\/\/www.europesays.com\/no\/wp-json\/wp\/v2\/tags?post=123690"}],"curies":[{"name":"wp","href":"https:\/\/api.w.org\/{rel}","templated":true}]}}