{"id":123692,"date":"2025-12-29T11:05:14","date_gmt":"2025-12-29T11:05:14","guid":{"rendered":"https:\/\/www.europesays.com\/no\/123692\/"},"modified":"2025-12-29T11:05:14","modified_gmt":"2025-12-29T11:05:14","slug":"alvorlig-skadet-fratatt-forerkortet-kort-tid-for-ulykken-stor-oslo","status":"publish","type":"post","link":"https:\/\/www.europesays.com\/no\/123692\/","title":{"rendered":"Alvorlig skadet \u2013 fratatt f\u00f8rer\u00adkortet kort tid f\u00f8r ulykken \u2013 Stor-Oslo"},"content":{"rendered":"<p>Det har v\u00e6rt en trafikkulykke mellom en bil og en lastebil p\u00e5 Slemmestadveien i Asker.<\/p>\n<p>\u2013 F\u00f8rer av personbil fraktes til sykehus med alvorlige skader. Fremst\u00e5r ikke livstruende, skriver politiet.<\/p>\n<p>Det er store materielle skader p\u00e5 stedet.<\/p>\n<p>F\u00f8reren av personbilen hadde cirka 20 minutter f\u00f8r ulykken f\u00e5tt f\u00f8rerkortet beslaglagt p\u00e5 grunn av is p\u00e5 ruta.<\/p>\n<p>\u2013 Det er uklart om d\u00e5rlig sikt er \u00e5rsaken til ulykken, skriver politiet.<\/p>\n<p>Slemmestadveien er sperret i begge retninger.<\/p>\n<p>F\u00f8rer av lastebil fremst\u00e5r fysisk uskadd, men unders\u00f8kes av helsepersonell.<\/p>\n<p><a class=\"login-banner-hack\" href=\"https:\/\/www.nrk.no\/logginn?context=article-plug\" style=\"padding: 0; border: none; display: none\" rel=\"nofollow noopener\" target=\"_blank\"><\/p>\n<p>            <img decoding=\"async\"   src=\"data:image\/gif;base64,R0lGODlhAQABAIAAAAAAAP\/\/\/yH5BAEAAAAALAAAAAABAAEAAAIBRAA7\" alt=\"Oppfordring til \u00e5 logge p\u00e5 NRKs tjenester\" title=\"Foto: Odd Arne Olderbakk\"\/><\/p>\n<p>            <img decoding=\"async\"   src=\"data:image\/gif;base64,R0lGODlhAQABAIAAAAAAAP\/\/\/yH5BAEAAAAALAAAAAABAAEAAAIBRAA7\" alt=\"Oppfordring til \u00e5 logge p\u00e5 NRKs tjenester\" title=\"Foto: Odd Arne Olderbakk\"\/><\/p>\n<p><\/a><\/p>\n<p>Publisert<\/p>\n<p>29.12.2025, kl. 10.43<\/p>\n<p>Oppdatert<\/p>\n<p>29.12.2025, kl. 11.43<\/p>\n","protected":false},"excerpt":{"rendered":"Det har v\u00e6rt en trafikkulykke mellom en bil og en lastebil p\u00e5 Slemmestadveien i Asker. \u2013 F\u00f8rer av&hellip;\n","protected":false},"author":2,"featured_media":123693,"comment_status":"","ping_status":"","sticky":false,"template":"","format":"standard","meta":{"footnotes":""},"categories":[5],"tags":[20,21,24,25,15,19,22,23,17,18,13,30,28,29,14,16,26,27],"class_list":{"0":"post-123692","1":"post","2":"type-post","3":"status-publish","4":"format-standard","5":"has-post-thumbnail","7":"category-overskrifter","8":"tag-breaking-news","9":"tag-breakingnews","10":"tag-featured-news","11":"tag-featurednews","12":"tag-headlines","13":"tag-hovedoppslag","14":"tag-latest-news","15":"tag-latestnews","16":"tag-main-news","17":"tag-mainnews","18":"tag-news","19":"tag-no","20":"tag-norge","21":"tag-norway","22":"tag-nyheter","23":"tag-overskrifter","24":"tag-top-stories","25":"tag-topstories"},"share_on_mastodon":{"url":"https:\/\/pubeurope.com\/@no\/115802532994724394","error":""},"_links":{"self":[{"href":"https:\/\/www.europesays.com\/no\/wp-json\/wp\/v2\/posts\/123692","targetHints":{"allow":["GET"]}}],"collection":[{"href":"https:\/\/www.europesays.com\/no\/wp-json\/wp\/v2\/posts"}],"about":[{"href":"https:\/\/www.europesays.com\/no\/wp-json\/wp\/v2\/types\/post"}],"author":[{"embeddable":true,"href":"https:\/\/www.europesays.com\/no\/wp-json\/wp\/v2\/users\/2"}],"replies":[{"embeddable":true,"href":"https:\/\/www.europesays.com\/no\/wp-json\/wp\/v2\/comments?post=123692"}],"version-history":[{"count":0,"href":"https:\/\/www.europesays.com\/no\/wp-json\/wp\/v2\/posts\/123692\/revisions"}],"wp:featuredmedia":[{"embeddable":true,"href":"https:\/\/www.europesays.com\/no\/wp-json\/wp\/v2\/media\/123693"}],"wp:attachment":[{"href":"https:\/\/www.europesays.com\/no\/wp-json\/wp\/v2\/media?parent=123692"}],"wp:term":[{"taxonomy":"category","embeddable":true,"href":"https:\/\/www.europesays.com\/no\/wp-json\/wp\/v2\/categories?post=123692"},{"taxonomy":"post_tag","embeddable":true,"href":"https:\/\/www.europesays.com\/no\/wp-json\/wp\/v2\/tags?post=123692"}],"curies":[{"name":"wp","href":"https:\/\/api.w.org\/{rel}","templated":true}]}}