{"id":123696,"date":"2025-12-29T11:07:07","date_gmt":"2025-12-29T11:07:07","guid":{"rendered":"https:\/\/www.europesays.com\/no\/123696\/"},"modified":"2025-12-29T11:07:07","modified_gmt":"2025-12-29T11:07:07","slug":"stromsgodset-halvor-johansson-ble-mer-hells-bells-enn-jingle-bells-i-ar","status":"publish","type":"post","link":"https:\/\/www.europesays.com\/no\/123696\/","title":{"rendered":"Str\u00f8msgodset, Halvor Johansson | \u2013 Ble mer \u00abHells bells\u00bb enn \u00abJingle bells\u00bb i \u00e5r"},"content":{"rendered":"\n<p>I \u00e5rets siste episode av DT-tribunen har vi bes\u00f8k av komiker, drammenser og Godset-supporter Halvor Johansson!<\/p>\n<p>Det blir en litt annerledes episode med gjennomgang av Str\u00f8msgodsets historie som du neppe f\u00e5r i de offisielle historieb\u00f8kene.<\/p>\n<p>Halvor forteller om smugling av bluss i underbuksa, obskure signeringer og hva \u00abCharter-Svein\u00bb har med Godset \u00e5 gj\u00f8re. Om tiden da startoppstillingen inneholdt navn som Ibrahim Sunday og Alexander Jelisejevs, og da draktene reklamerte for septiktjenester.<\/p>\n","protected":false},"excerpt":{"rendered":"I \u00e5rets siste episode av DT-tribunen har vi bes\u00f8k av komiker, drammenser og Godset-supporter Halvor Johansson! Det blir&hellip;\n","protected":false},"author":2,"featured_media":123697,"comment_status":"","ping_status":"","sticky":false,"template":"","format":"standard","meta":{"footnotes":""},"categories":[58],"tags":[36,71,92,14641,30,28,29,1270,83,1510,3325,72],"class_list":{"0":"post-123696","1":"post","2":"type-post","3":"status-publish","4":"format-standard","5":"has-post-thumbnail","7":"category-underholdning","8":"tag-art","9":"tag-entertainment","10":"tag-fotball","11":"tag-halvor-johansson","12":"tag-no","13":"tag-norge","14":"tag-norway","15":"tag-podkast","16":"tag-sport","17":"tag-story","18":"tag-stromsgodset","19":"tag-underholdning"},"share_on_mastodon":{"url":"https:\/\/pubeurope.com\/@no\/115802540816551436","error":""},"_links":{"self":[{"href":"https:\/\/www.europesays.com\/no\/wp-json\/wp\/v2\/posts\/123696","targetHints":{"allow":["GET"]}}],"collection":[{"href":"https:\/\/www.europesays.com\/no\/wp-json\/wp\/v2\/posts"}],"about":[{"href":"https:\/\/www.europesays.com\/no\/wp-json\/wp\/v2\/types\/post"}],"author":[{"embeddable":true,"href":"https:\/\/www.europesays.com\/no\/wp-json\/wp\/v2\/users\/2"}],"replies":[{"embeddable":true,"href":"https:\/\/www.europesays.com\/no\/wp-json\/wp\/v2\/comments?post=123696"}],"version-history":[{"count":0,"href":"https:\/\/www.europesays.com\/no\/wp-json\/wp\/v2\/posts\/123696\/revisions"}],"wp:featuredmedia":[{"embeddable":true,"href":"https:\/\/www.europesays.com\/no\/wp-json\/wp\/v2\/media\/123697"}],"wp:attachment":[{"href":"https:\/\/www.europesays.com\/no\/wp-json\/wp\/v2\/media?parent=123696"}],"wp:term":[{"taxonomy":"category","embeddable":true,"href":"https:\/\/www.europesays.com\/no\/wp-json\/wp\/v2\/categories?post=123696"},{"taxonomy":"post_tag","embeddable":true,"href":"https:\/\/www.europesays.com\/no\/wp-json\/wp\/v2\/tags?post=123696"}],"curies":[{"name":"wp","href":"https:\/\/api.w.org\/{rel}","templated":true}]}}