{"id":123698,"date":"2025-12-29T11:10:13","date_gmt":"2025-12-29T11:10:13","guid":{"rendered":"https:\/\/www.europesays.com\/no\/123698\/"},"modified":"2025-12-29T11:10:13","modified_gmt":"2025-12-29T11:10:13","slug":"ytring-sarpsborg-vi-prekaes-i-neste-begravelse","status":"publish","type":"post","link":"https:\/\/www.europesays.com\/no\/123698\/","title":{"rendered":"Ytring, Sarpsborg | Vi prek\u00e6s! I neste begravelse&#8230;"},"content":{"rendered":"\n<p>\u00c5ret er i ferd med \u00e5 ebbe ut. De herrens 365 dagene som blir kalt \u00ab2025\u00bb er snart historie. \u00c5ret g\u00e5r neppe inn i historien som det fineste, roligste eller mest harmoniske \u00e5ret menneskeheten har hatt. Til det finnes det for mange eldre menn med altfor store egoer og altfor stort maktbehov p\u00e5 denne kloden<\/p>\n<p>Og derfor g\u00e5r det som det g\u00e5r i USA, i Russland, i Midt\u00f8sten. Og en rekke andre steder!<\/p>\n<p>Lurere med \u00e5rene?<\/p>\n<p>N\u00e5 skal ikke dette handle om storpolitikk eller verdenssamfunnets utfordringer. Eller dyrtid, for den saks skyld. Dette skal handle om de n\u00e6rere tingene. Om de som preget et menneske gjennom et \u00e5r. Det som gj\u00f8r at en formes eller til om med utvikles i takt med at man m\u00e5 skrolle stadig lenger nedover p\u00e5 den \u00abdigitale gardinen\u00bb for \u00e5 finne f\u00f8dsels\u00e5ret sitt.<\/p>\n<p>Mye er bra med \u00e5 bli mer voksen. Jeg vil for eksempel p\u00e5st\u00e5 at jeg er en smule lurere n\u00e5 som jeg har bikket 56 enn jeg var for, la oss si, 30 \u00e5r siden.<\/p>\n<p>Mye er enklere n\u00e5r man kan dra \u00aberfaringskortet\u00bb i de aller fleste situasjonene man kommer opp i. Det er godt \u00e5 tenke \u00abdette har jeg tross alt klart f\u00f8r\u00bb n\u00e5r du st\u00e5r overfor noe som tilsynelatende virker umulig \u00e5 l\u00f8se.<\/p>\n<p>Samtidig gj\u00f8r alderen at du noen ganger f\u00f8ler at verden raser forbi deg. Og at der du tidligere var noenlunde oppg\u00e5ende og langt framme p\u00e5 teknologiske duppeditter, n\u00e5 er s\u00e5 akterutseilt at det egentlig er fristende \u00e5 strekke armene i v\u00e6ret og resignere.<\/p>\n<p>Men alt dette er vel egentlig bevis p\u00e5 at verden g\u00e5r framover.<\/p>\n<p>Tross alt!<\/p>\n<p>Begravelser<\/p>\n<p>Jeg er s\u00e5 heldig at jeg kjenner veldig mye folk i denne byen. 35 \u00e5r i lokalavisa gj\u00f8r at man kommer borti en del mennesker. N\u00e5r en i tillegg har v\u00e6rt aktiv i det inkluderende fotballmilj\u00f8et, blir bekjentskapskretsen enda st\u00f8rre. I tillegg har man de skoleklassene man har v\u00e6rt en del av. Og selvf\u00f8lgelig: Familien.<\/p>\n<p>Mange av disse menneskene har jeg daglig kontakt med. Andre ukentlig. Men mange ogs\u00e5 veldig sporadisk.<\/p>\n<p>Og det er de siste dette egentlig handler om. De man treffer bare inne imellom. Kanskje med ett, to, tre eller fem \u00e5rs mellomrom.<\/p>\n<p>Dette er mennesker en treffer tilfeldig under en bytur, en handletur, p\u00e5 en fotballkamp eller i kinok\u00f8en.<\/p>\n<p>I det siste har det imidlertid dukket opp en ny tilfeldig m\u00f8teplass: Kirker og kapeller.<\/p>\n<p>For n\u00e5 er det ofte i begravelser og bisettelser man treffer de man gikk p\u00e5 skole sammen med for 35 \u00e5r siden eller kjempet p\u00e5 samme fotballag med tilbake p\u00e5 1990-tallet.<\/p>\n<p>For n\u00e5 er vi i \u00abden\u00bb alderen.<\/p>\n<p>Tungt<\/p>\n<p>\u00abDen\u00bb alderen betyr at man for eksempel stadig oftere opplever at de man har rundt seg p\u00e5 omtrent samme alder mister sine foreldre. Det som kalles livets gang, men som ikke n\u00f8dvendigvis er noe lettere \u00e5 takle for det. Hver gang er det like s\u00e5rt.<\/p>\n<p>Men man kan likevel uansett si at det er en naturlig f\u00f8lge av den alderen er inne i at man er st\u00f8ttende n\u00e5r venner, kolleger eller n\u00e6re bekjente mister sine n\u00e6rmeste i generasjonen over seg selv.<\/p>\n<p>Jeg var i flere slike begravelser gjennom \u00e5ret som har g\u00e5tt.<\/p>\n<p>Dessverre har jeg ogs\u00e5 v\u00e6rt i et par blytunge seremonier av en annen kategori. De som ikke kan kalles annet enn meningsl\u00f8se. Og s\u00e5 langt fra livets gang som det er mulig \u00e5 komme.<\/p>\n<p>Da <a href=\"https:\/\/www.sa.no\/espen-normann-er-dod\/o\/5-46-1847388\" rel=\"Follow nofollow noopener\" target=\"_blank\">Espen<\/a>, <a href=\"https:\/\/www.sa.no\/minneord-om-en-fin-kall\/o\/5-46-1910740\" rel=\"Follow nofollow noopener\" target=\"_blank\">Rino<\/a> og <a href=\"https:\/\/www.sa.no\/til-minne-om-lars-hasselgard\/o\/5-46-1918040\" rel=\"Follow nofollow noopener\" target=\"_blank\">Lars<\/a> gikk bort s\u00e5 altfor tidlig, var det egentlig bare tungt. Blytungt. Og meningsl\u00f8st.<\/p>\n<p>Men ogs\u00e5 da var det fantastisk \u00e5 merke fellesskapet i kirken under begravelsene, jeg var selv i to av dem.<\/p>\n<p>Jeg, som var forholdsvis perifer i hverdagen til de ovennevnte kjernekarene, kjente p\u00e5 en stor varme.<\/p>\n<p>Forh\u00e5pentligvis f\u00f8lte de n\u00e6rmeste det enda sterkere.<\/p>\n<p>Det g\u00e5r mot v\u00e5r<\/p>\n<p>N\u00e5r 2025 blir til 2026 lukkes et kapittel. Det er det greit \u00e5 dvele litt ved.<\/p>\n<p>Men langt viktigere er det \u00e5 g\u00e5 videre i livets bok med optimisme og et lyst sinn.<\/p>\n<p>For n\u00e5 har sola snudd igjen. Det g\u00e5r nok en gang mot lysere tider.<\/p>\n<p>Det blir v\u00e5r og sommer i \u00e5r ogs\u00e5.<\/p>\n<p>For livet g\u00e5r sin gang.<\/p>\n<p>P\u00e5 godt.<\/p>\n<p>Og p\u00e5 vondt.<\/p>\n<p>Og p\u00e5 grunn av det siste, vet jeg allerede hvor jeg skal de to f\u00f8rste fredagene i 2026.<\/p>\n<p>I kirken. Og kapellet.<\/p>\n<p>S\u00e5 vi prek\u00e6s, da. I neste begravelse.<\/p>\n<p><b>Godt nytt \u00e5r!<\/b><\/p>\n<p>  <a href=\"https:\/\/www.sa.no\/5-46-1934760\" class=\"related-teaser has-image default-story-teaser article--c-eRUmMG article--c-eRUmMG-jKCPdD-design-default\" rel=\"nofollow noopener\" target=\"_blank\"><\/p>\n<p>    <img decoding=\"async\" loading=\"lazy\"  src=\"https:\/\/www.europesays.com\/no\/wp-content\/uploads\/2025\/12\/Arian+ballet.jpg\" alt=\"\" class=\"brick-c-cFOWSL\" style=\"\"\/><\/p>\n<p>\n            Les ogs\u00e5<\/p>\n<p>              Livet etter Arian\n        <\/p>\n<p>  <\/a><\/p>\n<p>  <a href=\"https:\/\/www.sa.no\/5-46-1933526\" class=\"related-teaser has-image default-story-teaser article--c-eRUmMG article--c-eRUmMG-jKCPdD-design-default\" rel=\"nofollow noopener\" target=\"_blank\"><\/p>\n<p>    <img decoding=\"async\" loading=\"lazy\"  src=\"https:\/\/www.europesays.com\/no\/wp-content\/uploads\/2025\/12\/5_46_1079831+Jan+Olaf+Engsmyr+%281+of+3%29.jpg\" alt=\"\" class=\"brick-c-cFOWSL\" style=\"\"\/><\/p>\n<p>\n            Les ogs\u00e5<\/p>\n<p>              Disse sarpingene tok vi farvel med i 2025\n        <\/p>\n<p>  <\/a><\/p>\n<p>  <a href=\"https:\/\/www.sa.no\/5-46-1904836\" class=\"related-teaser has-image default-feature-teaser article--c-eRUmMG article--c-eRUmMG-jKCPdD-design-default\" rel=\"nofollow noopener\" target=\"_blank\"><\/p>\n<p>    <img decoding=\"async\" loading=\"lazy\"  src=\"https:\/\/www.europesays.com\/no\/wp-content\/uploads\/2025\/12\/kirkega%E2%95%A0%C3%A8rd_01_merete_hanssen.jpeg\" alt=\"\" class=\"brick-c-cFOWSL\" style=\"\"\/><\/p>\n<p>\n            Les ogs\u00e5<\/p>\n<p>              Fikk livet snudd p\u00e5 hodet av en rusten spiker: \u2013 Vi tar med oss kaffen hit til Ingerids grav\n        <\/p>\n<p>  <\/a><\/p>\n","protected":false},"excerpt":{"rendered":"\u00c5ret er i ferd med \u00e5 ebbe ut. De herrens 365 dagene som blir kalt \u00ab2025\u00bb er snart&hellip;\n","protected":false},"author":2,"featured_media":123699,"comment_status":"","ping_status":"","sticky":false,"template":"","format":"standard","meta":{"footnotes":""},"categories":[12],"tags":[36,294,20,21,24,25,15,22,23,13,30,28,29,14,1533,16,1178,812,26,27,42,43,44,45,963],"class_list":{"0":"post-123698","1":"post","2":"type-post","3":"status-publish","4":"format-standard","5":"has-post-thumbnail","7":"category-verden","8":"tag-art","9":"tag-begravelse","10":"tag-breaking-news","11":"tag-breakingnews","12":"tag-featured-news","13":"tag-featurednews","14":"tag-headlines","15":"tag-latest-news","16":"tag-latestnews","17":"tag-news","18":"tag-no","19":"tag-norge","20":"tag-norway","21":"tag-nyheter","22":"tag-opinion","23":"tag-overskrifter","24":"tag-petter-kalnes","25":"tag-sarpsborg","26":"tag-top-stories","27":"tag-topstories","28":"tag-verden","29":"tag-world","30":"tag-world-news","31":"tag-worldnews","32":"tag-ytring"},"share_on_mastodon":{"url":"https:\/\/pubeurope.com\/@no\/115802552642605407","error":""},"_links":{"self":[{"href":"https:\/\/www.europesays.com\/no\/wp-json\/wp\/v2\/posts\/123698","targetHints":{"allow":["GET"]}}],"collection":[{"href":"https:\/\/www.europesays.com\/no\/wp-json\/wp\/v2\/posts"}],"about":[{"href":"https:\/\/www.europesays.com\/no\/wp-json\/wp\/v2\/types\/post"}],"author":[{"embeddable":true,"href":"https:\/\/www.europesays.com\/no\/wp-json\/wp\/v2\/users\/2"}],"replies":[{"embeddable":true,"href":"https:\/\/www.europesays.com\/no\/wp-json\/wp\/v2\/comments?post=123698"}],"version-history":[{"count":0,"href":"https:\/\/www.europesays.com\/no\/wp-json\/wp\/v2\/posts\/123698\/revisions"}],"wp:featuredmedia":[{"embeddable":true,"href":"https:\/\/www.europesays.com\/no\/wp-json\/wp\/v2\/media\/123699"}],"wp:attachment":[{"href":"https:\/\/www.europesays.com\/no\/wp-json\/wp\/v2\/media?parent=123698"}],"wp:term":[{"taxonomy":"category","embeddable":true,"href":"https:\/\/www.europesays.com\/no\/wp-json\/wp\/v2\/categories?post=123698"},{"taxonomy":"post_tag","embeddable":true,"href":"https:\/\/www.europesays.com\/no\/wp-json\/wp\/v2\/tags?post=123698"}],"curies":[{"name":"wp","href":"https:\/\/api.w.org\/{rel}","templated":true}]}}