{"id":123705,"date":"2025-12-29T11:19:14","date_gmt":"2025-12-29T11:19:14","guid":{"rendered":"https:\/\/www.europesays.com\/no\/123705\/"},"modified":"2025-12-29T11:19:14","modified_gmt":"2025-12-29T11:19:14","slug":"trenger-vapenhvile-for-a-holde-folkeavstemning-om-fredsplan","status":"publish","type":"post","link":"https:\/\/www.europesays.com\/no\/123705\/","title":{"rendered":"Trenger v\u00e5penhvile for \u00e5 holde folkeavstemning om fredsplan"},"content":{"rendered":"<p class=\"extendedContent hyperion-css-eyn926\" data-test-tag=\"lead-text\">President Volodymyr Zelenskyj mener Ukraina b\u00f8r holde folkeavstemning om fredsplanen som diskuteres med USA. Han ber ogs\u00e5 om sikkerhetsgarantier fra Donald Trump.<\/p>\n<p><img decoding=\"async\" class=\"image-asset hyperion-css-u06ts1\" data-test-tag=\"image-asset\" src=\"https:\/\/www.europesays.com\/no\/wp-content\/uploads\/2025\/12\/eccbaef8-4ec8-4a16-a6a9-e27ef921e7e8.jpeg\"  alt=\"Fredsplanen som Ukraina diskuterer med USA, legger opp til 15 \u00e5r med amerikanske sikkerhetsgarantier, if\u00f8lge president Volodymyr Zelenskyj. Bildet av Zelenskyj ble tatt i februar i \u00e5r. \"  loading=\"eager\" fetchpriority=\"high\" style=\"aspect-ratio:2048 \/ 1365\"\/>Fredsplanen som Ukraina diskuterer med USA, legger opp til 15 \u00e5r med amerikanske sikkerhetsgarantier, if\u00f8lge president Volodymyr Zelenskyj. Bildet av Zelenskyj ble tatt i februar i \u00e5r. Foto: Tetiana Dzhafarova \/ Pool \/ AP \/ NTB<\/p>\n<p>Publisert: 29.12.2025 10:07 |\u00a0Oppdatert: 29.12.2025 12:02<\/p>\n<p class=\"paywall hyperion-css-1j42uic\">For \u00e5 kunne holde avstemningen trengs en v\u00e5penhvile som minst varer i 60 dager, sa presidenten i en samtale med journalister p\u00e5 Whatsapp mandag.<\/p>\n<p class=\"paywall hyperion-css-1j42uic\">Han mener Russland tydelig viser at landet ikke \u00f8nsker noen v\u00e5penhvile n\u00e5. <\/p>\n<p class=\"paywall hyperion-css-1j42uic\">Den 20 punkters lange fredsplanen ble diskutert av Zelenskyj og USAs president Donald Trump p\u00e5 et m\u00f8te i Florida s\u00f8ndag. <\/p>\n<p class=\"paywall hyperion-css-1j42uic\">B\u00e5de Trump og Zelenskyj sier man er enige om store deler av den amerikanske 20-punktsplanen. Zelenskyj sier alle temaene knyttet til fredsavtalen ble diskutert, og at det er 90 prosent enighet om den.<\/p>\n<p>Ba om sikkerhetsgarantier<\/p>\n<p class=\"paywall hyperion-css-1j42uic\">Zelenskyj sier planen b\u00f8r signeres av b\u00e5de Ukraina, Russland, Europa og USA. Han opplyser at fredsplanen legger opp til 15 \u00e5r med sikkerhetsgarantier fra USA. Selv har han bedt om sikkerhetsgarantier som skal vare i 50 \u00e5r.<\/p>\n<p class=\"paywall hyperion-css-1j42uic\">\u2013 Jeg sa til ham (Trump) at vi allerede har en p\u00e5g\u00e5ende krig, og den har p\u00e5g\u00e5tt i nesten 15 \u00e5r. S\u00e5 jeg \u00f8nsket virkelig at garantiene skulle v\u00e6re lengre, sa Zelenskyj i samtalen med journalister.<\/p>\n<p class=\"paywall hyperion-css-1j42uic\">\u2013 Jeg sa til ham at vi virkelig \u00f8nsker \u00e5 vurdere muligheten for 30, 40, 50 \u00e5r, la han til.<\/p>\n<p class=\"paywall hyperion-css-1j42uic\">Han sa at Trumps svar var at han ville tenke p\u00e5 det.<\/p>\n<p>Gjentok russiske krav<\/p>\n<p class=\"paywall hyperion-css-1j42uic\">F\u00f8r m\u00f8tet med Zelenskyj s\u00f8ndag hadde Trump en telefonsamtale med Russlands president Vladimir Putin. Russiske myndigheter varslet mandag at Putin og Trump snart skal ha en ny telefonsamtale, men dette er s\u00e5 langt ikke bekreftet av USA.<\/p>\n<p class=\"paywall hyperion-css-1j42uic\">Den russiske regjeringens talsmann Dmitrij Peskov gjentok samtidig det russiske kravet om at Ukraina m\u00e5 trekke sine styrker ut av omr\u00e5dene som de fortsatt kontrollerer i den ukrainske Donbas-regionen.<\/p>\n<p class=\"paywall hyperion-css-1j42uic\">Peskov sa at det forel\u00f8pig ikke er planlagt noen samtale mellom Putin og Zelenskyj.<\/p>\n<p>Flere m\u00f8ter framover<\/p>\n<p class=\"paywall hyperion-css-1j42uic\">If\u00f8lge Zelenskyj skal han og Trump m\u00f8te europeiske ledere i Washington neste m\u00e5ned, og Frankrikes president Emmanuel Macron har tidligere sagt at Ukrainas allierte skal m\u00f8tes i Paris i starten av januar. Dette m\u00f8tet skal if\u00f8lge Macron handle om \u00e5 konkretisere hva hvert land skal bidra med til Ukraina.<\/p>\n<p class=\"paywall hyperion-css-1j42uic\">Statsminister Jonas Gahr St\u00f8re (Ap) sier i en uttalelse at USA, Europa og Ukraina kommer til \u00e5 snakke videre om en fredsavtale de n\u00e6rmeste dagene.<\/p>\n<p class=\"paywall hyperion-css-1j42uic\">Han deltok s\u00f8ndag i et telefonm\u00f8te med blant andre Trump, Zelenskyj og andre europeiske ledere.<\/p>\n<p class=\"paywall hyperion-css-1j42uic\"> \u2013 Vi diskuterte konkrete punkter for \u00e5 f\u00e5 en slutt p\u00e5 krigen og en varig og rettferdig fredsl\u00f8sning for Ukraina. Den n\u00e6re kontakten mellom USA, Europa og Ukraina vil fortsette over de neste dagene, sier St\u00f8re.<\/p>\n","protected":false},"excerpt":{"rendered":"President Volodymyr Zelenskyj mener Ukraina b\u00f8r holde folkeavstemning om fredsplanen som diskuteres med USA. Han ber ogs\u00e5 om&hellip;\n","protected":false},"author":2,"featured_media":123706,"comment_status":"","ping_status":"","sticky":false,"template":"","format":"standard","meta":{"footnotes":""},"categories":[12],"tags":[20,21,24,25,15,22,23,13,30,28,29,14,16,26,27,42,43,44,45],"class_list":{"0":"post-123705","1":"post","2":"type-post","3":"status-publish","4":"format-standard","5":"has-post-thumbnail","7":"category-verden","8":"tag-breaking-news","9":"tag-breakingnews","10":"tag-featured-news","11":"tag-featurednews","12":"tag-headlines","13":"tag-latest-news","14":"tag-latestnews","15":"tag-news","16":"tag-no","17":"tag-norge","18":"tag-norway","19":"tag-nyheter","20":"tag-overskrifter","21":"tag-top-stories","22":"tag-topstories","23":"tag-verden","24":"tag-world","25":"tag-world-news","26":"tag-worldnews"},"share_on_mastodon":{"url":"https:\/\/pubeurope.com\/@no\/115802588336135617","error":""},"_links":{"self":[{"href":"https:\/\/www.europesays.com\/no\/wp-json\/wp\/v2\/posts\/123705","targetHints":{"allow":["GET"]}}],"collection":[{"href":"https:\/\/www.europesays.com\/no\/wp-json\/wp\/v2\/posts"}],"about":[{"href":"https:\/\/www.europesays.com\/no\/wp-json\/wp\/v2\/types\/post"}],"author":[{"embeddable":true,"href":"https:\/\/www.europesays.com\/no\/wp-json\/wp\/v2\/users\/2"}],"replies":[{"embeddable":true,"href":"https:\/\/www.europesays.com\/no\/wp-json\/wp\/v2\/comments?post=123705"}],"version-history":[{"count":0,"href":"https:\/\/www.europesays.com\/no\/wp-json\/wp\/v2\/posts\/123705\/revisions"}],"wp:featuredmedia":[{"embeddable":true,"href":"https:\/\/www.europesays.com\/no\/wp-json\/wp\/v2\/media\/123706"}],"wp:attachment":[{"href":"https:\/\/www.europesays.com\/no\/wp-json\/wp\/v2\/media?parent=123705"}],"wp:term":[{"taxonomy":"category","embeddable":true,"href":"https:\/\/www.europesays.com\/no\/wp-json\/wp\/v2\/categories?post=123705"},{"taxonomy":"post_tag","embeddable":true,"href":"https:\/\/www.europesays.com\/no\/wp-json\/wp\/v2\/tags?post=123705"}],"curies":[{"name":"wp","href":"https:\/\/api.w.org\/{rel}","templated":true}]}}