{"id":123707,"date":"2025-12-29T11:20:14","date_gmt":"2025-12-29T11:20:14","guid":{"rendered":"https:\/\/www.europesays.com\/no\/123707\/"},"modified":"2025-12-29T11:20:14","modified_gmt":"2025-12-29T11:20:14","slug":"jeg-har-en-drom","status":"publish","type":"post","link":"https:\/\/www.europesays.com\/no\/123707\/","title":{"rendered":"\u2013 Jeg har en dr\u00f8m"},"content":{"rendered":"\n<ul class=\"_list_o9xde_3 _list_64s2r_85 _unordered_o9xde_106 text-sans-m\">\n<li class=\"_item_o9xde_30\">Marie Sneve Martinussen, R\u00f8dts partileder, fyller 40 rett f\u00f8r nytt\u00e5r og ser frem til \u00e5 feire med champagne.<\/li>\n<li class=\"_item_o9xde_30\">Hun reflekterer over generasjonsskiller og oppveksten i Kirkenes, langt unna Oslo-makten.<\/li>\n<li class=\"_item_o9xde_30\">Martinussen avsl\u00f8rer sitt nytt\u00e5rsforsett: Et \u00f8nske om \u00e5 lese mer skj\u00f8nnlitteratur. Men hun har ingen planer om \u00e5 spise mindre godteri.<\/li>\n<\/ul>\n<p>Vis mer <\/p>\n<p class=\"_paragraph_o9xde_4 _paragraph_xtcu6_10 layout-component text-serif-m layout-normal text-serif-m layout-padded _medium_xtcu6_25\">Bli med inn i hodet p\u00e5 Stortingets yngste partileder \u2013 rett f\u00f8r hun bobler av g\u00e5rde i bursdagsrus og nytt\u00e5rsfeiring.<\/p>\n<p class=\"_paragraph_o9xde_4 _paragraph_xtcu6_10 layout-component text-serif-m layout-normal text-serif-m layout-padded\">\u2013 Champagne har v\u00e6rt en kommunistisk drikkkommunistisk drikkAllerede i 1936 utstedte Sovjetunionens diktator Josef Stalin  en resolusjon om produksjon av sovjetisk champagne. Kilde: Norske vinklubbers Forbund. helt siden Stalin. Er champagne en drikk som passer i R\u00f8dt-land?<\/p>\n<p class=\"_paragraph_o9xde_4 _paragraph_xtcu6_10 layout-component text-serif-m layout-normal text-serif-m layout-padded\">\u2013 Man kan spise og drikke akkurat det man vil i R\u00f8dt, svarer Martinussen.<\/p>\n<p class=\"_paragraph_o9xde_4 _paragraph_xtcu6_10 layout-component text-serif-m layout-normal text-serif-m layout-padded\">Vi sp\u00f8r fordi hun fyller 40 \u00e5r tirsdag 30. desember \u2013 og at dagen etter er nytt\u00e5rsaften. To gode champagne-muligheter p\u00e5 rad.<\/p>\n<p class=\"_paragraph_o9xde_4 _paragraph_xtcu6_10 layout-component text-serif-m layout-normal text-serif-m layout-padded\">\u2013 Jeg tar gjerne et glass champagne, det er veldig godt. Hvis jeg f\u00e5r velge, blir det champagne begge dagene.<\/p>\n<p><img alt=\"\" class=\"_image_qp4xg_65 layout-component layout-normal\" data-fullscreen- data-track-element-type=\"Article image fullscreen\" data-track-name=\"ImageFullscreen\" decoding=\"async\" loading=\"lazy\" height=\"5210\" itemprop=\"image\"  src=\"https:\/\/www.europesays.com\/no\/wp-content\/uploads\/2025\/12\/c8c8de9a-e3e8-4b40-812f-9e756df2d5fe.jpeg\"  style=\"object-position:0% 0%\" width=\"3908\"\/><\/p>\n<p class=\"_paragraph_o9xde_4 _paragraph_xtcu6_10 layout-component text-serif-m layout-normal text-serif-m layout-padded\">Hun sier at feiringen skal skje hjemme i Moss \u2013 med n\u00e6rmeste familie, etter julefeiringen hos foreldrene i Kirkenes.<\/p>\n<p class=\"_paragraph_o9xde_4 _paragraph_xtcu6_10 layout-component text-serif-m layout-normal text-serif-m layout-padded\">\u2013 Kjenner du p\u00e5 at det er kjipt \u00e5 legge 30-\u00e5rene bak deg og bli 40?<\/p>\n<p class=\"_paragraph_o9xde_4 _paragraph_xtcu6_10 layout-component text-serif-m layout-normal text-serif-m layout-padded\">\u2013 Jeg f\u00f8ler at jeg g\u00e5r inn i en midt i livet-fase, med litt st\u00f8rre barn \u2013 en s\u00f8nn p\u00e5 seks og mange tanteunger \u2013 og fortsatt friske foreldre, svarer hun.<\/p>\n<p class=\"_paragraph_o9xde_4 _paragraph_xtcu6_10 layout-component text-serif-m layout-normal text-serif-m layout-padded\">\u2013 Midt mellom generasjoner er et veldig fint sted \u00e5 v\u00e6re. Og s\u00e5 er jeg helt sikker p\u00e5 at jeg kommer til \u00e5 savne det n\u00e5r foreldrene mine blir eldre og etter hvert ikke er der. Derfor drar jeg hjem til mamma i Kirkenes til jul. <\/p>\n<p class=\"_paragraph_o9xde_4 _paragraph_xtcu6_10 layout-component text-serif-m layout-normal text-serif-m layout-padded\">\u2013 Merker du en generasjonsforskjell mellom deg og eksempelvis Jonas Gahr St\u00f8re; d\u00e5rlige vitserd\u00e5rlige vitserDet m\u00e5 understrekes at det er et generelt sp\u00f8rsm\u00e5l som ikke er basert p\u00e5 erfaring av at St\u00f8re forteller den type vitser. eller annet som skiller en kvinne p\u00e5 40 og en mann p\u00e5 65?<\/p>\n<p class=\"_paragraph_o9xde_4 _paragraph_xtcu6_10 layout-component text-serif-m layout-normal text-serif-m layout-padded\">\u2013 Vi kommer fra veldig ulike deler av landet. Jeg tror det har mer \u00e5 si enn alder. Jeg har veldig respekt for ham og snakker godt med ham. Men jeg merker at jeg har vokst opp i et gruvemilj\u00f8 i \u00d8st-Finnmark, n\u00e5r jeg er blant eliten her i Oslo.<\/p>\n<p><img alt=\"Foto: Paul S. Amundsen \/ NTB\" class=\"_image_qp4xg_65 layout-component layout-normal\" data-fullscreen- data-track-element-type=\"Article image fullscreen\" data-track-name=\"ImageFullscreen\" decoding=\"async\" loading=\"lazy\" height=\"4499\" itemprop=\"image\"  src=\"https:\/\/www.europesays.com\/no\/wp-content\/uploads\/2025\/12\/69b8ab7b-ae21-42c4-8da3-c96307f0da8d.png\"  style=\"object-position:0% 0%\" width=\"5998\"\/>Foto: Paul S. Amundsen \/ NTB<\/p>\n<p class=\"_paragraph_o9xde_4 _paragraph_xtcu6_10 layout-component text-serif-m layout-normal text-serif-m layout-padded\">\u2013 S\u00e5 du var en del av arbeiderklassen fra f\u00f8rste stund?<\/p>\n<p class=\"_paragraph_o9xde_4 _paragraph_xtcu6_10 layout-component text-serif-m layout-normal text-serif-m layout-padded\">\u2013 Alle som er fra \u00f8st i Finnmark vil si at det er veldig langt unna Oslo, uansett hvilket yrke du har. Jeg vokste opp med at maktenmaktenVG skriver vanligvis makten og gruven, men fordi hun med s\u00e5 stor kraft sier b\u00e5de makta, trua og gruva, s\u00e5 gjengir vi det denne gangen. i Oslo var veldig langt unna. P\u00e5 den tiden ble sykehuset trua med nedleggelse, selve monumentet i Kirkenes, gruven, ble lagt ned etter et stortingsvedtak.<\/p>\n<p class=\"_paragraph_o9xde_4 _paragraph_xtcu6_10 layout-component text-serif-m layout-normal text-serif-m layout-padded\"><strong class=\"_strong_o9xde_25\">Det r\u00f8de politiske blodet er ikke noe hun har arvet.<\/strong><\/p>\n<p class=\"_paragraph_o9xde_4 _paragraph_xtcu6_10 layout-component text-serif-m layout-normal text-serif-m layout-padded\">\u2013 Ingen av foreldrene mine sto i partier. Jeg meldte meg inn i R\u00f8dt da jeg var noen-og-tyve \u00e5r.<\/p>\n<p class=\"_paragraph_o9xde_4 _paragraph_xtcu6_10 layout-component text-serif-m layout-normal text-serif-m layout-padded\">\u2013 Var du skoleflink?<\/p>\n<p class=\"_paragraph_o9xde_4 _paragraph_xtcu6_10 layout-component text-serif-m layout-normal text-serif-m layout-padded\">\u2013 Jeg l\u00e6rte \u00e5 lese veldig sent, men jeg var flink p\u00e5 skolen. Jeg hadde planer om \u00e5 bli realfagsl\u00e6rer, men matte p\u00e5 universitetet ble veldig abstrakt, s\u00e5 samfunns\u00f8konomisamfunns\u00f8konomiHun har master i samfunns\u00f8konomi ved Universitetet i Oslo. var bedre.<\/p>\n<p> For velgerne er R\u00f8dt-sjefen etter hvert blitt kjent som politiker \u2013 men ikke som menneske. <img alt=\"Foto: Javad Parsa \/ NTB\" class=\"_image_qp4xg_65 layout-component layout-fullscreen\" data-fullscreen- data-track-element-type=\"Article image fullscreen\" data-track-name=\"ImageFullscreen\" decoding=\"async\" loading=\"lazy\" height=\"4320\" itemprop=\"image\"  src=\"https:\/\/www.europesays.com\/no\/wp-content\/uploads\/2025\/12\/c3c643cd-c759-4f31-bbae-94392ed00bf9.jpeg\"  style=\"object-position:60.62499999999999% 38.7962962962963%\" width=\"6480\"\/>Foto: Javad Parsa \/ NTB<\/p>\n<p class=\"_paragraph_o9xde_4 _paragraph_xtcu6_10 layout-component text-serif-m layout-normal text-serif-m layout-padded\">\u2013 Hvem er du?<\/p>\n<p class=\"_paragraph_o9xde_4 _paragraph_xtcu6_10 layout-component text-serif-m layout-normal text-serif-m layout-padded\">\u2013 Jeg tror jeg er ganske blid og har en positiv grunnholdning. S\u00e5 er jeg veldig glad i kos. Jeg hadde en mor som gikk p\u00e5 husmorskolenhusmorskolenEn type fagskole i fra sent 1800-tall til 1970-tallet, som ga praktisk oppl\u00e6ring i matlaging, rengj\u00f8ring, h\u00e5ndarbeid, hygiene, barnestell og \u00f8konomi for jenter, spesielt med fokus p\u00e5 \u00e5 heve standarden i hjemmet for husm\u00f8dre., og en bestemor som var husmor, s\u00e5 jeg er veldig glad i \u00e5 bake og stelle. Jeg er veldig barnslig og veldig, veldig glad i kaker. <\/p>\n<p class=\"_paragraph_o9xde_4 _paragraph_xtcu6_10 layout-component text-serif-m layout-normal text-serif-m layout-padded\">\u2013 Hvor mange sorter til jul?<\/p>\n<p class=\"_paragraph_o9xde_4 _paragraph_xtcu6_10 layout-component text-serif-m layout-normal text-serif-m layout-padded\">\u2013 Det ble nok bare tre; <a href=\"https:\/\/www.matprat.no\/oppskrifter\/tradisjon\/brune-pinner\/\" class=\"_link_o9xde_39\" rel=\"nofollow noopener\" target=\"_blank\">brune pinner<\/a>, pepperkaker og smultringer. <\/p>\n<p class=\"_paragraph_o9xde_4 _paragraph_xtcu6_10 layout-component text-serif-m layout-normal text-serif-m layout-padded\">\u2013 Du er ogs\u00e5 bassist?<\/p>\n<p class=\"_paragraph_o9xde_4 _paragraph_xtcu6_10 layout-component text-serif-m layout-normal text-serif-m layout-padded\">Hun ler.<\/p>\n<p> Trykk p\u00e5 symbolet nede til h\u00f8yre for lyd.  <\/p>\n<p class=\"_paragraph_o9xde_4 _paragraph_xtcu6_10 layout-component text-serif-m layout-normal text-serif-m layout-padded\">\u2013 Det var nesten f\u00f8r internett at jeg spilte aktivt. Jeg begynte \u00e5 spille i 2008, da jeg var 23 \u00e5r. I fjor sto jeg p\u00e5 scenen med Ravi.<\/p>\n<p class=\"_paragraph_o9xde_4 _paragraph_xtcu6_10 layout-component text-serif-m layout-normal text-serif-m layout-padded\">Bandet het Making Marks \u2013 \u00ab\u00e5 sette avtrykk\u00bb. F\u00f8rst kalte de seg My little ponyMy little ponyNorsk indiepop-band med f\u00f8lgende medlemmer: Ola Innset, Nina B\u00f8, Simen Herning, J\u00f8rgen Nordby, Marie Sneve Martinussen.<br \/>\nByttet navn til Making Marks i 2012. .<\/p>\n<p class=\"_paragraph_o9xde_4 _paragraph_xtcu6_10 layout-component text-serif-m layout-normal text-serif-m layout-padded\">\u2013 Vi har en lang pause n\u00e5, siden alle har unger. Men vi har ikke lagt opp. Jeg har fortsatt bassen, p\u00e5 Stortinget, faktisk.<\/p>\n<p><img alt=\"\" class=\"_image_qp4xg_65 layout-component layout-normal\" data-fullscreen- data-track-element-type=\"Article image fullscreen\" data-track-name=\"ImageFullscreen\" decoding=\"async\" loading=\"lazy\" height=\"5371\" itemprop=\"image\"  src=\"https:\/\/www.europesays.com\/no\/wp-content\/uploads\/2025\/12\/76407487-f855-4048-b7ae-1f69128c21e7.png\"  style=\"object-position:0% 0%\" width=\"7162\"\/><\/p>\n<p class=\"_paragraph_o9xde_4 _paragraph_xtcu6_10 layout-component text-serif-m layout-normal text-serif-m layout-padded\">Vi g\u00e5r en tur i Oslo sentrum og tusler inn p\u00e5 Kaffistova, hvor det er fullt i hovedrestauranten i f\u00f8rste etasje.<\/p>\n<p class=\"_paragraph_o9xde_4 _paragraph_xtcu6_10 layout-component text-serif-m layout-normal text-serif-m layout-padded\">Mens vi fors\u00f8ker \u00e5 krangle oss til bord, skanner Martinussen disken, hvor det bugner av kaker.<\/p>\n<p class=\"_paragraph_o9xde_4 _paragraph_xtcu6_10 layout-component text-serif-m layout-normal text-serif-m layout-padded\">Vi tenker i retning av \u00e5 g\u00e5, men blir tilbudt en plass i kjelleretasjen \u2013 hvor det mildt sagt er ganske m\u00f8rkt og kantinetrist.<\/p>\n<p class=\"_paragraph_o9xde_4 _paragraph_xtcu6_10 layout-component text-serif-m layout-normal text-serif-m layout-padded\">Da servit\u00f8ren kommer, tenker vi tilbake p\u00e5 skanningen hennes der oppe i varmen. Mens vi andre tar sm\u00f8rbr\u00f8d med egger\u00f8re og laks, kommer det kontant fra Martinussen:<\/p>\n<p class=\"_paragraph_o9xde_4 _paragraph_xtcu6_10 layout-component text-serif-m layout-normal text-serif-m layout-padded\"><strong class=\"_strong_o9xde_25\">\u2013 Jeg skal ha dessert.<\/strong><\/p>\n<p class=\"_paragraph_o9xde_4 _paragraph_xtcu6_10 layout-component text-serif-m layout-normal text-serif-m layout-padded\">\u2013 Bare dessert, til lunsj?<\/p>\n<p class=\"_paragraph_o9xde_4 _paragraph_xtcu6_10 layout-component text-serif-m layout-normal text-serif-m layout-padded\">\u2013 En <a href=\"https:\/\/www.matprat.no\/oppskrifter\/gjester\/suksessterte\/\" class=\"_link_o9xde_39\" rel=\"nofollow noopener\" target=\"_blank\">suksessterte<\/a> med kaffe, takk.<\/p>\n<p><img alt=\"\" class=\"_image_qp4xg_65 layout-component layout-normal\" data-fullscreen- data-track-element-type=\"Article image fullscreen\" data-track-name=\"ImageFullscreen\" decoding=\"async\" loading=\"lazy\" height=\"4370\" itemprop=\"image\"  src=\"https:\/\/www.europesays.com\/no\/wp-content\/uploads\/2025\/12\/f600d4b4-0cee-48d2-a563-86b1a88c8e9c.png\"  style=\"object-position:0% 0%\" width=\"5827\"\/><\/p>\n<p class=\"_paragraph_o9xde_4 _paragraph_xtcu6_10 layout-component text-serif-m layout-normal text-serif-m layout-padded\">Den r\u00f8de munnen hennes sprekker opp i et stort smil. Vi fors\u00f8ker \u00e5 fjerne det ved \u00e5 henvise til R\u00f8dts prinsipprogram fra 2019, hvor m\u00e5let ble beskrevet slik:<\/p>\n<p class=\"_paragraph_o9xde_4 _paragraph_xtcu6_10 layout-component text-serif-m layout-normal text-serif-m layout-padded\">\u00abEn verden der alle mennesker er like mye verdt \u2013 og der grunnprinsippet er \u2019yte etter evne, f\u00e5 etter behov\u2019. Det var dette Karl Marx Karl Marx Karl Marx var en tysk filosof, \u00f8konom og politisk tenker p\u00e5 1800-tallet. Han er mest kjent for \u00e5 ha utviklet kommunismen som ideologi. Hans politiske filosofi kalles marxisme.kalte kommunisme.\u00bb<\/p>\n<p class=\"_paragraph_o9xde_4 _paragraph_xtcu6_10 layout-component text-serif-m layout-normal text-serif-m layout-padded\">\u2013 Det prinsipprogrammet gjelder enn\u00e5?<\/p>\n<p class=\"_paragraph_o9xde_4 _paragraph_xtcu6_10 layout-component text-serif-m layout-normal text-serif-m layout-padded\">\u2013 Ja, nikker hun.<\/p>\n<p class=\"_paragraph_o9xde_4 _paragraph_xtcu6_10 layout-component text-serif-m layout-normal text-serif-m layout-padded\">Men s\u00e5 har R\u00f8dt laget et partiprogram for 2025 til 2029 hvor det st\u00e5r: \u00abR\u00f8dt jobber for et samfunn som er mer demokratisk enn dagens, et samfunn hvor de store beslutningene blir tatt i fellesskap. Vi kaller dette et sosialistisk samfunn.\u00bb<\/p>\n<p class=\"_paragraph_o9xde_4 _paragraph_xtcu6_10 layout-component text-serif-m layout-normal text-serif-m layout-padded\">\u2013 Dere nevner ikke kommunisme i partiprogrammet frem til 2029?<\/p>\n<p class=\"_paragraph_o9xde_4 _paragraph_xtcu6_10 layout-component text-serif-m layout-normal text-serif-m layout-padded\">\u2013 R\u00f8dt er et demokratisk, sosialistisk parti. Det handler om at vi jobber for et samfunn med mindre forskjeller og mer folkestyre. I prinsipprogrammet er sosialisme nevnt minst 50 ganger f\u00f8r den Marx-referansen du har funnet.<\/p>\n<p class=\"_paragraph_o9xde_4 _paragraph_xtcu6_10 layout-component text-serif-m layout-normal text-serif-m layout-padded\">\u2013 Er dette en glideflukt tilpasset at vi m\u00e5 ned p\u00e5 promilleniv\u00e5 for \u00e5 finne ihuga kommunister i Norge i dag?<\/p>\n<p class=\"_paragraph_o9xde_4 _paragraph_xtcu6_10 layout-component text-serif-m layout-normal text-serif-m layout-padded\">\u2013 Vi har medlemmer som kaller seg b\u00e5de sosialdemokrater og <a href=\"https:\/\/snl.no\/anarkisme\" class=\"_link_o9xde_39\" rel=\"nofollow noopener\" target=\"_blank\">anarkister<\/a>. Du trenger ikke besverge deg til noen som helst \u00abisme\u00bb, svarer Martinussen.<\/p>\n<p class=\"_paragraph_o9xde_4 _paragraph_xtcu6_10 layout-component text-serif-m layout-normal text-serif-m layout-padded\">\u2013 Kommunisme forbindes for de fleste i Norge i dag med autorit\u00e6re regimer som har sultet og <a href=\"https:\/\/snl.no\/Den_store_terroren\" class=\"_link_o9xde_39\" rel=\"nofollow noopener\" target=\"_blank\">drept millioner av mennesker<\/a>. Sosialisme uten demokrati er ikke sosialisme. Det er v\u00e5r klare fornying, sier hun og legger til:<\/p>\n<p class=\"_paragraph_o9xde_4 _paragraph_xtcu6_10 layout-component text-serif-m layout-normal text-serif-m layout-padded\">\u2013 Vi har tatt et grundig oppgj\u00f8r med bevegelser<strong class=\"_strong_o9xde_25\"> <\/strong>f\u00f8r oss, som ikke har tatt et tydelig oppgj\u00f8r med autorit\u00e6re regimerautorit\u00e6re regimerEn autorit\u00e6r styreform er et regime der makten er samlet hos \u00e9n leder eller en liten gruppe, uten reell politisk frihet for folket, og der myndighetene krever streng lydighet og bruker kontroll for \u00e5 opprettholde makten, ofte uten \u00e5 tillate reelle valg, men hvor det kan eksistere noe privatliv frihet..<\/p>\n<p><img alt=\"\" class=\"_image_qp4xg_65 layout-component layout-normal\" data-fullscreen- data-track-element-type=\"Article image fullscreen\" data-track-name=\"ImageFullscreen\" decoding=\"async\" loading=\"lazy\" height=\"5267\" itemprop=\"image\"  src=\"https:\/\/www.europesays.com\/no\/wp-content\/uploads\/2025\/12\/30840a3f-7379-4fa0-9d40-c4e512b7543b.jpeg\"  style=\"object-position:0% 0%\" width=\"3949\"\/><\/p>\n<p class=\"_paragraph_o9xde_4 _paragraph_xtcu6_10 layout-component text-serif-m layout-normal text-serif-m layout-padded\">R\u00f8dt s\u00e5 dagens lys i 2007 med folk fra R\u00f8d ValgallianseR\u00f8d ValgallianseR\u00f8d Valgallianse (RV) var en norsk politisk allianse som eksisterte fra 1973 til 2007, da den ble en del av R\u00f8dt., Arbeidernes kommunistparti (AKPAKPArbeidernes kommunistparti var et norsk kommunistisk parti som eksisterte fra 1973 til 2007, da det ble en del av R\u00f8dt.) og andre mindre venstreside-milj\u00f8er som oppstartsbase. Ti \u00e5r etter fikk de sin f\u00f8rste stortingsrepresentant, Bj\u00f8rnar MoxnesBj\u00f8rnar MoxnesVi kommer tilbake til han.. Det var bare en begynnelse.<\/p>\n<p class=\"_paragraph_o9xde_4 _paragraph_xtcu6_10 layout-component text-serif-m layout-normal text-serif-m layout-padded\">I 2023 fikk R\u00f8dt inn \u00e5tte representanter p\u00e5 Stortinget. N\u00e5 i desember har partiet i snitt 6,7 prosent av stemmene <a href=\"https:\/\/www.pollofpolls.no\/?cmd=Stortinget\" class=\"_link_o9xde_39\" rel=\"nofollow noopener\" target=\"_blank\">p\u00e5 m\u00e5lingene<\/a>.<\/p>\n<p class=\"_paragraph_o9xde_4 _paragraph_xtcu6_10 layout-component text-serif-m layout-normal text-serif-m layout-padded\">Det gj\u00f8r det tradisjonelt utskjelte raddispartietraddispartietRaddis er et norsk slanguttrykk for en radikal person, ofte brukt om venstreorienterte, politisk engasjerte ungdommer fra 1970- og 80-tallet, og assosieres med politisk musikk, protestbevegelser, og kultur. helt til venstre i norsk politikk til det nest st\u00f8rste r\u00f8dgr\u00f8nne partiet, kun sl\u00e5tt av Arbeiderpartiet.<\/p>\n<p class=\"_paragraph_o9xde_4 _paragraph_xtcu6_10 layout-component text-serif-m layout-normal text-serif-m layout-padded\">For den evige storebroren der ute p\u00e5 venstresiden, SV, har bare 5,1 prosent, mens Senterpartiet har 5,8 og MDG 4,5.<\/p>\n<p class=\"_paragraph_o9xde_4 _paragraph_xtcu6_10 layout-component text-serif-m layout-normal text-serif-m layout-padded\">\u2013 Skyldes suksessen at du \u00absatte deg p\u00e5 fanget\u00bb til statsminister St\u00f8re og inngikk forlik med hans parti lenge f\u00f8r SV og MDG ble tvunget til \u00e5 gj\u00f8re det samme?<\/p>\n<p class=\"_paragraph_o9xde_4 _paragraph_xtcu6_10 layout-component text-serif-m layout-normal text-serif-m layout-padded\">\u2013 Jeg tror det skyldes at R\u00f8dt er opptatt av faktisk forandring for folk flest. Vi driver med politikk for \u00e5 levere resultater, svarer hun og leverer korte suksesspunkter:<\/p>\n<p class=\"_paragraph_o9xde_4 _paragraph_xtcu6_10 layout-component text-serif-m layout-normal text-serif-m layout-padded\">\u2013 Tannhelsereform TannhelsereformOppstart av en reform som skal f\u00e5 ned store kostnader ved \u00e5 g\u00e5 til tannlege., \u00f8kt fribel\u00f8pet for uf\u00f8refribel\u00f8pet for uf\u00f8reFribel\u00f8pet for uf\u00f8re \u00f8ker gradvis fra 0,4 G(52.000 kroner) og skal g\u00e5 opp til 1 G (ca. 130 000 kr) i l\u00f8pet av 2026, men full effekt f\u00f8rst fra 1. januar 2027. Fribel\u00f8p er den inntekten en uf\u00f8retrygdet kan ha ved siden av trygden uten at utbetalingen reduseres (avkortes). og stanse gruvedrift p\u00e5 havbunnenstanse gruvedrift p\u00e5 havbunnenFrem til 2029.. <\/p>\n<p><img alt=\"\" class=\"_image_qp4xg_65 layout-component layout-normal\" data-fullscreen- data-track-element-type=\"Article image fullscreen\" data-track-name=\"ImageFullscreen\" decoding=\"async\" loading=\"lazy\" height=\"4853\" itemprop=\"image\"  src=\"https:\/\/www.europesays.com\/no\/wp-content\/uploads\/2025\/12\/96fb2a9c-4215-4448-b289-a81c837d7d4f.png\"  style=\"object-position:0% 0%\" width=\"6469\"\/><\/p>\n<p class=\"_paragraph_o9xde_4 _paragraph_xtcu6_10 layout-component text-serif-m layout-normal text-serif-m layout-padded\">\u2013 Du har tidligere antydet at det ikke b\u00f8r ses p\u00e5 som utenkelig at dere kan ende i regjering. Do you have a dream?<\/p>\n<p class=\"_paragraph_o9xde_4 _paragraph_xtcu6_10 layout-component text-serif-m layout-normal text-serif-m layout-padded\">\u2013 Jeg har en dr\u00f8m om \u00e5 flytte makt og rikdom i Norge. Og ja; vi kan prinsipielt bli med i en regjering, men det trengs store strukturelle gjennomslag, svarer Martinussen.<\/p>\n<p class=\"_paragraph_o9xde_4 _paragraph_xtcu6_10 layout-component text-serif-m layout-normal text-serif-m layout-padded\">\u2013 Det m\u00e5 skje store endringer som rettferdiggj\u00f8r at vi g\u00e5r inn i regjering. Vi har litt for mange ganger sett med partier som har g\u00e5tt inn i regjering, at partiet er blitt mer forandret enn de har klart \u00e5 forandre Norge. Det er vi bevisste p\u00e5.<\/p>\n<p class=\"_paragraph_o9xde_4 _paragraph_xtcu6_10 layout-component text-serif-m layout-normal text-serif-m layout-padded\">Martinussen navngir SV og Sp som to partier hun mener har opplevd det n\u00e5r de har regjert med Ap.<\/p>\n<p class=\"_paragraph_o9xde_4 _paragraph_xtcu6_10 layout-component text-serif-m layout-normal text-serif-m layout-padded\">\u2013 Det er ikke ment som kritikk, bare et faktum. Det er vel anerkjent at SV etter hvert forsvant litt da de satt i regjering, og at vi s\u00e5 det samme med Sp.<\/p>\n<p class=\"_paragraph_o9xde_4 _paragraph_xtcu6_10 layout-component text-serif-m layout-normal text-serif-m layout-padded\">Hun legger til at det samme ogs\u00e5 har skjedd med de mindre partiene p\u00e5 h\u00f8yresiden.<\/p>\n<p class=\"_paragraph_o9xde_4 _paragraph_xtcu6_10 layout-component text-serif-m layout-normal text-serif-m layout-padded\">\u2013 <a href=\"https:\/\/lovdata.no\/register\/eosAvtalen\" class=\"_link_o9xde_39\" rel=\"nofollow noopener\" target=\"_blank\">E\u00d8S-avtalen<\/a> er en slik sak, som R\u00f8dt vil forandre, som <a href=\"https:\/\/www.vg.no\/nyheter\/i\/alxER7\/ap-toppene-gir-fem-garantier\" data-track-element-type=\"Link\" data-track-id=\"link:alxER7\" class=\"_link_o9xde_39\" rel=\"nofollow noopener\" target=\"_blank\">Ap aldri vil v\u00e6re med p\u00e5<\/a> \u00e5 undergrave?<\/p>\n<p class=\"_paragraph_o9xde_4 _paragraph_xtcu6_10 layout-component text-serif-m layout-normal text-serif-m layout-padded\">\u2013 For \u00e5 forandre Norge til det bedre m\u00e5 vi ogs\u00e5 jobbe sammen med demokratiske krefter utenfor Stortinget; som fagbevegelsen og milj\u00f8bevegelsen. Den jobben er mye vanskeligere \u00e5 gj\u00f8re som juniorpartner i regjerings\u00adforhandlinger bak lukkede d\u00f8rer.<\/p>\n<p class=\"_paragraph_o9xde_4 _paragraph_xtcu6_10 layout-component text-serif-m layout-normal text-serif-m layout-padded\">Martinussen konkluderer derfor slik:<\/p>\n<p class=\"_paragraph_o9xde_4 _paragraph_xtcu6_10 layout-component text-serif-m layout-normal text-serif-m layout-padded\">\u2013 Det er nok veldig langt frem for oss \u00e5 sitte i regjering n\u00e5r vi har saker som E\u00d8S-avtalen, som vi strides med regjeringen om.<\/p>\n<p><img alt=\"Foto: Lise \u00c5serud \/ NTB\" class=\"_image_qp4xg_65 layout-component layout-normal\" data-fullscreen- data-track-element-type=\"Article image fullscreen\" data-track-name=\"ImageFullscreen\" decoding=\"async\" loading=\"lazy\" height=\"3981\" itemprop=\"image\"  src=\"https:\/\/www.europesays.com\/no\/wp-content\/uploads\/2025\/12\/2b0b74ef-4d1a-4f53-b838-566cb446cb1d.jpeg\"  style=\"object-position:0% 0%\" width=\"5308\"\/>Foto: Lise \u00c5serud \/ NTB<\/p>\n<p class=\"_paragraph_o9xde_4 _paragraph_xtcu6_10 layout-component text-serif-m layout-normal text-serif-m layout-padded\">R\u00f8dt har i mange \u00e5r bevisst jobbet for \u00e5 f\u00e5 makt i LOs industriforbund, Fellesforbundet. De har f\u00e5tt flere inn i sentrale posisjoner i forbundet sentralt og vant store seire p\u00e5 landsm\u00f8tet for to \u00e5r siden.<\/p>\n<p class=\"_paragraph_o9xde_4 _paragraph_xtcu6_10 layout-component text-serif-m layout-normal text-serif-m layout-padded\">\u2013 Det har v\u00e6rt en bevisst og helt naturlig strategi for et sosialistisk parti \u00e5 samarbeide tettere med fagbevegelsen \u2013 det har v\u00e6rt en klar hovedoppgave siden 2012 \u2013 fordi vi \u00f8nsker \u00e5 v\u00e6re et parti for arbeidsfolk i Norge. Vi er veldig stolte over det, sier hun.<\/p>\n<p class=\"_paragraph_o9xde_4 _paragraph_xtcu6_10 layout-component text-serif-m layout-normal text-serif-m layout-padded\">\u2013 Det har v\u00e6rt en bevisst strategi av et sosialistisk parti \u2013 vi laget den i 2012 \u2013 fordi vi \u00f8nsker \u00e5 v\u00e6re et parti for arbeidsfolk i Norge.<\/p>\n<p><img alt=\"Foto: Ole Berg-Rusten \/ NTB\" class=\"_image_qp4xg_65 layout-component layout-normal\" data-fullscreen- data-track-element-type=\"Article image fullscreen\" data-track-name=\"ImageFullscreen\" decoding=\"async\" loading=\"lazy\" height=\"3769\" itemprop=\"image\"  src=\"https:\/\/www.europesays.com\/no\/wp-content\/uploads\/2025\/12\/4558446a-689b-4fc8-8862-2e5dd24ce0c4.jpeg\"  style=\"object-position:0% 0%\" width=\"5025\"\/>Foto: Ole Berg-Rusten \/ NTB<\/p>\n<p class=\"_paragraph_o9xde_4 _paragraph_xtcu6_10 layout-component text-serif-m layout-normal text-serif-m layout-padded\">\u2013 S\u00e5 om like mange \u00e5r \u2013 eller f\u00f8r \u2013 har dere kuppet og tatt over makten i Fellesforbundet?<\/p>\n<p class=\"_paragraph_o9xde_4 _paragraph_xtcu6_10 layout-component text-serif-m layout-normal text-serif-m layout-padded\">\u2013 Nei. Det er Fellesforbundets medlemmer som velger sine tillitsvalgte i sine demokratiske prosesser. Det har jeg stor respekt for. Og at noen av forbundets fremste tillitsvalgte ogs\u00e5 er R\u00f8dt-medlemmer er jeg derfor ogs\u00e5 veldig stolt over:<\/p>\n<p class=\"_paragraph_o9xde_4 _paragraph_xtcu6_10 layout-component text-serif-m layout-normal text-serif-m layout-padded\">\u2013 Forbundet har en god politikk p\u00e5 veldig mange omr\u00e5der, blant annet om krafteksport, fra sist landsm\u00f8te.<\/p>\n<p class=\"_paragraph_o9xde_4 _paragraph_xtcu6_10 layout-component text-serif-m layout-normal text-serif-m layout-padded\">\u2013 De fattet tre vedtak mot ledelsen p\u00e5 f\u00e5 minutter?<\/p>\n<p class=\"_paragraph_o9xde_4 _paragraph_xtcu6_10 layout-component text-serif-m layout-normal text-serif-m layout-padded\">\u2013 Ja, det var et vannskille for hvordan Norge diskuterer kraftpolitikk. Det er ikke fordi R\u00f8dt i en krok har bestemt oss for \u00e5 p\u00e5virke s\u00e5nn og s\u00e5nn. Men fordi vi har f\u00e5tt innflytelse i \u00e5pne demokratiske valg og voteringer.<\/p>\n<p class=\"_paragraph_o9xde_4 _paragraph_xtcu6_10 layout-component text-serif-m layout-normal text-serif-m layout-padded\">Hun legger til:<\/p>\n<p class=\"_paragraph_o9xde_4 _paragraph_xtcu6_10 layout-component text-serif-m layout-normal text-serif-m layout-padded\">\u2013 All makt er ikke p\u00e5 Stortinget.<\/p>\n<p> Men Marie Sneve Martinussen har en annen dr\u00f8m: \u00c5 vokse enda mer som parti.<img alt=\"\" class=\"_image_qp4xg_65 layout-component layout-fullscreen\" data-fullscreen- data-track-element-type=\"Article image fullscreen\" data-track-name=\"ImageFullscreen\" decoding=\"async\" loading=\"lazy\" height=\"5172\" itemprop=\"image\"  src=\"https:\/\/www.europesays.com\/no\/wp-content\/uploads\/2025\/12\/61996444-5c47-405c-8d5a-60d8994d4dd4.jpeg\"  style=\"object-position:50.16844469399214% 25.860402165506574%\" width=\"7124\"\/><\/p>\n<p class=\"_paragraph_o9xde_4 _paragraph_xtcu6_10 layout-component text-serif-m layout-normal text-serif-m layout-padded\">Det har strategiske konsekvenser:<\/p>\n<p class=\"_paragraph_o9xde_4 _paragraph_xtcu6_10 layout-component text-serif-m layout-normal text-serif-m layout-padded\">\u2013 Vi vil v\u00e6re et parti for dem som ikke har vokst opp i politikken. De som ikke har lest Klassekampen siden de var 13 \u00e5r.<\/p>\n<p class=\"_paragraph_o9xde_4 _paragraph_xtcu6_10 layout-component text-serif-m layout-normal text-serif-m layout-padded\"><strong class=\"_strong_o9xde_25\">R\u00f8dt-sjefen har med seg en jukselapp:<\/strong><\/p>\n<p class=\"_paragraph_o9xde_4 _paragraph_xtcu6_10 layout-component text-serif-m layout-normal text-serif-m layout-padded\">\u2013 F\u00f8r jul i fjor la vi frem maktstrategien til R\u00f8dt i tre punkter: <\/p>\n<ol class=\"_list_o9xde_3 _list_xtcu6_9 _ordered_o9xde_79 layout-component text-serif-m layout-normal text-serif-m layout-padded\">\n<li class=\"_item_o9xde_30\">Vi skulle bli s\u00e5 store og sterke at vi ikke var til \u00e5 komme utenom. Det klarte vi. <\/li>\n<li class=\"_item_o9xde_30\">Styrken skulle brukes til \u00e5 skape faktisk forandring. Det mener jeg vi klarte.<\/li>\n<li class=\"_item_o9xde_30\">Vi skulle forsterke folkestyret. Det mener jeg ogs\u00e5 at vi har f\u00e5tt til.<\/li>\n<\/ol>\n<p><img alt=\"\" class=\"_image_qp4xg_65 layout-component layout-normal\" data-fullscreen- data-track-element-type=\"Article image fullscreen\" data-track-name=\"ImageFullscreen\" decoding=\"async\" loading=\"lazy\" height=\"4761\" itemprop=\"image\"  src=\"https:\/\/www.europesays.com\/no\/wp-content\/uploads\/2025\/12\/101d578c-b43f-4bde-a3a2-b34d307b7b18.png\"  style=\"object-position:0% 0%\" width=\"6348\"\/><\/p>\n<p class=\"_paragraph_o9xde_4 _paragraph_xtcu6_10 layout-component text-serif-m layout-normal text-serif-m layout-padded\">For \u00e5 utdype det tredje punktet viser Martinussen til prosjekter i \u00e5rets budsjettforlik \u00abhvor regjeringen er forpliktet av stortingsflertallet, og enkeltvedtak som sikrer folkevalgt kontroll over statsbudsjettet og et p\u00e5begynt arbeid med Stortingets kontroll med EU-saker\u00bb.<\/p>\n<p class=\"_paragraph_o9xde_4 _paragraph_xtcu6_10 layout-component text-serif-m layout-normal text-serif-m layout-padded\">\u2013 Det overrasket mange at det var R\u00f8dt og ikke SV og MDG som f\u00f8rst ble enige med regjeringen?<\/p>\n<p class=\"_paragraph_o9xde_4 _paragraph_xtcu6_10 layout-component text-serif-m layout-normal text-serif-m layout-padded\"><strong class=\"_strong_o9xde_25\">\u2013 Skal du ha faktiske resultater, kan du ikke g\u00e5 p\u00e5 gangen.<\/strong><\/p>\n<p class=\"_paragraph_o9xde_4 _paragraph_xtcu6_10 layout-component text-serif-m layout-normal text-serif-m layout-padded\">Hun sier R\u00f8dt la til grunn at de skulle ha gjennomslag for noen viktige saker, og at partiet vet hva en kj\u00f8ttvektkj\u00f8ttvektI politikken betyr en kj\u00f8ttvekt at det i stor grad er de store partiene som vinner frem. er.<\/p>\n<p class=\"_paragraph_o9xde_4 _paragraph_xtcu6_10 layout-component text-serif-m layout-normal text-serif-m layout-padded\">\u2013 R\u00f8dt har et greit forhold til makt. V\u00e5r jobb er \u00e5 flytte makt fra EU til norsk folkestyre, og fra sjefer til arbeidstagere. Men: S\u00e5 forst\u00e5r vi maktforholdene med et Ap p\u00e5 28 prosent og vi p\u00e5 5,3 ved stortingsvalget. Da m\u00e5 vi ha tydelige prioriteringer. Og vi m\u00e5 si det samme f\u00f8r og etter valget, fordi det er det vi har lovet velgerne, poengterer hun.<\/p>\n<p class=\"_paragraph_o9xde_4 _paragraph_xtcu6_10 layout-component text-serif-m layout-normal text-serif-m layout-padded\">\u2013 Det ga oss en tyngde i forhandlingene sammenlignet med om vi skulle sittet og plukket fra en mye st\u00f8rre meny.<\/p>\n<p><img alt=\"Martinussen i budsjettforhandlinger med Aps Tonje Brenna.  Foto: Javad Parsa \/ NTB\" class=\"_image_qp4xg_65 layout-component layout-normal\" data-fullscreen- data-track-element-type=\"Article image fullscreen\" data-track-name=\"ImageFullscreen\" decoding=\"async\" loading=\"lazy\" height=\"5240\" itemprop=\"image\"  src=\"https:\/\/www.europesays.com\/no\/wp-content\/uploads\/2025\/12\/d61e72f2-aa16-4ce3-b332-28007808d62c.jpeg\"  style=\"object-position:0% 0%\" width=\"3932\"\/>Martinussen i budsjettforhandlinger med Aps Tonje Brenna.  Foto: Javad Parsa \/ NTB<\/p>\n<p class=\"_paragraph_o9xde_4 _paragraph_xtcu6_10 layout-component text-serif-m layout-normal text-serif-m layout-padded\">\u2013 Mener du at dere gjennom budsjettet har bidratt til at fattigdommen fattigdommenFN ansl\u00e5r at rundt 10 prosent av befolkningen i Norge lever under den relative fattigdomsgrensen, som er definert etter om du tjener mindre enn 60 prosent av medianinntekten. Medianinntekt er den midterste inntekten n\u00e5r alle inntekter sorteres fra lavest til h\u00f8yest: Halvparten tjener mindre, og halvparten tjener mer. Dette gir et mer representativt bilde av en  \u00abvanlig\u00bb inntekt enn gjennomsnittet, fordi den ikke p\u00e5virkes s\u00e5 mye av ekstremt h\u00f8ye inntekter. i Norge vil g\u00e5 ned?<\/p>\n<p class=\"_paragraph_o9xde_4 _paragraph_xtcu6_10 layout-component text-serif-m layout-normal text-serif-m layout-padded\">\u2013 Mange uf\u00f8re som kan jobbe litt, vil sitte igjen med mer penger. Men det er riktig at vi ikke fikk opp minste-ytelsene p\u00e5 trygd, s\u00e5 v\u00e5rt prosjekt er langt fra over.<\/p>\n<p class=\"_paragraph_o9xde_4 _paragraph_xtcu6_10 layout-component text-serif-m layout-normal text-serif-m layout-padded\">\u2013 Klima er viktig for R\u00f8dt, men det er ingen tunge grep i statsbudsjettet for neste \u00e5r som tilsier store kutt i norske utslipp. S\u00e5nn sett har dere sviktet klimaet?<\/p>\n<p class=\"_paragraph_o9xde_4 _paragraph_xtcu6_10 layout-component text-serif-m layout-normal text-serif-m layout-padded\">\u2013 Vi er opptatt av en rettferdig milj\u00f8- og klimapolitikk. Det betyr at det er en del enkle grep som ser bra ut i et klimaregnskap, som R\u00f8dt er imot: Som <a href=\"https:\/\/www.equinor.com\/no\/energi\/elektrifisering\" class=\"_link_o9xde_39\" rel=\"nofollow noopener\" target=\"_blank\">elektrifisering av sokkelen<\/a>, som bare flytter utslipp. Eller \u00e5 skru opp avgifter som gj\u00f8r at folk som ikke har r\u00e5d til \u00e5 kj\u00f8pe elbil, blir sittende igjen med en stor regning.<\/p>\n<p class=\"_paragraph_o9xde_4 _paragraph_xtcu6_10 layout-component text-serif-m layout-normal text-serif-m layout-padded\">\u2013 Hva gjorde \u00abbrillesaken\u00bb med partiet ditt \u2013 da Bj\u00f8rnar Moxnes i juni 2023 ble tatt for \u00e5 stjele solbriller og <a href=\"https:\/\/www.vg.no\/nyheter\/i\/8J1K9E\/bjoernar-moxnes-gaar-av\" data-track-element-type=\"Link\" data-track-id=\"link:8J1K9E\" class=\"_link_o9xde_39\" rel=\"nofollow noopener\" target=\"_blank\">m\u00e5tte g\u00e5 av<\/a> som partileder?<\/p>\n<p class=\"_paragraph_o9xde_4 _paragraph_xtcu6_10 layout-component text-serif-m layout-normal text-serif-m layout-padded\"><strong class=\"_strong_o9xde_25\">\u2013 Jeg tok over i en storm, men skuta er veldig p\u00e5 st\u00f8 kurs n\u00e5, ogs\u00e5 med Bj\u00f8rnar om bord.<\/strong><\/p>\n<p><img alt=\"\" class=\"_image_qp4xg_65 layout-component layout-normal\" data-fullscreen- data-track-element-type=\"Article image fullscreen\" data-track-name=\"ImageFullscreen\" decoding=\"async\" loading=\"lazy\" height=\"5229\" itemprop=\"image\"  src=\"https:\/\/www.europesays.com\/no\/wp-content\/uploads\/2025\/12\/044221b7-3964-460d-8e41-e38e53c99a70.jpeg\"  style=\"object-position:0% 0%\" width=\"6974\"\/><\/p>\n<p class=\"_paragraph_o9xde_4 _paragraph_xtcu6_10 layout-component text-serif-m layout-normal text-serif-m layout-padded\">I mai 2024 ble det kjent at Moxnes hadde<a href=\"https:\/\/www.vg.no\/nyheter\/i\/EQP8mo\/bjoernar-moxnes-tatt-for-fem-nye-tyverier-jeg-har-et-psykisk-helseproblem\" data-track-element-type=\"Link\" data-track-id=\"link:EQP8mo\" class=\"_link_o9xde_39\" rel=\"nofollow noopener\" target=\"_blank\"> innr\u00f8mmet fem nye tyverier<\/a> \u2013 fra en matbutikk. <\/p>\n<p class=\"_paragraph_o9xde_4 _paragraph_xtcu6_10 layout-component text-serif-m layout-normal text-serif-m layout-padded\">\u2013 Jeg har hatt noen vanskelige \u00e5r personlig, som har gitt utslag i selvdestruktiv adferd, forklarte han. <\/p>\n<p class=\"_paragraph_o9xde_4 _paragraph_xtcu6_10 layout-component text-serif-m layout-normal text-serif-m layout-padded\">Moxnes s\u00f8kte hjelp og ville fortsette i politikken. Det klarte han \u2013 og ble gjenvalgt p\u00e5 Stortinget i h\u00f8st.<\/p>\n<p class=\"_paragraph_o9xde_4 _paragraph_xtcu6_10 layout-component text-serif-m layout-normal text-serif-m layout-padded\">\u2013 Tror du Moxnes kunne fortsatt som stortingsrepresentant i noe annet parti enn R\u00f8dt?<\/p>\n<p class=\"_paragraph_o9xde_4 _paragraph_xtcu6_10 layout-component text-serif-m layout-normal text-serif-m layout-padded\">\u2013 R\u00f8dt er et annerledes parti, og det er jeg glad for. R\u00f8dt er et raust parti hvor du m\u00e5les etter politisk innsats og resultater. Og Bj\u00f8rnar ble gjenvalgt gjennom en \u00e5pen demokratisk nominasjonskampnominasjonskamp Nominasjonskamp er prosessen der et politisk parti velger sine kandidater til valg, oftest gjennom avstemninger blant medlemmene., hvor et stort flertall \u00f8nsket ham.<\/p>\n<p class=\"_paragraph_o9xde_4 _paragraph_xtcu6_10 layout-component text-serif-m layout-normal text-serif-m layout-padded\"><strong class=\"_strong_o9xde_25\">Om privatlivet, da vi sp\u00f8r hva mannen hennes gj\u00f8r, tar Martinussen \u00aben Ine\u00bb.\u00aben Ine\u00bb.Ine Eriksen S\u00f8reide, H\u00f8yres, etter alle solemerker nye partileder fra februar, er forel\u00f8pig veldig ordknapp om det meste som dreier seg om eget privatliv.<\/strong><\/p>\n<p class=\"_paragraph_o9xde_4 _paragraph_xtcu6_10 layout-component text-serif-m layout-normal text-serif-m layout-padded\">\u2013 Det f\u00e5r du ikke vite. Han er samboeren min.<\/p>\n<p class=\"_paragraph_o9xde_4 _paragraph_xtcu6_10 layout-component text-serif-m layout-normal text-serif-m layout-padded\">\u2013 Du vil ikke si noe mer om ham?<\/p>\n<p class=\"_paragraph_o9xde_4 _paragraph_xtcu6_10 layout-component text-serif-m layout-normal text-serif-m layout-padded\">\u2013 Nei, Ine Eriksen S\u00f8reide og jeg kommer til \u00e5 v\u00e6re allierte i slike sp\u00f8rsm\u00e5l av privat karakter.<\/p>\n<p><img alt=\"\" class=\"_image_qp4xg_65 layout-component layout-normal\" data-fullscreen- data-track-element-type=\"Article image fullscreen\" data-track-name=\"ImageFullscreen\" decoding=\"async\" loading=\"lazy\" height=\"5216\" itemprop=\"image\"  src=\"https:\/\/www.europesays.com\/no\/wp-content\/uploads\/2025\/12\/74f5dd11-fadf-48dd-9a21-ac129e4a72b9.jpeg\"  style=\"object-position:0% 0%\" width=\"6957\"\/><\/p>\n<p class=\"_paragraph_o9xde_4 _paragraph_xtcu6_10 layout-component text-serif-m layout-normal text-serif-m layout-padded\">\u2013 Har du noe nytt\u00e5rsforsett?<\/p>\n<p class=\"_paragraph_o9xde_4 _paragraph_xtcu6_10 layout-component text-serif-m layout-normal text-serif-m layout-padded\">\u2013 Jeg m\u00e5 vel si at det er at jeg skulle \u00f8nske at jeg hadde lyst til \u00e5 spise mindre godteri og trene mer, men det har jeg ikke lyst til. Det kommer jeg ikke til \u00e5 gj\u00f8re. Men jeg har lyst til \u00e5 lese mer skj\u00f8nnlitteratur.<\/p>\n<p class=\"_paragraph_o9xde_4 _paragraph_xtcu6_10 layout-component text-serif-m layout-normal text-serif-m layout-padded\"><strong class=\"_strong_o9xde_25\">\u2013 Det kan hende at det er derfor jeg har migrene. S\u00e5 godteri er sikkert ikke bra for meg heller. <\/strong><\/p>\n<p> <img decoding=\"async\" alt=\"Bj\u00f8rn Haugan\" class=\"_image_uv074_179\" src=\"https:\/\/www.europesays.com\/no\/wp-content\/uploads\/2025\/12\/6e157728-9e48-4dce-80f0-802581687058.jpeg\" width=\"480\"\/>Helge Mikalsen (foto)<\/p>\n<p class=\"text-sans-s\">Journalist<\/p>\n<p><img decoding=\"async\" alt=\"Helge Mikalsen (foto)\" class=\"_image_uv074_179\" src=\"https:\/\/www.europesays.com\/no\/wp-content\/uploads\/2025\/12\/28493d15-65ed-4183-8dac-cf9c125f8eeb.jpeg\" width=\"480\"\/>Kontakt Helge Mikalsen (foto)     <\/p>\n","protected":false},"excerpt":{"rendered":"Marie Sneve Martinussen, R\u00f8dts partileder, fyller 40 rett f\u00f8r nytt\u00e5r og ser frem til \u00e5 feire med champagne.&hellip;\n","protected":false},"author":2,"featured_media":123708,"comment_status":"","ping_status":"","sticky":false,"template":"","format":"standard","meta":{"footnotes":""},"categories":[10],"tags":[20,21,24,25,15,22,23,388,13,30,28,281,29,14,16,390,26,27,785,205],"class_list":{"0":"post-123707","1":"post","2":"type-post","3":"status-publish","4":"format-standard","5":"has-post-thumbnail","7":"category-norge","8":"tag-breaking-news","9":"tag-breakingnews","10":"tag-featured-news","11":"tag-featurednews","12":"tag-headlines","13":"tag-latest-news","14":"tag-latestnews","15":"tag-marie-sneve-martinussen","16":"tag-news","17":"tag-no","18":"tag-norge","19":"tag-norsk-politikk","20":"tag-norway","21":"tag-nyheter","22":"tag-overskrifter","23":"tag-rodt-r","24":"tag-top-stories","25":"tag-topstories","26":"tag-vghubben","27":"tag-vgsamfunn"},"share_on_mastodon":{"url":"https:\/\/pubeurope.com\/@no\/115802592175017668","error":""},"_links":{"self":[{"href":"https:\/\/www.europesays.com\/no\/wp-json\/wp\/v2\/posts\/123707","targetHints":{"allow":["GET"]}}],"collection":[{"href":"https:\/\/www.europesays.com\/no\/wp-json\/wp\/v2\/posts"}],"about":[{"href":"https:\/\/www.europesays.com\/no\/wp-json\/wp\/v2\/types\/post"}],"author":[{"embeddable":true,"href":"https:\/\/www.europesays.com\/no\/wp-json\/wp\/v2\/users\/2"}],"replies":[{"embeddable":true,"href":"https:\/\/www.europesays.com\/no\/wp-json\/wp\/v2\/comments?post=123707"}],"version-history":[{"count":0,"href":"https:\/\/www.europesays.com\/no\/wp-json\/wp\/v2\/posts\/123707\/revisions"}],"wp:featuredmedia":[{"embeddable":true,"href":"https:\/\/www.europesays.com\/no\/wp-json\/wp\/v2\/media\/123708"}],"wp:attachment":[{"href":"https:\/\/www.europesays.com\/no\/wp-json\/wp\/v2\/media?parent=123707"}],"wp:term":[{"taxonomy":"category","embeddable":true,"href":"https:\/\/www.europesays.com\/no\/wp-json\/wp\/v2\/categories?post=123707"},{"taxonomy":"post_tag","embeddable":true,"href":"https:\/\/www.europesays.com\/no\/wp-json\/wp\/v2\/tags?post=123707"}],"curies":[{"name":"wp","href":"https:\/\/api.w.org\/{rel}","templated":true}]}}