{"id":123709,"date":"2025-12-29T11:21:08","date_gmt":"2025-12-29T11:21:08","guid":{"rendered":"https:\/\/www.europesays.com\/no\/123709\/"},"modified":"2025-12-29T11:21:08","modified_gmt":"2025-12-29T11:21:08","slug":"kjenner-lukta-nrk-sorlandet-lokale-nyheter-tv-og-radio","status":"publish","type":"post","link":"https:\/\/www.europesays.com\/no\/123709\/","title":{"rendered":"\u2013 Kjenner lukta \u2013 NRK S\u00f8rlandet \u2013 Lokale nyheter, TV og radio"},"content":{"rendered":"<p>\u2013 Jeg m\u00e5tte bare ned p\u00e5 morgenen for \u00e5 kjenne p\u00e5 lukta.<\/p>\n<p>Det sier butikkeier Rita Eva Vatne som har klesbutikken sin Isay bare noen f\u00e5 meter fra der et hus brant ned i g\u00e5gata i Kristiansand.<\/p>\n<p>Hva som blir konskevensene er fortsatt uklart.<\/p>\n<p><strong>\u2013 Det lukta ganske r\u00f8yk her inne hos oss, s\u00e5 jeg f\u00e5r jo bare vente og se, sier Vatne. <\/strong><\/p>\n<p>Hvis lukta har satt seg i t\u00f8yet venter trolig en forsikringssak for butikkeieren.<\/p>\n<p><img decoding=\"async\"   src=\"data:image\/gif;base64,R0lGODlhAQABAIAAAAAAAP\/\/\/yH5BAEAAAAALAAAAAABAAEAAAIBRAA7\" loading=\"eager\" alt=\"en person som sitter ved et bord i en klesbutikk (Bildebeskrivelsen er laget av en KI-tjeneste)\" title=\"Foto: Viktor S\u00f8dal \/ NRK\"\/><\/p>\n<p class=\"\">Rita Eva Vatne var mandag morgen spent p\u00e5 hvor mye r\u00f8yk det lukta i butikken. <\/p>\n<p>Foto: Viktor S\u00f8dal \/ NRK<\/p>\n<p>Nabobygget <a href=\"https:\/\/www.nrk.no\/sorlandet\/evakuerer-mer-enn-100-personer-etter-brann-i-sentrum-1.17706951\" ec-id=\"pp:article:1.17706951\" ec-name=\"tok s\u00f8ndag full fyr og 112 personer m\u00e5tte evakueres.\" rel=\"nofollow noopener\" target=\"_blank\">tok s\u00f8ndag full fyr og 112 personer m\u00e5tte evakueres.<\/a><\/p>\n<p>Mandag morgen \u00e5pnet flere butikker og spisesteder rundt brannstedet. De 85 personene fra boligkomplekset Byhaven har f\u00e5tt flyttet hjem.<\/p>\n<p>Mens i andre bygg er flere av leilighetene totalskadet.<\/p>\n<p>    <img decoding=\"async\" class=\"dh-video-videoLoop__fallbackImage\" src=\"https:\/\/www.europesays.com\/no\/wp-content\/uploads\/2025\/12\/edfc0027-9974-49c4-bc00-27997489c4fd_360.jpg\" alt=\"\"\/><video preload=\"none\" muted=\"\" poster=\"https:\/\/www.europesays.com\/no\/wp-content\/uploads\/2025\/12\/edfc0027-9974-49c4-bc00-27997489c4fd_360.jpg\" style=\"--poster:url(https:\/\/www.europesays.com\/no\/wp-content\/uploads\/2025\/12\/edfc0027-9974-49c4-bc00-27997489c4fd_360.jpg);\"><\/video><img decoding=\"async\" class=\"dh-video-videoLoop__fallbackImage\" src=\"https:\/\/www.europesays.com\/no\/wp-content\/uploads\/2025\/12\/edfc0027-9974-49c4-bc00-27997489c4fd_720.jpg\" alt=\"\"\/><video preload=\"none\" muted=\"\" poster=\"https:\/\/www.europesays.com\/no\/wp-content\/uploads\/2025\/12\/edfc0027-9974-49c4-bc00-27997489c4fd_720.jpg\" style=\"--poster:url(https:\/\/www.europesays.com\/no\/wp-content\/uploads\/2025\/12\/edfc0027-9974-49c4-bc00-27997489c4fd_720.jpg);\"><\/video><img decoding=\"async\" class=\"dh-video-videoLoop__fallbackImage\" src=\"https:\/\/www.europesays.com\/no\/wp-content\/uploads\/2025\/12\/edfc0027-9974-49c4-bc00-27997489c4fd_1080.jpg\" alt=\"\"\/><video preload=\"none\" muted=\"\" poster=\"https:\/\/www.europesays.com\/no\/wp-content\/uploads\/2025\/12\/edfc0027-9974-49c4-bc00-27997489c4fd_1080.jpg\" style=\"--poster:url(https:\/\/www.europesays.com\/no\/wp-content\/uploads\/2025\/12\/edfc0027-9974-49c4-bc00-27997489c4fd_1080.jpg);\"><\/video><\/p>\n<p>Tidlig s\u00f8ndag morgen brant det i en butikk i Kristiansand sentrum. <\/p>\n<p>Thomas Sommerset\/NRK<\/p>\n<p>R\u00f8yklukt<\/p>\n<p><strong>\u2013 Det var helt forferdelig \u00e5 v\u00e5kne opp til telefon fra huseier om at det er brann i nabobygget til butikken.<\/strong><\/p>\n<p>Det sier optiker Henrik Borning som er takknemlig for at det ikke gikk verre. I butikken hans lukter det r\u00f8yk, men ikke mer enn at han kunne \u00e5pne butikken mandag morgen.<\/p>\n<p>\u2013 Jeg ble relativt glad for at det ikke var verre enn det var.<\/p>\n<p><img decoding=\"async\"   src=\"data:image\/gif;base64,R0lGODlhAQABAIAAAAAAAP\/\/\/yH5BAEAAAAALAAAAAABAAEAAAIBRAA7\" loading=\"eager\" alt=\"en mann med briller (Bildebeskrivelsen er laget av en KI-tjeneste)\" title=\"Foto: H\u00e5vard Axel Kator \/ NRK\"\/><\/p>\n<p class=\"\">Optiker Henrik Borning sier det var forferdelig \u00e5 f\u00e5 beskjeden om brann i nabobygget. <\/p>\n<p>Foto: H\u00e5vard Axel Kator \/ NRK<\/p>\n<p>Mange har flyttet hjem<\/p>\n<p>\u2013 De som bor i de fem leilighetene som er r\u00f8ykskada f\u00e5r nok ikke flytte tilbake, sier Espen Aulin.<\/p>\n<p>Han er utrykningsleder i brannvesenet i Kristiansand og tok mandag morgen en sjekk av bygget sammen med politiet p\u00e5 stedet.<\/p>\n<p><img decoding=\"async\"   src=\"data:image\/gif;base64,R0lGODlhAQABAIAAAAAAAP\/\/\/yH5BAEAAAAALAAAAAABAAEAAAIBRAA7\" loading=\"eager\" alt=\"Brannvesen og redningspersonell unders\u00f8ker et sammenrast murverk og s\u00f8ppel etter en brann. Det er flere lag med treverk og andre materialer stablet i en haug. Omgivelsene er preget av skader fra brannen, med synlige rester av en bygning i bakgrunnen. Absence of any injury victims or bystanders is noted in the scene. (Bildebeskrivelsen er laget av en KI-tjeneste)\" title=\"Foto: Viktor S\u00f8dal \/ NRK\"\/><\/p>\n<p class=\"\">Brannmennene ser p\u00e5 restene fra huset som brant s\u00f8ndag. <\/p>\n<p>Foto: Viktor S\u00f8dal \/ NRK<\/p>\n<p><strong>\u2013 Hvor mange som har mistet hjemmene sine er fortsatt uklart. Dette blir klart n\u00e5r brannvesenet har g\u00e5tt gjennom de utsatte byggene i l\u00f8pet av formiddagen, if\u00f8lge evakueringsleder Bjarte Austvik i Kristiansand kommune.<\/strong><\/p>\n<p>Kommunen holdt et statusm\u00f8te i dag tidlig og skal ha flere m\u00f8ter utover dagen.<\/p>\n<p>\u2013 Vi f\u00f8lger opp de som trenger hjelp fra kommunens side, sier han.<\/p>\n<p>Mandag formiddag blir det klart at fem av leilighetene i naboblokka til branntomta i Tordenskjoldsgate er erkl\u00e6rt ubeboelige.<\/p>\n<p>Det sier innsatsleder Espen Aulin til <a href=\"https:\/\/www.fvn.no\/nyheter\/lokalt\/i\/zOGQpq\/naboleiligheter-ubeboelige-etter-storbrannen\" ec-id=\"https:\/\/www.fvn.no\/nyheter\/lokalt\/i\/zOGQpq\/naboleiligheter-ubeboelige-etter-storbrannen\" ec-name=\"FVN\" rel=\"nofollow noopener\" target=\"_blank\">FVN<\/a>.<\/p>\n<p><img decoding=\"async\"   src=\"data:image\/gif;base64,R0lGODlhAQABAIAAAAAAAP\/\/\/yH5BAEAAAAALAAAAAABAAEAAAIBRAA7\" loading=\"eager\" alt=\"Evakueringsleder Bjarte Austvik fra Kristiansand kommune\" title=\"Foto: Tom Nicolai Kolstad \/ NRK\"\/><\/p>\n<p class=\"\">Evakueringsleder Bjarte Austvik sier de fortsatt f\u00f8lger opp de evakuerte beboerne. <\/p>\n<p>Foto: Tom Nicolai Kolstad \/ NRK<\/p>\n<p>F\u00e5r flytte hjem igjen<\/p>\n<p>Anita Klette er p\u00e5 juleferie hos faren sin i Kristiansand. NRK <a href=\"https:\/\/www.nrk.no\/sorlandet\/brann-i-butikklokale-i-kristiansand-_-naboar-blir-evakuerte-1.17706744\" ec-id=\"pp:article:1.17706744\" ec-name=\"snakket med henne da de ble evakuert ut av leiligheten i Tordenskjolds gate 30 s\u00f8ndag morgen.\" rel=\"nofollow noopener\" target=\"_blank\">snakket med henne da de ble evakuert ut av leiligheten i Tordenskjolds gate 30 s\u00f8ndag morgen.<\/a> <\/p>\n<p>N\u00e5r NRK snakker med henne p\u00e5 telefon mandag morgen er hun og faren samt to andre beboere p\u00e5 vei fra hotellet og til leiligheten. <\/p>\n<p><strong>\u2013 N\u00e5 gleder vi oss til \u00e5 komme hjem igjen. Vi har hatt det fint p\u00e5 hotellet, men det skal bli bra \u00e5 komme hjem, sier Klette.<\/strong><\/p>\n<p>Hun forteller at hun og faren s\u00e5 en katastrofefilm om brann p\u00e5 Netflix kvelden f\u00f8r brannen br\u00f8t ut i nabobygget.<\/p>\n<p><img decoding=\"async\"   src=\"data:image\/gif;base64,R0lGODlhAQABAIAAAAAAAP\/\/\/yH5BAEAAAAALAAAAAABAAEAAAIBRAA7\" loading=\"eager\" alt=\"Anita Klette ble evakuert under brann.\" title=\"Foto: Privat\"\/><\/p>\n<p class=\"\">Anita Klette gleder seg til \u00e5 reise hjem fra juleferien. <\/p>\n<p>Foto: Privat<\/p>\n<p>\u2013 Vi liker \u00e5 se actionfilmer sammen og n\u00e5 har vi erfart det i praksis, sier hun. <\/p>\n<p>N\u00e5 ser Klette fram til \u00e5 reise hjem igjen til D\u00f8nna p\u00e5 Helgelandskysten som if\u00f8lge henne er verdens vakreste \u00f8y. <\/p>\n<p>Fortsatt h\u00f8y varmeutvikling<\/p>\n<p><strong>Politiet opplyser at det har blitt jobbet p\u00e5 brannstedet gjennom kvelden og natten.<\/strong><\/p>\n<p>Etterforskningsleder ved Felles Straffesaksinntak (FSI) Jorunn Kallhovd sier at politiet fortsatt er i en tidlig fase i etterforskningen.<\/p>\n<p>\u2013 Brann\u00e5rsaken er forel\u00f8pig ukjent. P\u00e5 grunn av den fortsatt h\u00f8ye varmeutviklingen er det for tidlig mandag formiddag \u00e5 si n\u00e5r kriminalteknikere kan starte sine unders\u00f8kelser, men dette vil bli vurdert fortl\u00f8pende, sier Kallhovd.<\/p>\n<p>Hun opplyser at de er i dialog med brannvesenet for \u00e5 avklare n\u00e5r de resterende evakuerte kan f\u00e5 vende tilbake til boligene sine.<\/p>\n<p><img decoding=\"async\"   src=\"data:image\/gif;base64,R0lGODlhAQABAIAAAAAAAP\/\/\/yH5BAEAAAAALAAAAAABAAEAAAIBRAA7\" loading=\"eager\" alt=\"en maskin med ledninger (Bildebeskrivelsen er laget av en KI-tjeneste)\" title=\"Foto: H\u00e5vard Axel Kator \/ NRK\"\/><\/p>\n<p class=\"\">Kriminalteknikere var mandag p\u00e5 plass for \u00e5 unders\u00f8ke brannen. <\/p>\n<p>Foto: H\u00e5vard Axel Kator \/ NRK<\/p>\n<p>Publisert<\/p>\n<p>29.12.2025, kl. 11.24<\/p>\n<p>Oppdatert<\/p>\n<p>29.12.2025, kl. 11.59<\/p>\n","protected":false},"excerpt":{"rendered":"\u2013 Jeg m\u00e5tte bare ned p\u00e5 morgenen for \u00e5 kjenne p\u00e5 lukta. Det sier butikkeier Rita Eva Vatne&hellip;\n","protected":false},"author":2,"featured_media":123710,"comment_status":"","ping_status":"","sticky":false,"template":"","format":"standard","meta":{"footnotes":""},"categories":[5],"tags":[20,21,24,25,15,19,22,23,17,18,13,30,28,29,14,16,26,27],"class_list":{"0":"post-123709","1":"post","2":"type-post","3":"status-publish","4":"format-standard","5":"has-post-thumbnail","7":"category-overskrifter","8":"tag-breaking-news","9":"tag-breakingnews","10":"tag-featured-news","11":"tag-featurednews","12":"tag-headlines","13":"tag-hovedoppslag","14":"tag-latest-news","15":"tag-latestnews","16":"tag-main-news","17":"tag-mainnews","18":"tag-news","19":"tag-no","20":"tag-norge","21":"tag-norway","22":"tag-nyheter","23":"tag-overskrifter","24":"tag-top-stories","25":"tag-topstories"},"share_on_mastodon":{"url":"https:\/\/pubeurope.com\/@no\/115802595881536322","error":""},"_links":{"self":[{"href":"https:\/\/www.europesays.com\/no\/wp-json\/wp\/v2\/posts\/123709","targetHints":{"allow":["GET"]}}],"collection":[{"href":"https:\/\/www.europesays.com\/no\/wp-json\/wp\/v2\/posts"}],"about":[{"href":"https:\/\/www.europesays.com\/no\/wp-json\/wp\/v2\/types\/post"}],"author":[{"embeddable":true,"href":"https:\/\/www.europesays.com\/no\/wp-json\/wp\/v2\/users\/2"}],"replies":[{"embeddable":true,"href":"https:\/\/www.europesays.com\/no\/wp-json\/wp\/v2\/comments?post=123709"}],"version-history":[{"count":0,"href":"https:\/\/www.europesays.com\/no\/wp-json\/wp\/v2\/posts\/123709\/revisions"}],"wp:featuredmedia":[{"embeddable":true,"href":"https:\/\/www.europesays.com\/no\/wp-json\/wp\/v2\/media\/123710"}],"wp:attachment":[{"href":"https:\/\/www.europesays.com\/no\/wp-json\/wp\/v2\/media?parent=123709"}],"wp:term":[{"taxonomy":"category","embeddable":true,"href":"https:\/\/www.europesays.com\/no\/wp-json\/wp\/v2\/categories?post=123709"},{"taxonomy":"post_tag","embeddable":true,"href":"https:\/\/www.europesays.com\/no\/wp-json\/wp\/v2\/tags?post=123709"}],"curies":[{"name":"wp","href":"https:\/\/api.w.org\/{rel}","templated":true}]}}