{"id":123740,"date":"2025-12-29T11:45:38","date_gmt":"2025-12-29T11:45:38","guid":{"rendered":"https:\/\/www.europesays.com\/no\/123740\/"},"modified":"2025-12-29T11:45:38","modified_gmt":"2025-12-29T11:45:38","slug":"merete-mork-lingjaerde-har-blitt-mormor-for-forste-gang","status":"publish","type":"post","link":"https:\/\/www.europesays.com\/no\/123740\/","title":{"rendered":"Merete M\u00f8rk Lingj\u00e6rde har blitt mormor for f\u00f8rste gang"},"content":{"rendered":"<p class=\"kicker \" style=\"\">Merete Lingj\u00e6rde:\u00a0<\/p>\n<p>  \u00abSkal vi danse\u00bb-dommeren fikk en sv\u00e6rt spesiell julegave i \u00e5r.\u00a0<\/p>\n<p>\n    DELTE BILDE: Merete Lingj\u00e6rde har blitt bestemor, og deler n\u00e5 et nytt bilde med barnebarnet. Foto: Instagram \/ @meretelingjaerde\n  <\/p>\n<p id=\"text\" class=\"svelte-1bgec1z\">I samarbeid med<\/p>\n<p>     <img decoding=\"async\" src=\"https:\/\/www.europesays.com\/no\/wp-content\/uploads\/2025\/12\/fishermansFriend.png\" alt=\"kommersiell logo\" class=\"svelte-1bgec1z\"\/>          <\/p>\n<p>Det er gledelige tider for Merete M\u00f8rk Lingj\u00e6rde. Den folkekj\u00e6re TV-profilen og \u00abSkal vi danse\u00bb-dommeren har blitt mormor for aller f\u00f8rste gang.<\/p>\n<p>    <a itemprop=\"url\" href=\"https:\/\/www.seher.no\/kjendis\/ellevill-formue\/83927599\" rel=\"nofollow noopener\" target=\"_blank\"><\/p>\n<p>        <img loading=\"lazy\" decoding=\"async\" src=\"https:\/\/www.europesays.com\/no\/wp-content\/uploads\/2025\/12\/83817554.webp.webp\" width=\"147\" height=\"98\" title=\"Ellevill formue\" alt=\"\" class=\"lazyload\" style=\"--aspect-ratio-image: 1.50; \"\/><\/p>\n<p>        Ellevill formue<\/p>\n<p>    <\/a><\/p>\n<p>Det var tidligere i h\u00f8st at Lingj\u00e6rde kunne bekrefte at <a href=\"https:\/\/www.seher.no\/kjendis\/baby-avsloring-i-skal-vi-danse\/83755326\" rel=\"nofollow noopener\" target=\"_blank\">datteren ventet barn<\/a>. N\u00e5 er babyen kommet til verden, og den ferske mormoren legger ikke skjul p\u00e5 gleden.<\/p>\n<p class=\"font-weight-bold m-font-weight-bold\" data-lab-font_weight=\"font-weight-bold\">\u00abS\u00e5 stolt av min kj\u00e6re datter, og stas \u00e5 hilse p\u00e5 mitt f\u00f8rste barnebarn. Snakk om julegave\u00bb, skriver hun under et bilde av henne og barnebarnet.\u00a0<\/p>\n<p>        <img loading=\"lazy\" decoding=\"async\" src=\"https:\/\/www.europesays.com\/no\/wp-content\/uploads\/2025\/12\/84033425.webp.webp\" width=\"667\" height=\"694\" title=\"BABYLYKKE: Dette blir det f\u00f8rste barnebarnet til den folkekj\u00e6re TV-profilen. Foto: Instagram \/ @meretelingjaerde\" alt=\"\" class=\"\" style=\"--aspect-ratio-image: 0.96; \"\/><\/p>\n<p>\n        BABYLYKKE: Dette blir det f\u00f8rste barnebarnet til den folkekj\u00e6re TV-profilen. Foto: Instagram \/ @meretelingjaerde\n    <\/p>\n<p> Hun har barna Nicole og Sebastian (29) fra et tidligere forhold. I 2021 giftet hun seg med ektemannen Anders M\u00f8rk (60), og n\u00e5 f\u00e5r paret en helt ny rolle i livet. <\/p>\n<p class=\"font-weight-bold m-font-weight-bold\" data-lab-font_weight=\"font-weight-bold\">&#8211;\u00a0 Det er mitt f\u00f8rste barnebarn, og jeg gleder meg veldig. Det blir superstas, sa hun da graviditeten ble kjent.\u00a0<\/p>\n<p>        FEIL: Det gikk i ball for Merete Lingj\u00e6rde da Tale Torjussen skulle f\u00e5 \u00e5rets f\u00f8rste poeng under \u00abSkal vi danse\u00bb-premieren. Bilder fra TV 2. <\/p>\n<p> &#8211; Vi var litt for sent ute med \u00e5 f\u00e5 barn sammen, men tiden med barnebarnet kan vi dele, fortsatte hun.\u00a0<\/p>\n<p class=\"italic m-italic\" data-lab-italic=\"italic\">Se og H\u00f8r har tatt kontakt med Merete Lingj\u00e6rde for en kommentar, forel\u00f8pig uten svar.\u00a0<\/p>\n","protected":false},"excerpt":{"rendered":"Merete Lingj\u00e6rde:\u00a0 \u00abSkal vi danse\u00bb-dommeren fikk en sv\u00e6rt spesiell julegave i \u00e5r.\u00a0 DELTE BILDE: Merete Lingj\u00e6rde har blitt&hellip;\n","protected":false},"author":2,"featured_media":123741,"comment_status":"","ping_status":"","sticky":false,"template":"","format":"standard","meta":{"footnotes":"","_share_on_mastodon":"0"},"categories":[59],"tags":[7758,3066,479,2543,9574,9575,30,28,29,83,82],"class_list":["post-123740","post","type-post","status-publish","format-standard","has-post-thumbnail","category-sport","tag-bestemor","tag-fodsel","tag-kjendis","tag-kjendisdesken","tag-merete-lingjaerde","tag-mormor","tag-no","tag-norge","tag-norway","tag-sport","tag-sports"],"share_on_mastodon":{"url":"https:\/\/pubeurope.com\/@no\/115802690231551515","error":""},"_links":{"self":[{"href":"https:\/\/www.europesays.com\/no\/wp-json\/wp\/v2\/posts\/123740","targetHints":{"allow":["GET"]}}],"collection":[{"href":"https:\/\/www.europesays.com\/no\/wp-json\/wp\/v2\/posts"}],"about":[{"href":"https:\/\/www.europesays.com\/no\/wp-json\/wp\/v2\/types\/post"}],"author":[{"embeddable":true,"href":"https:\/\/www.europesays.com\/no\/wp-json\/wp\/v2\/users\/2"}],"replies":[{"embeddable":true,"href":"https:\/\/www.europesays.com\/no\/wp-json\/wp\/v2\/comments?post=123740"}],"version-history":[{"count":0,"href":"https:\/\/www.europesays.com\/no\/wp-json\/wp\/v2\/posts\/123740\/revisions"}],"wp:featuredmedia":[{"embeddable":true,"href":"https:\/\/www.europesays.com\/no\/wp-json\/wp\/v2\/media\/123741"}],"wp:attachment":[{"href":"https:\/\/www.europesays.com\/no\/wp-json\/wp\/v2\/media?parent=123740"}],"wp:term":[{"taxonomy":"category","embeddable":true,"href":"https:\/\/www.europesays.com\/no\/wp-json\/wp\/v2\/categories?post=123740"},{"taxonomy":"post_tag","embeddable":true,"href":"https:\/\/www.europesays.com\/no\/wp-json\/wp\/v2\/tags?post=123740"}],"curies":[{"name":"wp","href":"https:\/\/api.w.org\/{rel}","templated":true}]}}