{"id":123753,"date":"2025-12-29T12:00:08","date_gmt":"2025-12-29T12:00:08","guid":{"rendered":"https:\/\/www.europesays.com\/no\/123753\/"},"modified":"2025-12-29T12:00:08","modified_gmt":"2025-12-29T12:00:08","slug":"stenshagen-smadret-alle-tok-sin-forste-seier-vidunderlig","status":"publish","type":"post","link":"https:\/\/www.europesays.com\/no\/123753\/","title":{"rendered":"Stenshagen smadret alle &#8211; tok sin f\u00f8rste seier: \u2013 Vidunderlig"},"content":{"rendered":"\n<p class=\"_lead_o9xde_2 _lead_xtcu6_50 layout-component text-serif-m layout-normal text-serif-l layout-component layout-wide layout-padded _wide_17hqh_1 layout-padded\">Mattis Stenshagen leverte et kjempel\u00f8p p\u00e5 ti kilometer klassisk i Tour de Ski. <\/p>\n<p><img alt=\"IMPONERTE: Stenshagen ledet an hele l\u00f8pet, ingen andre l\u00f8pere var foran 29-\u00e5ringen p\u00e5 noen av sjekkpunktene.  Foto: MAXIM THORE \/ Bildbyr\u00e5n\" class=\"_image_qp4xg_65 layout-component layout-wide\" data-fullscreen- data-track-element-type=\"Article image fullscreen\" data-track-name=\"ImageFullscreen\" fetchpriority=\"high\" decoding=\"sync\" loading=\"eager\" height=\"4000\" itemprop=\"image\"  src=\"https:\/\/www.europesays.com\/no\/wp-content\/uploads\/2025\/12\/e07dea85-8255-473b-bd68-d9a13527df17.jpeg\"  style=\"object-position:0% 0%\" width=\"6000\"\/>IMPONERTE: Stenshagen ledet an hele l\u00f8pet, ingen andre l\u00f8pere var foran 29-\u00e5ringen p\u00e5 noen av sjekkpunktene.  Foto: MAXIM THORE \/ Bildbyr\u00e5n<\/p>\n<ul aria-hidden=\"true\" class=\"_images_ntbth_112\">\n<li><a class=\"_link_ntbth_117\" href=\"https:\/\/www.vg.no\/forfatter\/benjamin-kvaale\" style=\"z-index:1\" title=\"Benjamin Kvaale\" rel=\"nofollow noopener\" target=\"_blank\"><img alt=\"Bilde av Benjamin Kvaale\" class=\"_image_ntbth_93\" fetchpriority=\"low\" loading=\"lazy\" decoding=\"async\" itemprop=\"image\"  src=\"https:\/\/www.europesays.com\/no\/wp-content\/uploads\/2025\/12\/21fe9a1c-5915-4269-bbd5-7feeec1fa8ae.png\"  width=\"480\"\/><\/a><\/li>\n<\/ul>\n<p> Oppdatert mandag 29. desember kl. 12:55     <\/p>\n<p class=\"_paragraph_o9xde_4 _paragraph_xtcu6_10 layout-component text-serif-m layout-normal text-serif-m layout-padded\">Det ble en ny norsk superdag i Tour-sirkuset. Fem av de ti beste var norske, og p\u00e5 pallen var det kun nordmenn \u00e5 se.<\/p>\n<p class=\"_paragraph_o9xde_4 _paragraph_xtcu6_10 layout-component text-serif-m layout-normal text-serif-m layout-padded\">Best av alle: Mattis Stenshagen.<\/p>\n<p class=\"_paragraph_o9xde_4 _paragraph_xtcu6_10 layout-component text-serif-m layout-normal text-serif-m layout-padded\">Han s\u00e5 knallsterk ut fra f\u00f8rste stavtak og ledet p\u00e5 alle de tre sjekkpunktene. Han gikk i m\u00e5l p\u00e5 tiden 22:11.0. <\/p>\n<p class=\"_paragraph_o9xde_4 _paragraph_xtcu6_10 layout-component text-serif-m layout-normal text-serif-m layout-padded\">\u2013 Fyttikatta. For en dr\u00f8mmedag for Stenshagen, sa Viaplay-ekspert Niklas Dyrhaug.<\/p>\n<p class=\"_paragraph_o9xde_4 _paragraph_xtcu6_10 layout-component text-serif-m layout-normal text-serif-m layout-padded\">\u2013 Han er i ferd med \u00e5 levere noe helt vidunderlig her i Toblach, l\u00f8d det fra Viaplay-kommentator Jan Christian Bj\u00f8rn underveis i l\u00f8pet. <\/p>\n<p class=\"_paragraph_o9xde_4 _paragraph_xtcu6_10 layout-component text-serif-m layout-normal text-serif-m layout-padded\">Stenshagenn hadde to tredjeplasser i verdenscupen som karrierebeste foran mandagens renn. N\u00e5 er han \u00abendelig\u00bb ogs\u00e5 verdenscupvinner.<\/p>\n<p><img alt=\"Kl\u00e6bo gikk inn til tiden 22:19.9. Det var \u00e5tte sekunder og ni tideler bak vinneren.   Foto: Terje Pedersen \/ NTB\" class=\"_image_qp4xg_65 layout-component layout-normal\" data-fullscreen- data-track-element-type=\"Article image fullscreen\" data-track-name=\"ImageFullscreen\" decoding=\"async\" loading=\"lazy\" height=\"4000\" itemprop=\"image\"  src=\"https:\/\/www.europesays.com\/no\/wp-content\/uploads\/2025\/12\/96c8b1f4-8804-412e-a22e-4d12dad4c667.png\"  style=\"object-position:0% 0%\" width=\"6000\"\/>Kl\u00e6bo gikk inn til tiden 22:19.9. Det var \u00e5tte sekunder og ni tideler bak vinneren.   Foto: Terje Pedersen \/ NTB<\/p>\n<p class=\"_paragraph_o9xde_4 _paragraph_xtcu6_10 layout-component text-serif-m layout-normal text-serif-m layout-padded\">Johannes Kl\u00e6bo var bak Stenshagen allerede p\u00e5 2,1 kilometer og endte til slutt p\u00e5 en 2. plass &#8211; 8,9 sekunder bak Stenshagen. Emil Iversen endte p\u00e5 tredjeplass, litt over ti sekunder bak. <\/p>\n<p class=\"_paragraph_o9xde_4 _paragraph_xtcu6_10 layout-component text-serif-m layout-normal text-serif-m layout-padded\">Verre gikk det for Andreas Fjorden Ree og Simen Hegstad Kr\u00fcger. Sistnevnte havnet godt over ett minutt bak vinneren. <\/p>\n<p class=\"_paragraph_o9xde_4 _paragraph_xtcu6_10 layout-component text-serif-m layout-normal text-serif-m layout-padded\">\u2013 Det er ikke noe s\u00f8knad til noe som helst. Det er en av hans svarte dager, sier Jann Post om Kr\u00fcger til NRK radio. <\/p>\n","protected":false},"excerpt":{"rendered":"Mattis Stenshagen leverte et kjempel\u00f8p p\u00e5 ti kilometer klassisk i Tour de Ski. IMPONERTE: Stenshagen ledet an hele&hellip;\n","protected":false},"author":2,"featured_media":123754,"comment_status":"","ping_status":"","sticky":false,"template":"","format":"standard","meta":{"footnotes":""},"categories":[5],"tags":[20,21,24,25,15,19,711,398,22,23,17,18,13,30,28,29,14,16,26,27,12662],"class_list":{"0":"post-123753","1":"post","2":"type-post","3":"status-publish","4":"format-standard","5":"has-post-thumbnail","7":"category-overskrifter","8":"tag-breaking-news","9":"tag-breakingnews","10":"tag-featured-news","11":"tag-featurednews","12":"tag-headlines","13":"tag-hovedoppslag","14":"tag-johannes-hosflot-klaebo","15":"tag-langrenn","16":"tag-latest-news","17":"tag-latestnews","18":"tag-main-news","19":"tag-mainnews","20":"tag-news","21":"tag-no","22":"tag-norge","23":"tag-norway","24":"tag-nyheter","25":"tag-overskrifter","26":"tag-top-stories","27":"tag-topstories","28":"tag-tour-de-ski"},"share_on_mastodon":{"url":"https:\/\/pubeurope.com\/@no\/115802749279727258","error":""},"_links":{"self":[{"href":"https:\/\/www.europesays.com\/no\/wp-json\/wp\/v2\/posts\/123753","targetHints":{"allow":["GET"]}}],"collection":[{"href":"https:\/\/www.europesays.com\/no\/wp-json\/wp\/v2\/posts"}],"about":[{"href":"https:\/\/www.europesays.com\/no\/wp-json\/wp\/v2\/types\/post"}],"author":[{"embeddable":true,"href":"https:\/\/www.europesays.com\/no\/wp-json\/wp\/v2\/users\/2"}],"replies":[{"embeddable":true,"href":"https:\/\/www.europesays.com\/no\/wp-json\/wp\/v2\/comments?post=123753"}],"version-history":[{"count":0,"href":"https:\/\/www.europesays.com\/no\/wp-json\/wp\/v2\/posts\/123753\/revisions"}],"wp:featuredmedia":[{"embeddable":true,"href":"https:\/\/www.europesays.com\/no\/wp-json\/wp\/v2\/media\/123754"}],"wp:attachment":[{"href":"https:\/\/www.europesays.com\/no\/wp-json\/wp\/v2\/media?parent=123753"}],"wp:term":[{"taxonomy":"category","embeddable":true,"href":"https:\/\/www.europesays.com\/no\/wp-json\/wp\/v2\/categories?post=123753"},{"taxonomy":"post_tag","embeddable":true,"href":"https:\/\/www.europesays.com\/no\/wp-json\/wp\/v2\/tags?post=123753"}],"curies":[{"name":"wp","href":"https:\/\/api.w.org\/{rel}","templated":true}]}}