{"id":123755,"date":"2025-12-29T12:01:06","date_gmt":"2025-12-29T12:01:06","guid":{"rendered":"https:\/\/www.europesays.com\/no\/123755\/"},"modified":"2025-12-29T12:01:06","modified_gmt":"2025-12-29T12:01:06","slug":"magnus-carlsen-startet-med-seier-i-forste-runde-i-vm-i-lynsjakk-nrk-sjakk","status":"publish","type":"post","link":"https:\/\/www.europesays.com\/no\/123755\/","title":{"rendered":"Magnus Carlsen startet med seier i f\u00f8rste runde i VM i lynsjakk \u2013 NRK Sjakk"},"content":{"rendered":"<p>I det andre partiet i lynsjakk-VM kom det f\u00f8rste m\u00f8tet mellom to norske spillere i \u00e5rets VM i lyn- og hurtigsjakk. Og det var <a href=\"https:\/\/www.nrk.no\/sport\/vm-klare-havard-haug-_15_-forbloffar-__speler-med-usynlege-brikker-1.17525704\" ec-id=\"pp:article:1.17525704\" ec-name=\"15 \u00e5r gamle H\u00e5vard Haug\" rel=\"nofollow noopener\" target=\"_blank\">15 \u00e5r gamle H\u00e5vard Haug <\/a>som fikk den gjeve muligheten til \u00e5 spille p\u00e5 bord \u00e9n mot verdensener Magnus Carlsen.<\/p>\n<p>Der imponerte han lenge.<\/p>\n<p>\u2013 Kanskje H\u00e5vard Haug er v\u00e5r neste mester? Han kommer vi til \u00e5 se mange ganger i romjula fremover. Han er bare 15 \u00e5r, men han kan vi vente mye av i fartsmesterskapene i \u00e5rene fremover, sa NRKs sjakkekspert Torstein Bae underveis i partiet.<\/p>\n<p>Haug forsvarte seg godt og presset tidvis ogs\u00e5 Carlsen p\u00e5 tid. Men mot slutten viste Carlsen sin klasse og vant partiet, etter at Haug gikk ut p\u00e5 tid, i en posisjon hvor Carlsen hadde et klart overtak.<\/p>\n<p>\u2013 Likevel, ypperlig spilt av H\u00e5vard Haug, som imponerer, oppsummerte Bae.<\/p>\n<p>Haug sier det ble mye kaos p\u00e5 slutten av partiet.<\/p>\n<p><strong>\u2013 Det var helt spr\u00f8tt. Vi hadde begge d\u00e5rlig tid. Jeg tror stillingen var ganske spennende, men s\u00e5 klarte han \u00e5 lure meg p\u00e5 slutten. Men det er ikke s\u00e5 overraskende, sier Haug.<\/strong><\/p>\n<p>\u2013 Jeg har slitt litt med tempoet til n\u00e5, men jeg vet at H\u00e5vard er veldig god. To t\u00f8ffe partier. Som sagt ikke forn\u00f8yd med tempoet, men to seirer er fint. sier Carlsen.<\/p>\n<p>Startet med seier<\/p>\n<p>Carlsen fant virkelig storformen i andre halvdel av hurtigsjakk-VM, hvor han avsluttet med \u00e5 ta 5,5 poeng p\u00e5 de siste seks partiene.<\/p>\n<p>F\u00f8r starten p\u00e5 VM i lynsjakk mandag var sp\u00f8rsm\u00e5let om han hadde klart \u00e5 ta med seg den gode formen.<\/p>\n<p>Mot 16 \u00e5r gamle Marco Materia slet Carlsen en stund.<\/p>\n<p><strong>\u2013 Ingen dr\u00f8mmestart forel\u00f8pig, sa Bae underveis i partiet. <\/strong><\/p>\n<p>Men s\u00e5 fant Carlsen \u00e5pningen, etter at Materia gjorde et par mindre gode trekk. Til slutt klarte ikke franskmannen mer og tapte etter \u00e5 ha g\u00e5tt ut p\u00e5 tid i trekk nummer 60.<\/p>\n<p>\u2013 I en h\u00e5pl\u00f8s stilling. Det blir den forventede starten, sa Bae etter at Materia m\u00e5tte se at han tapte partiet.<\/p>\n<p>Magnus Carlsen i \u00e5rets VM i lynsjakk<\/p>\n<p><strong>Dag \u00e9n: <\/strong><\/p>\n<ul>\n<li>1. parti: Marco Materia &#8211; Magnus Carlsen &#8211; seier til Carlsen<\/li>\n<li>2. parti: Magnus Carlsen &#8211; H\u00e5vard Haug &#8211; seier til Carlsen<\/li>\n<\/ul>\n<p>Jakter VM-gull nummer 20<\/p>\n<p>Det har blitt VM-gull p\u00e5 VM-gull for Magnus Carlsen de siste \u00e5rene. Da han s\u00f8ndag sikret seg VM-gullet i hurtigsjakk, var det hans sjette i disiplinen.<\/p>\n<p>Han har ogs\u00e5 vunnet fem VM-kamper i langsjakk og st\u00e5r med \u00e5tte VM-gull i lynsjakk f\u00f8r \u00e5rets mesterskap.<\/p>\n<p>Magnus Carlsen i VM i lynsjakk<\/p>\n<ul>\n<li>2006: 8. plass<\/li>\n<li>2007: 9. plass<\/li>\n<li>2008: Deltok ikke<\/li>\n<li>2009: Gull<\/li>\n<li>2010: Bronse<\/li>\n<li>2012: S\u00f8lv<\/li>\n<li>2013: Deltok ikke<\/li>\n<li>2014: Gull<\/li>\n<li>2015: 6. plass<\/li>\n<li>2016: S\u00f8lv<\/li>\n<li>2017: Gull<\/li>\n<li>2018: Gull<\/li>\n<li>2019: Gull<\/li>\n<li>2020: Ikke arrangert<\/li>\n<li>2021: 12. plass<\/li>\n<li>2022: Gull<\/li>\n<li>2023: Gull<\/li>\n<li>2024: Gull<\/li>\n<\/ul>\n<p>Om det blir et VM-gull nummer 20 med \u00e5rets lynsjakk-VM, avgj\u00f8res alts\u00e5 tirsdag. Det er 13 partier mandag, og s\u00e5 seks nye partier tirsdag i \u00e5pen klasse. De fire beste g\u00e5r deretter videre til et sluttspill med semifinaler og finale.<\/p>\n<p>I finalen vil det ikke v\u00e6re mulig \u00e5 dele gullet, noe Carlsen og Jan Nepomnjasjtsjij p\u00e5 kontroversielt vis gjorde i fjor. I \u00e5r vil det g\u00e5 til armageddon, hvis det er likt etter de fire partiene i finalen.<\/p>\n<p>Publisert<\/p>\n<p>29.12.2025, kl. 12.17<\/p>\n<p>Oppdatert<\/p>\n<p>29.12.2025, kl. 12.54<\/p>\n","protected":false},"excerpt":{"rendered":"I det andre partiet i lynsjakk-VM kom det f\u00f8rste m\u00f8tet mellom to norske spillere i \u00e5rets VM i&hellip;\n","protected":false},"author":2,"featured_media":123756,"comment_status":"","ping_status":"","sticky":false,"template":"","format":"standard","meta":{"footnotes":""},"categories":[59],"tags":[30,28,29,83,82],"class_list":{"0":"post-123755","1":"post","2":"type-post","3":"status-publish","4":"format-standard","5":"has-post-thumbnail","7":"category-sport","8":"tag-no","9":"tag-norge","10":"tag-norway","11":"tag-sport","12":"tag-sports"},"share_on_mastodon":{"url":"https:\/\/pubeurope.com\/@no\/115802753141241176","error":""},"_links":{"self":[{"href":"https:\/\/www.europesays.com\/no\/wp-json\/wp\/v2\/posts\/123755","targetHints":{"allow":["GET"]}}],"collection":[{"href":"https:\/\/www.europesays.com\/no\/wp-json\/wp\/v2\/posts"}],"about":[{"href":"https:\/\/www.europesays.com\/no\/wp-json\/wp\/v2\/types\/post"}],"author":[{"embeddable":true,"href":"https:\/\/www.europesays.com\/no\/wp-json\/wp\/v2\/users\/2"}],"replies":[{"embeddable":true,"href":"https:\/\/www.europesays.com\/no\/wp-json\/wp\/v2\/comments?post=123755"}],"version-history":[{"count":0,"href":"https:\/\/www.europesays.com\/no\/wp-json\/wp\/v2\/posts\/123755\/revisions"}],"wp:featuredmedia":[{"embeddable":true,"href":"https:\/\/www.europesays.com\/no\/wp-json\/wp\/v2\/media\/123756"}],"wp:attachment":[{"href":"https:\/\/www.europesays.com\/no\/wp-json\/wp\/v2\/media?parent=123755"}],"wp:term":[{"taxonomy":"category","embeddable":true,"href":"https:\/\/www.europesays.com\/no\/wp-json\/wp\/v2\/categories?post=123755"},{"taxonomy":"post_tag","embeddable":true,"href":"https:\/\/www.europesays.com\/no\/wp-json\/wp\/v2\/tags?post=123755"}],"curies":[{"name":"wp","href":"https:\/\/api.w.org\/{rel}","templated":true}]}}