{"id":123759,"date":"2025-12-29T12:06:32","date_gmt":"2025-12-29T12:06:32","guid":{"rendered":"https:\/\/www.europesays.com\/no\/123759\/"},"modified":"2025-12-29T12:06:32","modified_gmt":"2025-12-29T12:06:32","slug":"nord-korea-kim-jong-un-nord-korea-testet-langtrekkende-kryssermissiler","status":"publish","type":"post","link":"https:\/\/www.europesays.com\/no\/123759\/","title":{"rendered":"Nord-Korea, Kim Jong-un | Nord-Korea testet langtrekkende kryssermissiler"},"content":{"rendered":"\n<p>De to missilene ble skutt ut over Gulehavet, som ligger mellom Koreahalv\u00f8ya og Kina, skriver det statlige nyhetsbyr\u00e5et KCNA.<\/p>\n<p>De opplyser at m\u00e5let med \u00f8velsen var \u00e5 teste \u00abmotoffensiv beredskap og kampevne til langtrekkende missilenheter\u00bb.<\/p>\n<p>Landets \u00f8verste leder Kim Jong-un, som overvar testskytingen, oppfordret til \u00abubegrenset og vedvarende\u00bb utvikling av sine atomv\u00e5penstyrker, if\u00f8lge nyhetsbyr\u00e5et.<\/p>\n<p>Det s\u00f8rkoreanske milit\u00e6ret melder at de har registrert avfyringer av flere missiler fra Sunan-omr\u00e5det, som ligger n\u00e6r Nord-Koreas hovedstad Pyongyang. Det skriver det s\u00f8rkoreanske nyhetsbyr\u00e5et Yonhap, if\u00f8lge nyhetsbyr\u00e5et AFP.<\/p>\n<p>De siste \u00e5rene har Nord-Korea trappet opp testingen av raketter kraftig. Analytikere sier m\u00e5let med dette er \u00e5 \u00f8ke kapasiteten til \u00e5 gjennomf\u00f8re presisjonsangrep, utfordre USA og S\u00f8r-Korea samt \u00e5 teste v\u00e5pen f\u00f8r mulig eksport til Russland.<\/p>\n<p>Forrige uke bes\u00f8kte Kim et ub\u00e5tverft sammen med datteren Kim Ju-ae og inspiserte byggingen av en atomub\u00e5t. Da overvar han ogs\u00e5 testing av en ny type h\u00f8yt- og langtrekkende luftvernrakett.<\/p>\n<p>(\u00a9NTB)<\/p>\n","protected":false},"excerpt":{"rendered":"De to missilene ble skutt ut over Gulehavet, som ligger mellom Koreahalv\u00f8ya og Kina, skriver det statlige nyhetsbyr\u00e5et&hellip;\n","protected":false},"author":2,"featured_media":68572,"comment_status":"","ping_status":"","sticky":false,"template":"","format":"standard","meta":{"footnotes":""},"categories":[12],"tags":[20,21,24,25,15,22,23,13,30,28,29,14,16,26,27,42,43,44,45],"class_list":{"0":"post-123759","1":"post","2":"type-post","3":"status-publish","4":"format-standard","5":"has-post-thumbnail","7":"category-verden","8":"tag-breaking-news","9":"tag-breakingnews","10":"tag-featured-news","11":"tag-featurednews","12":"tag-headlines","13":"tag-latest-news","14":"tag-latestnews","15":"tag-news","16":"tag-no","17":"tag-norge","18":"tag-norway","19":"tag-nyheter","20":"tag-overskrifter","21":"tag-top-stories","22":"tag-topstories","23":"tag-verden","24":"tag-world","25":"tag-world-news","26":"tag-worldnews"},"share_on_mastodon":{"url":"https:\/\/pubeurope.com\/@no\/115802772824213493","error":""},"_links":{"self":[{"href":"https:\/\/www.europesays.com\/no\/wp-json\/wp\/v2\/posts\/123759","targetHints":{"allow":["GET"]}}],"collection":[{"href":"https:\/\/www.europesays.com\/no\/wp-json\/wp\/v2\/posts"}],"about":[{"href":"https:\/\/www.europesays.com\/no\/wp-json\/wp\/v2\/types\/post"}],"author":[{"embeddable":true,"href":"https:\/\/www.europesays.com\/no\/wp-json\/wp\/v2\/users\/2"}],"replies":[{"embeddable":true,"href":"https:\/\/www.europesays.com\/no\/wp-json\/wp\/v2\/comments?post=123759"}],"version-history":[{"count":0,"href":"https:\/\/www.europesays.com\/no\/wp-json\/wp\/v2\/posts\/123759\/revisions"}],"wp:featuredmedia":[{"embeddable":true,"href":"https:\/\/www.europesays.com\/no\/wp-json\/wp\/v2\/media\/68572"}],"wp:attachment":[{"href":"https:\/\/www.europesays.com\/no\/wp-json\/wp\/v2\/media?parent=123759"}],"wp:term":[{"taxonomy":"category","embeddable":true,"href":"https:\/\/www.europesays.com\/no\/wp-json\/wp\/v2\/categories?post=123759"},{"taxonomy":"post_tag","embeddable":true,"href":"https:\/\/www.europesays.com\/no\/wp-json\/wp\/v2\/tags?post=123759"}],"curies":[{"name":"wp","href":"https:\/\/api.w.org\/{rel}","templated":true}]}}