{"id":123806,"date":"2025-12-29T12:54:16","date_gmt":"2025-12-29T12:54:16","guid":{"rendered":"https:\/\/www.europesays.com\/no\/123806\/"},"modified":"2025-12-29T12:54:16","modified_gmt":"2025-12-29T12:54:16","slug":"okonomi-og-naeringsliv-stathelle-hoysesong-for-frierier-dette-er-trenden-na","status":"publish","type":"post","link":"https:\/\/www.europesays.com\/no\/123806\/","title":{"rendered":"\u00d8konomi og n\u00e6ringsliv, Stathelle | H\u00f8ysesong for frierier \u2013 dette er trenden n\u00e5"},"content":{"rendered":"\n<p>De siste ukene har det v\u00e6rt godt trykk hos gullsmeden.<\/p>\n<p>\u2013 Den siste uka inn mot jul har v\u00e6rt helt knallbra. S\u00e5 vi er veldig, veldig forn\u00f8yde, smiler Haukedal som er syns det er flott at kundene fremdeles velger \u00e5 ta julehandelen i de lokale butikkene.<\/p>\n<p>\u2013 Det er veldig kjedelig hvis netthandelen tar helt over. Heldigvis ser vi at folk fremdeles setter pris p\u00e5 \u00e5 g\u00e5 i butikken, se varen og ha en handleopplevelse rundt juletider. Ikke bare sitte hjemme og scrolle. Det er veldig bra, smiler hun og legger til:<\/p>\n<p>\u2013 Men det m\u00e5 ogs\u00e5 folk huske p\u00e5. Hvis vi skal overleve, s\u00e5 m\u00e5 de bruke oss.<\/p>\n<p>   <img decoding=\"async\" width=\"5245\" height=\"2950\" fetchpriority=\"low\"  loading=\"lazy\"  src=\"https:\/\/www.europesays.com\/no\/wp-content\/uploads\/2025\/12\/image_4FF2DD64-5339-46AC-99F8-FE7C2CA23E6C_1766487232.jpeg\" alt=\"\" class=\"brick-c-cFOWSL\" style=\"--brick-image-ratio: 5245 \/ 2950;\"\/><\/p>\n<p>      Merethe Haukedal fyller p\u00e5 med varer etter hektiske dager.<br \/>\n      Foto: Julie Bj\u00f8rneboe Alund\n    <\/p>\n<p>  Frieri-uke<\/p>\n<p>Og det ser det ut til at de gj\u00f8r. Julepresanger, smykker til festligheter og ikke minst forlovelsesringer har g\u00e5tt unna.<\/p>\n<p>Jul, romjul og nytt\u00e5r er nemlig h\u00f8ytid for frierier.<\/p>\n<p>\u2013 Mange tenker at nytt\u00e5rsaften er en perfekt dag \u00e5 fri p\u00e5. Mange benytter seg ogs\u00e5 av at hele storfamilien er samlet p\u00e5 julaften. Flere velger \u00e5 komme med den overraskelsen etter middagen, s\u00e5 jula er absolutt en frieri-uke, sier Haukedal, som syns det er koselig \u00e5 hjelpe kundene med \u00e5 finne ringen.<\/p>\n<p>\u2013 Det er jo veldig hyggelig at folk fortsetter \u00e5 ta det steget, sier hun.<\/p>\n<p>Typen forlovelsesring har endret seg med \u00e5rene. N\u00e5 g\u00e5r mange for diamantring.<\/p>\n<p>\u2013 N\u00e5 er det jo mer den amerikanske varianten, hvor de kanskje g\u00e5r ned p\u00e5 kne med en diamantring til sin kommende kone, og s\u00e5 er det ut og se etter gifteringer sammen etterp\u00e5, forteller Merethe Haukedal.<\/p>\n","protected":false},"excerpt":{"rendered":"De siste ukene har det v\u00e6rt godt trykk hos gullsmeden. \u2013 Den siste uka inn mot jul har&hellip;\n","protected":false},"author":2,"featured_media":123807,"comment_status":"","ping_status":"","sticky":false,"template":"","format":"standard","meta":{"footnotes":""},"categories":[56],"tags":[36,60,61,2247,62,30,28,29,216,3006,1510],"class_list":{"0":"post-123806","1":"post","2":"type-post","3":"status-publish","4":"format-standard","5":"has-post-thumbnail","7":"category-naeringsliv","8":"tag-art","9":"tag-business","10":"tag-economy","11":"tag-lokale-nyheter","12":"tag-naeringsliv","13":"tag-no","14":"tag-norge","15":"tag-norway","16":"tag-okonomi-og-naeringsliv","17":"tag-stathelle","18":"tag-story"},"share_on_mastodon":{"url":"https:\/\/pubeurope.com\/@no\/115802961667845997","error":""},"_links":{"self":[{"href":"https:\/\/www.europesays.com\/no\/wp-json\/wp\/v2\/posts\/123806","targetHints":{"allow":["GET"]}}],"collection":[{"href":"https:\/\/www.europesays.com\/no\/wp-json\/wp\/v2\/posts"}],"about":[{"href":"https:\/\/www.europesays.com\/no\/wp-json\/wp\/v2\/types\/post"}],"author":[{"embeddable":true,"href":"https:\/\/www.europesays.com\/no\/wp-json\/wp\/v2\/users\/2"}],"replies":[{"embeddable":true,"href":"https:\/\/www.europesays.com\/no\/wp-json\/wp\/v2\/comments?post=123806"}],"version-history":[{"count":0,"href":"https:\/\/www.europesays.com\/no\/wp-json\/wp\/v2\/posts\/123806\/revisions"}],"wp:featuredmedia":[{"embeddable":true,"href":"https:\/\/www.europesays.com\/no\/wp-json\/wp\/v2\/media\/123807"}],"wp:attachment":[{"href":"https:\/\/www.europesays.com\/no\/wp-json\/wp\/v2\/media?parent=123806"}],"wp:term":[{"taxonomy":"category","embeddable":true,"href":"https:\/\/www.europesays.com\/no\/wp-json\/wp\/v2\/categories?post=123806"},{"taxonomy":"post_tag","embeddable":true,"href":"https:\/\/www.europesays.com\/no\/wp-json\/wp\/v2\/tags?post=123806"}],"curies":[{"name":"wp","href":"https:\/\/api.w.org\/{rel}","templated":true}]}}