{"id":123811,"date":"2025-12-29T12:58:14","date_gmt":"2025-12-29T12:58:14","guid":{"rendered":"https:\/\/www.europesays.com\/no\/123811\/"},"modified":"2025-12-29T12:58:14","modified_gmt":"2025-12-29T12:58:14","slug":"stenshagen-tok-sin-forste-verdenscupseier","status":"publish","type":"post","link":"https:\/\/www.europesays.com\/no\/123811\/","title":{"rendered":"Stenshagen tok sin f\u00f8rste verdenscupseier:"},"content":{"rendered":"<p>Mattis Stenshagen tok mandag sin f\u00f8rste verdenscupseier da han vant ti kilometer klassisk med individuell start i Tour de Ski \u2013 med knapp margin.<\/p>\n<p>\u2013 Det var fantastisk. Jeg skj\u00f8nte kanskje ikke helt underveis at det var s\u00e5 bra som det viste seg \u00e5 v\u00e6re, sier Stenshagen.<\/p>\n<p>Seieren kom selv om han ikke hadde full kontroll p\u00e5 hvordan han l\u00e5 an i l\u00f8ypa.<\/p>\n<p>\u2013 Tydeligvis er formen p\u00e5 et h\u00f8yt niv\u00e5 i \u00e5r. N\u00e5r jeg f\u00e5r ut det jeg er god for, er jeg ikke bare blant de beste \u2013 i dag var jeg best. Det f\u00f8les utrolig godt, forteller Stenshagen.<\/p>\n<p>Johannes H\u00f8sflot Kl\u00e6bo jaget Stenshagen helt inn mot m\u00e5l, men klarte ikke \u00e5 hente inn de n\u00f8dvendige sekundene. Etter m\u00e5lgang var han borte hos seierherren.<\/p>\n<p> \u2013 Det er stort. Jeg har v\u00e6rt p\u00e5 lag med Mattis i mange \u00e5r. Vi er veldig gode kompiser, forteller Kl\u00e6bo, som i likhet med Stenshagen er f\u00f8dt i 1996. <\/p>\n<p> \u2013 At han endelig f\u00e5r betalt for den jobben han har lagt ned, synes jeg er veldig fortjent, tilf\u00f8yer VM-kongen fra Trondheim. <\/p>\n<p>      <img class=\"image__img lazyload\" itemprop=\"image\" title=\"Foto: Terje Pedersen \/ NTB\" alt=\"HILSEN: Johannes H\u00f8sflot Kl\u00e6bo gratulerte Stenshagen med seieren da han gikk i m\u00e5l sekunder bak. Foto: Terje Pedersen \/ NTB\" width=\"978\" height=\"652\" bad-src=\"https:\/\/www.europesays.com\/no\/wp-content\/uploads\/2025\/12\/18418712.webp.jpeg\" fetchpriority=\"auto\" \/><\/p>\n<p>      HILSEN: Johannes H\u00f8sflot Kl\u00e6bo gratulerte Stenshagen med seieren da han gikk i m\u00e5l sekunder bak.<br \/>\n         Foto: Terje Pedersen \/ NTB<\/p>\n<p>      <img class=\"image__img lazyload\" itemprop=\"image\" title=\"Foto: Terje Pedersen \/ NTB\" alt=\"HILSEN: Johannes H\u00f8sflot Kl\u00e6bo gratulerte Stenshagen med seieren da han gikk i m\u00e5l sekunder bak. Foto: Terje Pedersen \/ NTB\" width=\"978\" height=\"652\" bad-src=\"https:\/\/www.europesays.com\/no\/wp-content\/uploads\/2025\/12\/18418713.webp.jpeg\" fetchpriority=\"auto\" \/><\/p>\n<p>      HILSEN: Johannes H\u00f8sflot Kl\u00e6bo gratulerte Stenshagen med seieren da han gikk i m\u00e5l sekunder bak.<br \/>\n         Foto: Terje Pedersen \/ NTB<\/p>\n<p>\u2013 Endelig satt den<\/p>\n<p>TV 2s langrennsekspert Petter Soleng Skinstad lot seg imponere av Stenshagens prestasjon.<\/p>\n<p>\u2013 Endelig satt den for Mattis Stenshagen. Etter \u00e5 ha v\u00e6rt blant landets beste l\u00f8pere utenfor landslaget i mange \u00e5r, har han n\u00e5 tatt steget helt til topps, sier Skinstad.<\/p>\n<p>Han trekker ogs\u00e5 fram arbeidet som er lagt ned over tid.<\/p>\n<p>\u2013 Vi snakker ofte om fortjente seirer, og dette er virkelig en av dem. Jobben Mattis har gjort de siste \u00e5rene er enorm. Hatten av for ham, Team Swix Hofseth og hele st\u00f8tteapparatet som har lagt til rette for at han har kunnet trene p\u00e5 niv\u00e5 med landslagsl\u00f8perne, ogs\u00e5 utenfor forbundslaget.<\/p>\n<p>For Stenshagen var seieren f\u00f8lelsesladet.<\/p>\n<p>\u2013 Det betyr mye. Det er mange \u00e5r med hard jobbing og mange mennesker som har st\u00f8ttet meg p\u00e5 veien. En del har mistet troen, s\u00e5 da er det ekstra godt \u00e5 vise at dette ikke er tilfeldig.<\/p>\n<p>Bak Stenshagen fulgte Johannes H\u00f8sflot Kl\u00e6bo og Emil Iversen, som sikret tredjeplassen.<\/p>\n<p>\u2013 N\u00e5 har jeg to tredjeplasser og en fjerdeplass, og g\u00e5r egentlig fort hver dag. Jeg er veldig stolt og forn\u00f8yd. Ett sekund bak Kl\u00e6bo \u2013 et toppl\u00f8p, rett og slett, sier Iversen til TV 2 i str\u00e5lende hum\u00f8r<\/p>\n<p>Norsk dominans<\/p>\n<p>F\u00f8rst ut av de ti norske var Emil Iversen med startnummer 26.<\/p>\n<p>Mattis Stenshagen fulgte sju numre senere.<\/p>\n<p>Duoen leverte hver sine sterke l\u00f8p, hvor sistnevnte klokket inn ti sekunder foran Iversen, inn til en forel\u00f8pig ledelse.<\/p>\n<p>N\u00e5r klassiskspesialist Ivo Niskanen ble utkonkurrert med hele 24 sekunder av Stenshagen, l\u00e5 det an til helnorsk pall.<\/p>\n<p>Rennet utviklet seg til \u00e5 bli en meget spennende sekundstrid mellom Stenshagen og Kl\u00e6bo.<\/p>\n<p>Til slutt maktet ikke VM-kongen \u00e5 f\u00e5 de r\u00f8de tallene til \u00e5 bli gr\u00f8nne, og gikk inn i m\u00e5l 8,9 sekunder bak.<\/p>\n<p>Skinstad biter seg merke i \u00e9n fellesnevner med alle de norske ut\u00f8verne som har havnet p\u00e5 pallen de to f\u00f8rste dagene p\u00e5 herresiden.<\/p>\n<p>\u2013\u00a0 Ellers verdt \u00e5 merke seg at nesten alle som har v\u00e6rt p\u00e5 pallen s\u00e5 langt i touren enten trener alene innenfor landslaget, eller er p\u00e5 privatlag, sier han og fortsetter:<\/p>\n<p>\u2013 Dette bekrefter inntrykket som har utviklet seg over tid, nemlig at det sportslige tilbudet p\u00e5 landslaget ikke lenger er s\u00e5 godt som det kan og b\u00f8r v\u00e6re. Landslaget skal til enhver tid v\u00e6re det beste stedet \u00e5 trene p\u00e5, sier han.<\/p>\n<p>Harald \u00d8stberg Amundsen ble av flere ansett som en av forh\u00e5ndsfavorittene til \u00e5 vinne Tour de Ski, som han gjorde i 2023\/24-sesongen.\u00a0<\/p>\n<p>      <img class=\"image__img lazyload\" itemprop=\"image\" title=\"Foto: Terje Pedersen \/ NTB\" alt=\"FORH\u00c5NDSFAVORITT: Harald \u00d8stberg Amundsen er en av flere favoritter til \u00e5 vinne Tour de Ski. P\u00c5 mandagens \u00f8velse ble han nummer syv. Foto: Terje Pedersen \/ NTB\" width=\"978\" height=\"653\" bad-src=\"https:\/\/www.europesays.com\/no\/wp-content\/uploads\/2025\/12\/18418733.webp.jpeg\" fetchpriority=\"auto\" \/><\/p>\n<p>      FORH\u00c5NDSFAVORITT: Harald \u00d8stberg Amundsen er en av flere favoritter til \u00e5 vinne Tour de Ski. P\u00c5 mandagens \u00f8velse ble han nummer syv.<br \/>\n         Foto: Terje Pedersen \/ NTB<\/p>\n<p>      <img class=\"image__img lazyload\" itemprop=\"image\" title=\"Foto: Terje Pedersen \/ NTB\" alt=\"FORH\u00c5NDSFAVORITT: Harald \u00d8stberg Amundsen er en av flere favoritter til \u00e5 vinne Tour de Ski. P\u00c5 mandagens \u00f8velse ble han nummer syv. Foto: Terje Pedersen \/ NTB\" width=\"978\" height=\"653\" bad-src=\"https:\/\/www.europesays.com\/no\/wp-content\/uploads\/2025\/12\/18418734.webp.jpeg\" fetchpriority=\"auto\" \/><\/p>\n<p>      FORH\u00c5NDSFAVORITT: Harald \u00d8stberg Amundsen er en av flere favoritter til \u00e5 vinne Tour de Ski. P\u00c5 mandagens \u00f8velse ble han nummer syv.<br \/>\n         Foto: Terje Pedersen \/ NTB<\/p>\n<p>P\u00e5 mandagens intervallstart havnet veteranen utenfor pallen over halvminuttet bak den norske seierherren.<\/p>\n<p>\u2013 Sjuendeplass er ikke noe \u00e5 hoppe i taket over. Det blir p\u00e5 det jevne i dag, sier han.<\/p>\n","protected":false},"excerpt":{"rendered":"Mattis Stenshagen tok mandag sin f\u00f8rste verdenscupseier da han vant ti kilometer klassisk med individuell start i Tour&hellip;\n","protected":false},"author":2,"featured_media":123812,"comment_status":"","ping_status":"","sticky":false,"template":"","format":"standard","meta":{"footnotes":""},"categories":[59],"tags":[30,28,29,83,82],"class_list":{"0":"post-123811","1":"post","2":"type-post","3":"status-publish","4":"format-standard","5":"has-post-thumbnail","7":"category-sport","8":"tag-no","9":"tag-norge","10":"tag-norway","11":"tag-sport","12":"tag-sports"},"share_on_mastodon":{"url":"https:\/\/pubeurope.com\/@no\/115802977250015219","error":""},"_links":{"self":[{"href":"https:\/\/www.europesays.com\/no\/wp-json\/wp\/v2\/posts\/123811","targetHints":{"allow":["GET"]}}],"collection":[{"href":"https:\/\/www.europesays.com\/no\/wp-json\/wp\/v2\/posts"}],"about":[{"href":"https:\/\/www.europesays.com\/no\/wp-json\/wp\/v2\/types\/post"}],"author":[{"embeddable":true,"href":"https:\/\/www.europesays.com\/no\/wp-json\/wp\/v2\/users\/2"}],"replies":[{"embeddable":true,"href":"https:\/\/www.europesays.com\/no\/wp-json\/wp\/v2\/comments?post=123811"}],"version-history":[{"count":0,"href":"https:\/\/www.europesays.com\/no\/wp-json\/wp\/v2\/posts\/123811\/revisions"}],"wp:featuredmedia":[{"embeddable":true,"href":"https:\/\/www.europesays.com\/no\/wp-json\/wp\/v2\/media\/123812"}],"wp:attachment":[{"href":"https:\/\/www.europesays.com\/no\/wp-json\/wp\/v2\/media?parent=123811"}],"wp:term":[{"taxonomy":"category","embeddable":true,"href":"https:\/\/www.europesays.com\/no\/wp-json\/wp\/v2\/categories?post=123811"},{"taxonomy":"post_tag","embeddable":true,"href":"https:\/\/www.europesays.com\/no\/wp-json\/wp\/v2\/tags?post=123811"}],"curies":[{"name":"wp","href":"https:\/\/api.w.org\/{rel}","templated":true}]}}