{"id":123815,"date":"2025-12-29T13:05:59","date_gmt":"2025-12-29T13:05:59","guid":{"rendered":"https:\/\/www.europesays.com\/no\/123815\/"},"modified":"2025-12-29T13:05:59","modified_gmt":"2025-12-29T13:05:59","slug":"tar-grep-2","status":"publish","type":"post","link":"https:\/\/www.europesays.com\/no\/123815\/","title":{"rendered":"Tar grep"},"content":{"rendered":"<p class=\"kicker \" style=\"\">Vasaloppet<\/p>\n<p>  To m\u00e5neder f\u00f8r 2026-utgaven kommer arrang\u00f8rene av Vasaloppet med gode nyheter til tusenvis av deltakere. M\u00e5let med tiltakene er \u00e5 redusere stress.<\/p>\n<p>\n    VASALOPPET: Flere grep tas f\u00f8r 2026-utgaven av Vasaloppet. Foto: Ulf Palm \/ TT \/ NTB\n  <\/p>\n<p>Flere grep tas nemlig foran vinterens ni mil lange skifest fra S\u00e4len til Mora.<\/p>\n<p>Mosjonistene vil blant annet f\u00e5 bedre tid p\u00e5 seg til \u00e5 n\u00e5 den f\u00f8rste tidskontrollen i Sm\u00e5gan. Sammenlignet med tidligere legges det p\u00e5 en halvtime f\u00f8r det tradisjonsrike tauet strekkes over traseen.<\/p>\n<p>L\u00f8pere som kommer til den aktuelle tidskontrollen etter at tauet er p\u00e5 plass, f\u00e5r ikke fortsette ferden mot m\u00e5lgangen i Moraparken.<\/p>\n<p>    <a itemprop=\"url\" href=\"https:\/\/www.dagbladet.no\/sport\/jeg-er-et-monster\/84033452\" rel=\"nofollow noopener\" target=\"_blank\"><\/p>\n<p>        <img loading=\"lazy\" decoding=\"async\" src=\"https:\/\/www.europesays.com\/no\/wp-content\/uploads\/2025\/12\/84033612.webp.webp\" width=\"980\" height=\"441\" title=\"- Jeg er et monster\" alt=\"\" class=\"lazyload\" style=\"--aspect-ratio-image: 2.22; \"\/><\/p>\n<p>        &#8211; Jeg er et monster<\/p>\n<p>    <\/a><\/p>\n<p>M\u00e5let er n\u00e5 at flere av de startende skal klare \u00e5 komme seg til Sm\u00e5gan i tide til ikke \u00e5 bli stanset av funksjon\u00e6rene. Under 2025-utgaven br\u00f8t dr\u00f8yt 200 personer rennet f\u00f8r det var g\u00e5tt elleve kilometer.<\/p>\n<p class=\"font-weight-bold m-font-weight-bold\" data-lab-font_weight=\"font-weight-bold\">&#8211; Vasaloppets start klokka 8 i Berga by, n\u00e5r 15.000 skil\u00f8pere setter i vei mot Mora, er ikonisk, men plassen er begrenset. Spesielt i den f\u00f8rste bakken etter veikryssingen. Ved \u00e5 forlenge den f\u00f8rste tautiden i Sm\u00e5gan h\u00e5per vi at det kan bidra til mindre stress, at flere skil\u00f8pere kan fortsette og forh\u00e5pentligvis ta igjen litt tid n\u00e5r feltet tynnes ut, sier Vasalopp-sjef Tommy H\u00f6glund i en pressemelding.<\/p>\n<p>I tillegg til \u00e5 forlenge tidsfristen i Sm\u00e5gan vil det under neste \u00e5rs renn bli innf\u00f8rt s\u00e5kalte tauguider. Det er funksjon\u00e6rer som g\u00e5r rennet i spesiallagde vester sammen med deltakerne.<\/p>\n<p>        GYNGER: Johannes H\u00f8sflot Kl\u00e6bo valgte \u00e5 avslutte sine heat med en meget annerledes teknikk. Video: NRK, Schjesvold\/S\u00f8r\u00f8 Olsen\/Dagbladet TV-sporten<\/p>\n<p>De aktuelle funksjon\u00e6rene skal fungere som en slags fartsholder, i den betydningen at de skal gi deltakerne en indikasjon p\u00e5 hvordan de ligger an til \u00e5 n\u00e5 de ulike tidskontrollene.<\/p>\n<p class=\"font-weight-bold m-font-weight-bold\" data-lab-font_weight=\"font-weight-bold\">&#8211; Tauguidene er der som et sikkerhetstiltak, men vi vet at det ogs\u00e5 kan v\u00e6re stressende underveis, og vi h\u00e5per at innf\u00f8ringen av tauguider vil skape st\u00f8rre trygghet n\u00e5r deltakerne selv ikke trenger \u00e5 holde \u00f8ye med klokka hele tiden, sier H\u00f6glund.<\/p>\n<p class=\"font-weight-normal m-font-weight-normal\" data-lab-font_weight=\"font-weight-normal\"> I 2024 var 943 av de 15 800 p\u00e5meldte nordmenn. <\/p>\n","protected":false},"excerpt":{"rendered":"Vasaloppet To m\u00e5neder f\u00f8r 2026-utgaven kommer arrang\u00f8rene av Vasaloppet med gode nyheter til tusenvis av deltakere. M\u00e5let med&hellip;\n","protected":false},"author":2,"featured_media":123816,"comment_status":"","ping_status":"","sticky":false,"template":"","format":"standard","meta":{"footnotes":""},"categories":[12],"tags":[20,21,24,25,15,22,23,13,30,28,29,14,16,83,26,27,6846,42,399,43,44,45],"class_list":{"0":"post-123815","1":"post","2":"type-post","3":"status-publish","4":"format-standard","5":"has-post-thumbnail","7":"category-verden","8":"tag-breaking-news","9":"tag-breakingnews","10":"tag-featured-news","11":"tag-featurednews","12":"tag-headlines","13":"tag-latest-news","14":"tag-latestnews","15":"tag-news","16":"tag-no","17":"tag-norge","18":"tag-norway","19":"tag-nyheter","20":"tag-overskrifter","21":"tag-sport","22":"tag-top-stories","23":"tag-topstories","24":"tag-vasaloppet","25":"tag-verden","26":"tag-vintersport","27":"tag-world","28":"tag-world-news","29":"tag-worldnews"},"share_on_mastodon":{"url":"https:\/\/pubeurope.com\/@no\/115803008739059040","error":""},"_links":{"self":[{"href":"https:\/\/www.europesays.com\/no\/wp-json\/wp\/v2\/posts\/123815","targetHints":{"allow":["GET"]}}],"collection":[{"href":"https:\/\/www.europesays.com\/no\/wp-json\/wp\/v2\/posts"}],"about":[{"href":"https:\/\/www.europesays.com\/no\/wp-json\/wp\/v2\/types\/post"}],"author":[{"embeddable":true,"href":"https:\/\/www.europesays.com\/no\/wp-json\/wp\/v2\/users\/2"}],"replies":[{"embeddable":true,"href":"https:\/\/www.europesays.com\/no\/wp-json\/wp\/v2\/comments?post=123815"}],"version-history":[{"count":0,"href":"https:\/\/www.europesays.com\/no\/wp-json\/wp\/v2\/posts\/123815\/revisions"}],"wp:featuredmedia":[{"embeddable":true,"href":"https:\/\/www.europesays.com\/no\/wp-json\/wp\/v2\/media\/123816"}],"wp:attachment":[{"href":"https:\/\/www.europesays.com\/no\/wp-json\/wp\/v2\/media?parent=123815"}],"wp:term":[{"taxonomy":"category","embeddable":true,"href":"https:\/\/www.europesays.com\/no\/wp-json\/wp\/v2\/categories?post=123815"},{"taxonomy":"post_tag","embeddable":true,"href":"https:\/\/www.europesays.com\/no\/wp-json\/wp\/v2\/tags?post=123815"}],"curies":[{"name":"wp","href":"https:\/\/api.w.org\/{rel}","templated":true}]}}