{"id":123819,"date":"2025-12-29T13:08:14","date_gmt":"2025-12-29T13:08:14","guid":{"rendered":"https:\/\/www.europesays.com\/no\/123819\/"},"modified":"2025-12-29T13:08:14","modified_gmt":"2025-12-29T13:08:14","slug":"jeg-er-et-monster","status":"publish","type":"post","link":"https:\/\/www.europesays.com\/no\/123819\/","title":{"rendered":"&#8211; Jeg er et monster"},"content":{"rendered":"<p class=\"kicker \" style=\"\">Tour de Ski:<\/p>\n<p>  Stortalentet Lars Heggen (20) viste seg nok en gang fram, og han h\u00f8ster lovord fra stjernene: &#8211; Dr\u00f8yt \u00e5 melde.<\/p>\n<p>\n    STJERNE: Lars Heggen er if\u00f8lge landslagstrener Arild Monsen det st\u00f8rste talentet han har sett p\u00e5 lenge. S\u00f8ndag ble han nummer to p\u00e5 den f\u00f8rste etappen i Tour de Ski. Foto: Terje Pedersen \/ NTB\n  <\/p>\n<p>P\u00e5 sp\u00f8rsm\u00e5l til det norske landslaget i september om hvem man skulle se mest opp for utenfor landslaget denne sesongen, svarte fire ut\u00f8vere og trenerduoen Eirik Myhr Nossum\/Arild Monsen:<\/p>\n<p>Lars Heggen.<\/p>\n<p>Og de har ikke bommet med sine sp\u00e5dommer.<\/p>\n<p>Han ble nummer fire p\u00e5 sprinten i Trondheim tidlig i desember. S\u00f8ndag ble det andreplass, <a href=\"https:\/\/www.dagbladet.no\/sport\/fenomenalt\/84032223\" rel=\"nofollow noopener\" target=\"_blank\">bare sl\u00e5tt<\/a> av den stadig suverene Johannes H\u00f8sflot Kl\u00e6bo.<\/p>\n<p>&#8211; Det betyr mye, sier Heggen.<\/p>\n<p class=\"italic m-italic\" data-lab-italic=\"italic\">P\u00e5 Beitost\u00f8len var han uheldig:<\/p>\n<p>        FALLER: Lars Heggen forteller om fallet under sprinten p\u00e5 Beitost\u00f8len. Reporter: Fredrik Schjesvold. Video: B\u00e5rd S\u00f8r\u00f8 Olsen.<\/p>\n<p>Slike plasseringer f\u00e5r debatten umiddelbart til \u00e5 g\u00e5 om OL, men med \u00e9n gang OL nevnes av pressen, velger han \u00e5 roe ned stemningen og p\u00e5peker at han tok andreplass i en sk\u00f8ytesprint.\u00a0<\/p>\n<p>Sprinten i OL i februar er nemlig i klassisk stil.<\/p>\n<p>&#8211; Det blir litt \u00e5 ta i, mener Heggen.<\/p>\n<p>Han er bare 20 \u00e5r, men er alts\u00e5 ikke langt unna Kl\u00e6bo i en sprint.<\/p>\n<p>        <img loading=\"lazy\" decoding=\"async\" src=\"https:\/\/www.europesays.com\/no\/wp-content\/uploads\/2025\/12\/84033621.webp.webp\" width=\"980\" height=\"559\" title=\"JUBEL: Lars Heggen var i ekstase over sin andreplass p\u00e5 sprinten. Foto: Maxim Thor\u00e9 \/ BILDBYR\u00c5N\" alt=\"\" class=\"\" style=\"--aspect-ratio-image: 1.75; \"\/><\/p>\n<p>\n        JUBEL: Lars Heggen var i ekstase over sin andreplass p\u00e5 sprinten. Foto: Maxim Thor\u00e9 \/ BILDBYR\u00c5N\n    <\/p>\n<p>Heggen: Tror Kl\u00e6bo mener det\t<\/p>\n<p class=\"italic m-italic\" data-lab-italic=\"italic\">&#8211; Hvor lenge til er det du tar Johannes (Kl\u00e6bo), tror du? sp\u00f8r Nettavisen.<\/p>\n<p>&#8211; Det er vanskelig \u00e5 si, men han sier jo at det ikke er \u00e5r eller m\u00e5neder, men at det er dager. Men jeg tror kanskje det er mer snakk om m\u00e5neder. Men vi f\u00e5r se. <\/p>\n<p class=\"italic m-italic\" data-lab-italic=\"italic\">&#8211; F\u00f8ler du at han sier det bare for \u00e5 v\u00e6re snill?<\/p>\n<p>&#8211; Nei, jeg tror han faktisk mener det, sier Heggen til Dagbladet om den oppsiktsvekkende meldingen.<\/p>\n<p>Den ni \u00e5r eldre Kl\u00e6bo passerte alts\u00e5 100 verdenscupseire i desember og tok seks av seks mulige VM-gull forrige vinter.<\/p>\n<p>    Tour de Ski &#8211; program<\/p>\n<p>      29. desember &#8211; 2. etappe<\/p>\n<ul>\n<li class=\"lab-bodytext-line\">Individuell start, 10 kilometer, menn, klokka 11.45<\/li>\n<li class=\"lab-bodytext-line\">Individuell start, 10 kilometer, klokka 14.45<\/li>\n<\/ul>\n<p>31. desember &#8211; 3. etappe<\/p>\n<ul>\n<li class=\"lab-bodytext-line\">Fellesstart, 5 kilometer, menn, klokka 11.30<\/li>\n<li class=\"lab-bodytext-line\">Fellesstart, 5 kilometer, kvinner, klokka 14.30<\/li>\n<\/ul>\n<p>1. januar &#8211; 4. etappe<\/p>\n<ul>\n<li class=\"lab-bodytext-line\">Jaktstart, 15 kilometer, menn, klokka 10.30<\/li>\n<li class=\"lab-bodytext-line\">Jaktstart, 15 kilometer, kvinner, klokka 12.30<\/li>\n<\/ul>\n<p>3. januar &#8211; 5. etappe<\/p>\n<p>Sprint, kvinner og menn<\/p>\n<ul>\n<li class=\"lab-bodytext-line\">Kvalifisering klokka 12.15<\/li>\n<li class=\"lab-bodytext-line\">Finaler fra klokka 14.45<\/li>\n<\/ul>\n<p>4. januar &#8211; 6. etappe<\/p>\n<ul>\n<li class=\"lab-bodytext-line\">Monsterbakken, menn, klokka 11.30<\/li>\n<li class=\"lab-bodytext-line\">Monsterbakken, kvinner, klokka 15.30<\/li>\n<\/ul>\n<p>      Vis mer<br \/>\n      Vis mindre<\/p>\n<p class=\"italic m-italic\" data-lab-italic=\"italic\">&#8211; Det m\u00e5 jo v\u00e6re kult?<\/p>\n<p>&#8211;\u00a0\u00a0Jo, det er artig. <\/p>\n<p class=\"italic m-italic\" data-lab-italic=\"italic\">&#8211; Si noe om hvordan det er \u00e5 f\u00e5 h\u00f8re slikt fra langrennshistoriens beste ut\u00f8ver?<\/p>\n<p>&#8211; Det er kult! Jeg har jo sett opp til ham og sett p\u00e5 masse skirenn hvor han har g\u00e5tt og knuse alle andre, s\u00e5 det er morsomt \u00e5 f\u00e5 skryt av de aller beste. Det betyr mye.<\/p>\n<p>P\u00e5stand: &#8211; Dr\u00f8yt \u00e5 melde\t<\/p>\n<p>Nettavisen drar fram hyllest fra andre stjerner i langrennssirkuset.\u00a0<\/p>\n<p>If\u00f8lge avisa mener Erik Valnes at Heggen kan komme p\u00e5 pallen sammenlagt i Tour de Ski, som best\u00e5r av under 50 kilometer fordelt p\u00e5 seks etapper med en avsluttende\u00a0\u00abMonsterbakke\u00bb.<\/p>\n<p>&#8211;\u00a0Jeg syns pallen er ganske dr\u00f8yt \u00e5 melde, men topp ti kanskje, sp\u00e5r han om seg selv.<\/p>\n<p>S\u00e5 blir han spurt om ikke det er en defensiv sp\u00e5dom, f\u00f8r han svarer et sp\u00f8rsm\u00e5l med et nytt sp\u00f8rsm\u00e5l om topp 10\u00a0faktisk er defensivt.<\/p>\n<p>&#8211; Det er noen skirenn som skal g\u00e5s!<\/p>\n<p>Og et av skirennene er alts\u00e5 opp en alpinbakke 4. januar.<\/p>\n<p>        OL: Flere russere har n\u00e5 f\u00e5tt muligheten til \u00e5 kvalifisere seg til OL, men det er ikke den eneste oppmerksomheten de har f\u00e5tt det siste \u00e5ret. Video: @saveliykorostelev\/@dnepryaeva\/Match TV\/Telegram, S\u00f8r\u00f8 Olsen\/Schjesvold\/Dagbladet TV-sporten<\/p>\n<p>&#8211; Jeg er et monster\t<\/p>\n<p class=\"italic m-italic\" data-lab-italic=\"italic\">&#8211; Hvordan passer \u00abMonsterbakken\u00bb Lars Heggen? sp\u00f8r Dagbladet.<\/p>\n<p>&#8211; Den tror jeg skal passe meg bra. Jeg er et monster! avslutter han presseseansen.<\/p>\n<p>Noen f\u00e5 minutter seinere kommer Johannes H\u00f8sflot Kl\u00e6bo. Vi m\u00e5 ha svar.<\/p>\n<p>Kl\u00e6bo: Jeg mener det\t<\/p>\n<p>Hvor mye sannhet er det i at det er snakk om dager f\u00f8r han kan bli sl\u00e5tt av Heggen?<\/p>\n<p>&#8211; Det mener jeg, forsikrer han Dagbladet.<\/p>\n<p>&#8211; Du ser hva han gj\u00f8r i dag. Husk p\u00e5 at guttene der kan jo f\u00e5 en strekk p\u00e5 kvelden, og s\u00e5 kan de v\u00e5kne p\u00e5 morgenen, og s\u00e5 har de strekken borte fordi de er s\u00e5 unge og restituerer s\u00e5 fort. Mens vi andre som er snart 30 trenger 4-5 timer med massasje og gjerne en uke eller to p\u00e5 \u00e5 f\u00e5 tilsvarende restutisjon. Jeg sp\u00e5r ham h\u00f8yt i sammendraget.<\/p>\n<p>    <a itemprop=\"url\" href=\"https:\/\/www.dagbladet.no\/sport\/fikk-klar-beskjed-etter-manover\/84033309\" rel=\"nofollow noopener\" target=\"_blank\"><\/p>\n<p>        <img loading=\"lazy\" decoding=\"async\" src=\"https:\/\/www.europesays.com\/no\/wp-content\/uploads\/2025\/12\/84033359.webp.webp\" width=\"980\" height=\"441\" title=\"Fikk klar beskjed etter man\u00f8ver\" alt=\"\" class=\"lazyload\" style=\"--aspect-ratio-image: 2.22; \"\/><\/p>\n<p>        Fikk klar beskjed etter man\u00f8ver<\/p>\n<p>    <\/a><\/p>\n<p>NTB p\u00e5peker at tempoet til s\u00f8ndagens vinner ikke akkurat er lavt.<\/p>\n<p>&#8211;\u00a0Det kommer til \u00e5 g\u00e5 fort, men enn s\u00e5 lenge g\u00e5r det bra. <\/p>\n<p>Mandag er det ny etappe i Tour de Ski. Da er det 10 kilometer intervallstart for herrer og kvinner.<\/p>\n","protected":false},"excerpt":{"rendered":"Tour de Ski: Stortalentet Lars Heggen (20) viste seg nok en gang fram, og han h\u00f8ster lovord fra&hellip;\n","protected":false},"author":2,"featured_media":123820,"comment_status":"","ping_status":"","sticky":false,"template":"","format":"standard","meta":{"footnotes":""},"categories":[5],"tags":[20,21,24,25,15,19,711,398,14046,22,23,17,18,13,30,28,29,14,16,83,26,27],"class_list":{"0":"post-123819","1":"post","2":"type-post","3":"status-publish","4":"format-standard","5":"has-post-thumbnail","7":"category-overskrifter","8":"tag-breaking-news","9":"tag-breakingnews","10":"tag-featured-news","11":"tag-featurednews","12":"tag-headlines","13":"tag-hovedoppslag","14":"tag-johannes-hosflot-klaebo","15":"tag-langrenn","16":"tag-lars-heggen","17":"tag-latest-news","18":"tag-latestnews","19":"tag-main-news","20":"tag-mainnews","21":"tag-news","22":"tag-no","23":"tag-norge","24":"tag-norway","25":"tag-nyheter","26":"tag-overskrifter","27":"tag-sport","28":"tag-top-stories","29":"tag-topstories"},"share_on_mastodon":{"url":"https:\/\/pubeurope.com\/@no\/115803016621945486","error":""},"_links":{"self":[{"href":"https:\/\/www.europesays.com\/no\/wp-json\/wp\/v2\/posts\/123819","targetHints":{"allow":["GET"]}}],"collection":[{"href":"https:\/\/www.europesays.com\/no\/wp-json\/wp\/v2\/posts"}],"about":[{"href":"https:\/\/www.europesays.com\/no\/wp-json\/wp\/v2\/types\/post"}],"author":[{"embeddable":true,"href":"https:\/\/www.europesays.com\/no\/wp-json\/wp\/v2\/users\/2"}],"replies":[{"embeddable":true,"href":"https:\/\/www.europesays.com\/no\/wp-json\/wp\/v2\/comments?post=123819"}],"version-history":[{"count":0,"href":"https:\/\/www.europesays.com\/no\/wp-json\/wp\/v2\/posts\/123819\/revisions"}],"wp:featuredmedia":[{"embeddable":true,"href":"https:\/\/www.europesays.com\/no\/wp-json\/wp\/v2\/media\/123820"}],"wp:attachment":[{"href":"https:\/\/www.europesays.com\/no\/wp-json\/wp\/v2\/media?parent=123819"}],"wp:term":[{"taxonomy":"category","embeddable":true,"href":"https:\/\/www.europesays.com\/no\/wp-json\/wp\/v2\/categories?post=123819"},{"taxonomy":"post_tag","embeddable":true,"href":"https:\/\/www.europesays.com\/no\/wp-json\/wp\/v2\/tags?post=123819"}],"curies":[{"name":"wp","href":"https:\/\/api.w.org\/{rel}","templated":true}]}}