{"id":123833,"date":"2025-12-29T13:25:58","date_gmt":"2025-12-29T13:25:58","guid":{"rendered":"https:\/\/www.europesays.com\/no\/123833\/"},"modified":"2025-12-29T13:25:58","modified_gmt":"2025-12-29T13:25:58","slug":"islam-ma-tilpasse-seg-i-sverige","status":"publish","type":"post","link":"https:\/\/www.europesays.com\/no\/123833\/","title":{"rendered":"\u2013 Islam m\u00e5 tilpasse seg i Sverige"},"content":{"rendered":"<p><strong>Nesten halvparten av svenskene st\u00f8tter et forbud mot burka og nikab i det offentlige rom, if\u00f8lge en ny unders\u00f8kelse gjennomf\u00f8rt av SVT og Verian. 47 prosent svarer ja til et slikt forbud, mens 36 prosent er imot og 17 prosent er usikre. Unders\u00f8kelsen bygger p\u00e5 svar fra 1000 personer og viser at sp\u00f8rsm\u00e5let fortsatt deler befolkningen. Det melder <a href=\"https:\/\/www.dagen.no\/nyheter\/nesten-halvparten-av-svenskene-vil-ha-forbud-mot-burka-og-nikab\/1528623\" rel=\"nofollow noopener\" target=\"_blank\">Dagen<\/a>.<\/strong><\/p>\n<p>Debatten om heldekkende sl\u00f8r har dukket opp med jevne mellomrom i svensk politikk, s\u00e6rlig fra borgerlig side. Kristdemokraterna (KD), KrFs s\u00f8sterparti i Sverige, gikk i oktober inn for et totalforbud p\u00e5 alle offentlige steder, som gater, torg og kj\u00f8pesentre.<\/p>\n<p>\u2013 Islam m\u00e5 tilpasse seg i Sverige, sier KD-leder og visestatsminister Ebba Busch til Aftonbladet, og knytter forbudet til det hun omtaler som mislykket integrering og \u00e6resrelatert undertrykkelse i landet.<\/p>\n<p><img loading=\"lazy\" decoding=\"async\" src=\"data:image\/svg+xml,%3Csvg%20xmlns=\" http:=\"\" width=\"16\" height=\"16\" alt=\"Loading ...\" title=\"Loading ...\" class=\"wp-polls-image\" data-lazy-src=\"https:\/\/www.europesays.com\/no\/wp-content\/uploads\/2025\/08\/loading.gif\"\/>\u00a0Loading &#8230;<\/p>\n<p>Hun viser blant annet til at titusener av kvinner ansl\u00e5s \u00e5 v\u00e6re kj\u00f8nnslemlestet, og mener det haster med tydeligere politiske grep. \u2013 Det har allerede g\u00e5tt altfor langt, og da m\u00e5 vi ogs\u00e5 holde sp\u00f8rsm\u00e5let om nikab og burka tydelig p\u00e5 dagsordenen og forby det mens vi kan, sier Busch.<\/p>\n<p>SVT skriver samtidig at verken statsminister Ulf Kristersson eller Socialdemokraternas leder Magdalena Andersson har utelukket et forbud. Unders\u00f8kelsen viser likevel tydelige politiske skillelinjer: 77 prosent av h\u00f8yresidevelgerne st\u00f8tter et forbud, mot bare 22 prosent blant venstresidevelgerne. Forslaget m\u00f8ter sterk motstand fra partier som Milj\u00f6partiet, som advarer mot inngrep i religionsfriheten.<\/p>\n","protected":false},"excerpt":{"rendered":"Nesten halvparten av svenskene st\u00f8tter et forbud mot burka og nikab i det offentlige rom, if\u00f8lge en ny&hellip;\n","protected":false},"author":2,"featured_media":123834,"comment_status":"","ping_status":"","sticky":false,"template":"","format":"standard","meta":{"footnotes":""},"categories":[12],"tags":[20,21,7786,24,25,4521,15,22,23,13,30,28,29,14,16,1359,26,27,42,43,44,45],"class_list":{"0":"post-123833","1":"post","2":"type-post","3":"status-publish","4":"format-standard","5":"has-post-thumbnail","7":"category-verden","8":"tag-breaking-news","9":"tag-breakingnews","10":"tag-burka","11":"tag-featured-news","12":"tag-featurednews","13":"tag-forbud","14":"tag-headlines","15":"tag-latest-news","16":"tag-latestnews","17":"tag-news","18":"tag-no","19":"tag-norge","20":"tag-norway","21":"tag-nyheter","22":"tag-overskrifter","23":"tag-sverige","24":"tag-top-stories","25":"tag-topstories","26":"tag-verden","27":"tag-world","28":"tag-world-news","29":"tag-worldnews"},"share_on_mastodon":{"url":"https:\/\/pubeurope.com\/@no\/115803087315317356","error":""},"_links":{"self":[{"href":"https:\/\/www.europesays.com\/no\/wp-json\/wp\/v2\/posts\/123833","targetHints":{"allow":["GET"]}}],"collection":[{"href":"https:\/\/www.europesays.com\/no\/wp-json\/wp\/v2\/posts"}],"about":[{"href":"https:\/\/www.europesays.com\/no\/wp-json\/wp\/v2\/types\/post"}],"author":[{"embeddable":true,"href":"https:\/\/www.europesays.com\/no\/wp-json\/wp\/v2\/users\/2"}],"replies":[{"embeddable":true,"href":"https:\/\/www.europesays.com\/no\/wp-json\/wp\/v2\/comments?post=123833"}],"version-history":[{"count":0,"href":"https:\/\/www.europesays.com\/no\/wp-json\/wp\/v2\/posts\/123833\/revisions"}],"wp:featuredmedia":[{"embeddable":true,"href":"https:\/\/www.europesays.com\/no\/wp-json\/wp\/v2\/media\/123834"}],"wp:attachment":[{"href":"https:\/\/www.europesays.com\/no\/wp-json\/wp\/v2\/media?parent=123833"}],"wp:term":[{"taxonomy":"category","embeddable":true,"href":"https:\/\/www.europesays.com\/no\/wp-json\/wp\/v2\/categories?post=123833"},{"taxonomy":"post_tag","embeddable":true,"href":"https:\/\/www.europesays.com\/no\/wp-json\/wp\/v2\/tags?post=123833"}],"curies":[{"name":"wp","href":"https:\/\/api.w.org\/{rel}","templated":true}]}}