{"id":123837,"date":"2025-12-29T13:28:09","date_gmt":"2025-12-29T13:28:09","guid":{"rendered":"https:\/\/www.europesays.com\/no\/123837\/"},"modified":"2025-12-29T13:28:09","modified_gmt":"2025-12-29T13:28:09","slug":"simen-lyse-etter-finaletapet-tungt-i-kolstad","status":"publish","type":"post","link":"https:\/\/www.europesays.com\/no\/123837\/","title":{"rendered":"Simen Lyse etter finaletapet: \u2013 Tungt i Kolstad"},"content":{"rendered":"\n<p class=\"_lead_o9xde_2 _lead_xtcu6_50 layout-component text-serif-m layout-normal text-serif-l layout-component layout-wide layout-padded _wide_17hqh_1 layout-padded\">Kolstad tapte NM-finalen. N\u00f8kkelspiller Simen Lyse forteller om en t\u00f8ff h\u00f8st. N\u00e5 forbereder han seg til EM med Norge.<\/p>\n<p><img alt=\" Foto: Christoffer Andersen \/ NTB\" class=\"_image_qp4xg_65 layout-component layout-wide\" data-fullscreen- data-track-element-type=\"Article image fullscreen\" data-track-name=\"ImageFullscreen\" fetchpriority=\"high\" decoding=\"sync\" loading=\"eager\" height=\"1761\" itemprop=\"image\"  src=\"https:\/\/www.europesays.com\/no\/wp-content\/uploads\/2025\/12\/a75f579f-7a88-4fc7-870f-45c9d2aa158d.png\"  style=\"object-position:0% 0%\" width=\"3026\"\/> Foto: Christoffer Andersen \/ NTB<\/p>\n<ul aria-hidden=\"true\" class=\"_images_ntbth_112\">\n<li><a class=\"_link_ntbth_117\" href=\"https:\/\/www.vg.no\/forfatter\/jostein-overvik\" style=\"z-index:1\" title=\"Jostein Overvik\" rel=\"nofollow noopener\" target=\"_blank\"><img alt=\"Bilde av Jostein Overvik\" class=\"_image_ntbth_93\" fetchpriority=\"low\" loading=\"lazy\" decoding=\"async\" itemprop=\"image\"  src=\"https:\/\/www.europesays.com\/no\/wp-content\/uploads\/2025\/12\/9167fa6a-7320-4d6f-b3c9-6c4ecb8beb8c.jpeg\"  width=\"480\"\/><\/a><\/li>\n<\/ul>\n<p>Rapporterer fra Unity Arena Oppdatert mandag 29. desember kl. 13:53    <\/p>\n<ul class=\"_list_o9xde_3 _list_64s2r_85 _unordered_o9xde_106 text-sans-m\">\n<li class=\"_item_o9xde_30\">Kolstad tapte NM-finalen mot Runar etter straffekast.<\/li>\n<li class=\"_item_o9xde_30\">Simen Lyse forteller om en t\u00f8ff h\u00f8st med mye spilletid og sm\u00e5skader.<\/li>\n<li class=\"_item_o9xde_30\">Lyse forlater Kolstad etter sesongen for \u00e5 spille i PSG Handball.<\/li>\n<li class=\"_item_o9xde_30\">N\u00e5 forbereder han seg til EM med Norge, som starter 15. januar.<\/li>\n<\/ul>\n<p>Vis mer <\/p>\n<p class=\"_paragraph_o9xde_4 _paragraph_xtcu6_10 layout-component text-serif-m layout-normal text-serif-m layout-padded\">P\u00e5 sitt beste har Kolstad sl\u00e5tt regjerende mester i Bundesliga. P\u00e5 sitt verste har klubben g\u00e5tt p\u00e5 et saftig tap for Fjellhammer i eliteserien.<\/p>\n<p class=\"_paragraph_o9xde_4 _paragraph_xtcu6_10 layout-component text-serif-m layout-normal text-serif-m layout-padded\"><a href=\"https:\/\/www.vg.no\/sport\/i\/aJwqva\/runar-slo-kolstad-i-drama-revet-i-filler\" data-track-element-type=\"Link\" data-track-id=\"link:aJwqva\" class=\"_link_o9xde_39\" rel=\"nofollow noopener\" target=\"_blank\">I s\u00f8ndagens cupfinale ble det tap for Runar etter straffekastkonkurranse<\/a>.<\/p>\n<p class=\"_paragraph_o9xde_4 _paragraph_xtcu6_10 layout-component text-serif-m layout-normal text-serif-m layout-padded\">\u2013 Det var tungt \u00e5 jage hele kampen, sier Lyse til VG.<\/p>\n<p class=\"_paragraph_o9xde_4 _paragraph_xtcu6_10 layout-component text-serif-m layout-normal text-serif-m layout-padded\"><strong class=\"_strong_o9xde_25\">25-\u00e5ringen benekter ikke at Kolstads nylig innf\u00f8rte l\u00f8nnstak har kan ha p\u00e5virket spillerne.<\/strong><\/p>\n<p class=\"_paragraph_o9xde_4 _paragraph_xtcu6_10 layout-component text-serif-m layout-normal text-serif-m layout-padded\">\u2013 Alt rundt p\u00e5virker litt. Man kan si hva man vil. Jeg tror det uansett ligger i underbevisstheten at det er vanskelig \u00e5 vite hva som skjer, sier Simen Lyse etter ni finalem\u00e5l (p\u00e5 19 skuddfors\u00f8k).<\/p>\n<p><img alt=\"Foto: Christoffer Andersen \/ NTB\" class=\"_image_qp4xg_65 layout-component layout-normal\" data-fullscreen- data-track-element-type=\"Article image fullscreen\" data-track-name=\"ImageFullscreen\" decoding=\"async\" loading=\"lazy\" height=\"2444\" itemprop=\"image\"  src=\"https:\/\/www.europesays.com\/no\/wp-content\/uploads\/2025\/12\/45d78292-82e3-4974-8496-6367cd1291b8.png\"  style=\"object-position:0% 0%\" width=\"3667\"\/>Foto: Christoffer Andersen \/ NTB<\/p>\n<p class=\"_paragraph_o9xde_4 _paragraph_xtcu6_10 layout-component text-serif-m layout-normal text-serif-m layout-padded\">Han f\u00f8lte seg \u00abfresh\u00bb i NM-finalen etter ni dagers juleferie fra kamper.<\/p>\n<p class=\"_paragraph_o9xde_4 _paragraph_xtcu6_10 layout-component text-serif-m layout-normal text-serif-m layout-padded\">\u2013 Men s\u00e5 har jeg noen sm\u00e5skader. Det har alle sammen. Jeg skal ikke skylde p\u00e5 det. Vi var for d\u00e5rlige over 60 minutter, erkjenner han bak barten.<\/p>\n<p class=\"_paragraph_o9xde_4 _paragraph_xtcu6_10 layout-component text-serif-m layout-normal text-serif-m layout-padded\">Sander Sagosen forsvant etter NM-finalen for ett \u00e5r siden. Ogs\u00e5 Torbj\u00f8rn Bergerud har forlatt klubben det siste \u00e5ret.<\/p>\n<p class=\"_paragraph_o9xde_4 _paragraph_xtcu6_10 layout-component text-serif-m layout-normal text-serif-m layout-padded\"><strong class=\"_strong_o9xde_25\">Simen Lyse slo for alvor gjennom p\u00e5 landslaget med 24 VM-scoringer i januar. Men denne h\u00f8sten synes han at det har blitt for mye spilletid i klubben.<\/strong><\/p>\n<p class=\"_paragraph_o9xde_4 _paragraph_xtcu6_10 layout-component text-serif-m layout-normal text-serif-m layout-padded\">\u2013 Det har v\u00e6rt tungt \u00e5 v\u00e6re i Kolstad. Troppen v\u00e5r har ikke v\u00e6rt s\u00e5 bred. Det har v\u00e6rt \u00e5 spille mer enn 50 minutter i hver kamp. To ganger i uken, sa Lyse til VG p\u00e5 VM-uttaket 18. desember, f\u00f8r han la til:<\/p>\n<p class=\"_paragraph_o9xde_4 _paragraph_xtcu6_10 layout-component text-serif-m layout-normal text-serif-m layout-padded\">\u2013 Pluss at vi reiser over alt i Europa. Det tar p\u00e5<\/p>\n<p class=\"_paragraph_o9xde_4 _paragraph_xtcu6_10 layout-component text-serif-m layout-normal text-serif-m layout-padded\">Lyse og samboeren Mari Brands\u00f8 fikk s\u00f8nnen Luka i mai.<\/p>\n<p class=\"_paragraph_o9xde_4 _paragraph_xtcu6_10 layout-component text-serif-m layout-normal text-serif-m layout-padded\">\u2013 Det er positivt \u00e5 komme hjem til ungen. Jeg slipper \u00e5 g\u00e5 hjem \u00e5 surmule om jeg har spilt r\u00e6va, sier han.<\/p>\n<p><img alt=\"Foto: Christoffer Andersen \/ NTB\" class=\"_image_qp4xg_65 layout-component layout-normal\" data-fullscreen- data-track-element-type=\"Article image fullscreen\" data-track-name=\"ImageFullscreen\" decoding=\"async\" loading=\"lazy\" height=\"3013\" itemprop=\"image\"  src=\"https:\/\/www.europesays.com\/no\/wp-content\/uploads\/2025\/12\/494064e8-3ada-43eb-aa04-22a8a96b699e.jpeg\"  style=\"object-position:0% 0%\" width=\"4519\"\/>Foto: Christoffer Andersen \/ NTB<\/p>\n<p class=\"_paragraph_o9xde_4 _paragraph_xtcu6_10 layout-component text-serif-m layout-normal text-serif-m layout-padded\"><strong class=\"_strong_o9xde_25\">Kroppen har f\u00e5tt mye juling gjennom 30 kamper: 15 seriekamper, 10 Champions League-matcher, pluss fem kamper i NM.<\/strong><\/p>\n<p class=\"_paragraph_o9xde_4 _paragraph_xtcu6_10 layout-component text-serif-m layout-normal text-serif-m layout-padded\">\u2013 Det har v\u00e6rt flere ting. Men jeg klarer \u00e5 vedlikehold kroppen. Men man kjenner det, sier Lyse som i desember har hatt et problem i ryggen.<\/p>\n<p class=\"_paragraph_o9xde_4 _paragraph_xtcu6_10 layout-component text-serif-m layout-normal text-serif-m layout-padded\">Etter sesongen forlater Simen Lyse Kolstad. PSG Handball blir hans nye klubb i Paris.<\/p>\n<p class=\"_paragraph_o9xde_4 _paragraph_xtcu6_10 layout-component text-serif-m layout-normal text-serif-m layout-padded\">\u2013 Det tror jeg nok. Det blir en helt annen tilv\u00e6relse, sier han.<\/p>\n<p class=\"_paragraph_o9xde_4 _paragraph_xtcu6_10 layout-component text-serif-m layout-normal text-serif-m layout-padded\">\u2013 Det blir kult med noe nytt. Jeg har v\u00e6rt i Kolstad i syv \u00e5r n\u00e5, legger Lyse til.<\/p>\n<p>Norges EM-kamper<\/p>\n<p class=\"_paragraph_o9xde_4 _paragraph_xtcu6_10 _paragraph_16v91_10 layout-component text-serif-m layout-normal text-sans-m layout-padded\">15. januar: Ukraina.<\/p>\n<p class=\"_paragraph_o9xde_4 _paragraph_xtcu6_10 _paragraph_16v91_10 layout-component text-serif-m layout-normal text-sans-m layout-padded\">17. januar: Tsjekkia.<\/p>\n<p class=\"_paragraph_o9xde_4 _paragraph_xtcu6_10 _paragraph_16v91_10 layout-component text-serif-m layout-normal text-sans-m layout-padded\">19. januar: Frankrike.<\/p>\n<p class=\"_paragraph_o9xde_4 _paragraph_xtcu6_10 _paragraph_16v91_10 layout-component text-serif-m layout-normal text-sans-m layout-padded\">Alle gruppespillkampene g\u00e5r i Unity Arena p\u00e5 Fornebu. De to beste fra gruppespillet g\u00e5r videre til hovedrunden i danske Herning. Norge arrangerer EM sammen med Sverige og Danmark.<\/p>\n<p>Vis mer<\/p>\n<p class=\"_paragraph_o9xde_4 _paragraph_xtcu6_10 layout-component text-serif-m layout-normal text-serif-m layout-padded\"><strong class=\"_strong_o9xde_25\">Den neste m\u00e5neden kommer til \u00e5 handle om EM. Norge starter mesterskapet med gruppespill p\u00e5 hjemmebane 15. januar. <\/strong><\/p>\n<p class=\"_paragraph_o9xde_4 _paragraph_xtcu6_10 layout-component text-serif-m layout-normal text-serif-m layout-padded\">\u2013 N\u00e5 blir det rolig nytt\u00e5rsfeiring med damen og ungen f\u00f8r jeg blir borte en liten m\u00e5ned, beskriver han.<\/p>\n<p class=\"_paragraph_o9xde_4 _paragraph_xtcu6_10 layout-component text-serif-m layout-normal text-serif-m layout-padded\">\u2013 Jeg gleder meg til EM. Vi har et bra lag. Et lag som kan kjempe mot de fleste. Vi m\u00e5 bare utvide toppniv\u00e5et v\u00e5rt og ikke svinge s\u00e5 mye i prestasjonene.<\/p>\n<p class=\"_paragraph_o9xde_4 _paragraph_xtcu6_10 layout-component text-serif-m layout-normal text-serif-m layout-padded\">\u2013 Hva tenker du om at det blir st\u00f8rre forventninger til deg?<\/p>\n<p class=\"_paragraph_o9xde_4 _paragraph_xtcu6_10 layout-component text-serif-m layout-normal text-serif-m layout-padded\">\u2013 Det er klart. Jeg er ikke et ungt talent lenger. Jeg begynner \u00e5 bli eldre jeg ogs\u00e5. S\u00e5 jeg m\u00e5 begynne \u00e5 ta et ansvar. Hvis de gir meg tillit s\u00e5 m\u00e5 jeg bare ta den, svarer Simen Lyse.<\/p>\n","protected":false},"excerpt":{"rendered":"Kolstad tapte NM-finalen. N\u00f8kkelspiller Simen Lyse forteller om en t\u00f8ff h\u00f8st. N\u00e5 forbereder han seg til EM med&hellip;\n","protected":false},"author":2,"featured_media":123838,"comment_status":"","ping_status":"","sticky":false,"template":"","format":"standard","meta":{"footnotes":""},"categories":[5],"tags":[20,21,24,25,105,15,19,4195,22,23,17,18,13,30,28,29,14,16,6060,26,27],"class_list":{"0":"post-123837","1":"post","2":"type-post","3":"status-publish","4":"format-standard","5":"has-post-thumbnail","7":"category-overskrifter","8":"tag-breaking-news","9":"tag-breakingnews","10":"tag-featured-news","11":"tag-featurednews","12":"tag-handball","13":"tag-headlines","14":"tag-hovedoppslag","15":"tag-kolstad-handball","16":"tag-latest-news","17":"tag-latestnews","18":"tag-main-news","19":"tag-mainnews","20":"tag-news","21":"tag-no","22":"tag-norge","23":"tag-norway","24":"tag-nyheter","25":"tag-overskrifter","26":"tag-simen-lyse","27":"tag-top-stories","28":"tag-topstories"},"share_on_mastodon":{"url":"https:\/\/pubeurope.com\/@no\/115803095404401116","error":""},"_links":{"self":[{"href":"https:\/\/www.europesays.com\/no\/wp-json\/wp\/v2\/posts\/123837","targetHints":{"allow":["GET"]}}],"collection":[{"href":"https:\/\/www.europesays.com\/no\/wp-json\/wp\/v2\/posts"}],"about":[{"href":"https:\/\/www.europesays.com\/no\/wp-json\/wp\/v2\/types\/post"}],"author":[{"embeddable":true,"href":"https:\/\/www.europesays.com\/no\/wp-json\/wp\/v2\/users\/2"}],"replies":[{"embeddable":true,"href":"https:\/\/www.europesays.com\/no\/wp-json\/wp\/v2\/comments?post=123837"}],"version-history":[{"count":0,"href":"https:\/\/www.europesays.com\/no\/wp-json\/wp\/v2\/posts\/123837\/revisions"}],"wp:featuredmedia":[{"embeddable":true,"href":"https:\/\/www.europesays.com\/no\/wp-json\/wp\/v2\/media\/123838"}],"wp:attachment":[{"href":"https:\/\/www.europesays.com\/no\/wp-json\/wp\/v2\/media?parent=123837"}],"wp:term":[{"taxonomy":"category","embeddable":true,"href":"https:\/\/www.europesays.com\/no\/wp-json\/wp\/v2\/categories?post=123837"},{"taxonomy":"post_tag","embeddable":true,"href":"https:\/\/www.europesays.com\/no\/wp-json\/wp\/v2\/tags?post=123837"}],"curies":[{"name":"wp","href":"https:\/\/api.w.org\/{rel}","templated":true}]}}