{"id":123841,"date":"2025-12-29T13:35:56","date_gmt":"2025-12-29T13:35:56","guid":{"rendered":"https:\/\/www.europesays.com\/no\/123841\/"},"modified":"2025-12-29T13:35:56","modified_gmt":"2025-12-29T13:35:56","slug":"dag-terje-klarp-solvang-deler-gladnyhet","status":"publish","type":"post","link":"https:\/\/www.europesays.com\/no\/123841\/","title":{"rendered":"Dag Terje Klarp Solvang deler gladnyhet"},"content":{"rendered":"<p>Dag Terje Klarp Solvang (53), tidligere gift med tidligere H\u00f8yre-politiker Bent H\u00f8ie (54), er forlovet.\u00a0<\/p>\n<p>I et <a href=\"https:\/\/www.instagram.com\/p\/DSz3FDvCIeu\/?igsh=MThrenZsanMzN3R5Yw==\" target=\"_self\" rel=\"nofollow noopener\">innlegg<\/a> p\u00e5 Instagram kunngjorde Solvang s\u00f8ndag at han har forlovet seg med kj\u00e6resten Snorre Martinsen. \u00ab@snorrem sa ja\u00bb, skriver han i innlegget.\u00a0<\/p>\n<p>\u2013 Jeg fridde rett etter prinsen hadde fridd til Askepott p\u00e5 julaften, og Snorre sa ja.\u00a0N\u00e5 har vi romjul i Rondane og nyter late dager, skriver Solvang i en SMS til TV 2.\u00a0<\/p>\n<p>53-\u00e5ringen forteller overfor TV 2 at bryllupet blir i 2027:\u00a0<\/p>\n<p>\u2013 Vi vil samle alle venner og de som vi er glade i \u2013 s\u00e5 da m\u00e5 vi spare litt penger for \u00e5 kunne invitere alle.\u00a0<\/p>\n<p>        <img class=\"image__img lazyload\" itemprop=\"image\" title=\"Foto: Ingvill Sunnby \/ TV 2\" alt=\"GENERALSEKRET\u00c6R: Solvang var i perioden 2018-2024 generalsekret\u00e6r i Den Norske Turistforening. Foto: Ingvill Sunnby \/ TV 2\" width=\"675\" height=\"453\" bad-src=\"https:\/\/www.europesays.com\/no\/wp-content\/uploads\/2025\/12\/18417292.webp.jpeg\" fetchpriority=\"auto\" \/><\/p>\n<p>      GENERALSEKRET\u00c6R: Solvang var i perioden 2018-2024 generalsekret\u00e6r i Den Norske Turistforening.<br \/>\n         Foto: Ingvill Sunnby \/ TV 2<\/p>\n<p>Solvang og H\u00f8ie var gift fra 2000 til 2022. Etter 22 \u00e5r som ektefeller kunngjorde paret for tre \u00e5r siden at de skulle g\u00e5 hvert til sitt.<\/p>\n<p>\u2013 Etter 26 \u00e5r langs livet landevei har vi kommet til den avgj\u00f8relsen at livene m\u00e5 leves hver for oss. Vi har lagt et sv\u00e6rt krevende \u00e5r bak oss. Men vi har klart \u00e5 kommunisere \u00e6rlig hele tiden, skrev de den gang.\u00a0<\/p>\n<p><script async src=\"\/\/www.instagram.com\/embed.js\"><\/script><\/p>\n","protected":false},"excerpt":{"rendered":"Dag Terje Klarp Solvang (53), tidligere gift med tidligere H\u00f8yre-politiker Bent H\u00f8ie (54), er forlovet.\u00a0 I et innlegg&hellip;\n","protected":false},"author":2,"featured_media":123842,"comment_status":"","ping_status":"","sticky":false,"template":"","format":"standard","meta":{"footnotes":""},"categories":[12],"tags":[20,21,24,25,15,22,23,13,30,28,29,14,16,26,27,42,43,44,45],"class_list":{"0":"post-123841","1":"post","2":"type-post","3":"status-publish","4":"format-standard","5":"has-post-thumbnail","7":"category-verden","8":"tag-breaking-news","9":"tag-breakingnews","10":"tag-featured-news","11":"tag-featurednews","12":"tag-headlines","13":"tag-latest-news","14":"tag-latestnews","15":"tag-news","16":"tag-no","17":"tag-norge","18":"tag-norway","19":"tag-nyheter","20":"tag-overskrifter","21":"tag-top-stories","22":"tag-topstories","23":"tag-verden","24":"tag-world","25":"tag-world-news","26":"tag-worldnews"},"share_on_mastodon":{"url":"https:\/\/pubeurope.com\/@no\/115803126692082640","error":""},"_links":{"self":[{"href":"https:\/\/www.europesays.com\/no\/wp-json\/wp\/v2\/posts\/123841","targetHints":{"allow":["GET"]}}],"collection":[{"href":"https:\/\/www.europesays.com\/no\/wp-json\/wp\/v2\/posts"}],"about":[{"href":"https:\/\/www.europesays.com\/no\/wp-json\/wp\/v2\/types\/post"}],"author":[{"embeddable":true,"href":"https:\/\/www.europesays.com\/no\/wp-json\/wp\/v2\/users\/2"}],"replies":[{"embeddable":true,"href":"https:\/\/www.europesays.com\/no\/wp-json\/wp\/v2\/comments?post=123841"}],"version-history":[{"count":0,"href":"https:\/\/www.europesays.com\/no\/wp-json\/wp\/v2\/posts\/123841\/revisions"}],"wp:featuredmedia":[{"embeddable":true,"href":"https:\/\/www.europesays.com\/no\/wp-json\/wp\/v2\/media\/123842"}],"wp:attachment":[{"href":"https:\/\/www.europesays.com\/no\/wp-json\/wp\/v2\/media?parent=123841"}],"wp:term":[{"taxonomy":"category","embeddable":true,"href":"https:\/\/www.europesays.com\/no\/wp-json\/wp\/v2\/categories?post=123841"},{"taxonomy":"post_tag","embeddable":true,"href":"https:\/\/www.europesays.com\/no\/wp-json\/wp\/v2\/tags?post=123841"}],"curies":[{"name":"wp","href":"https:\/\/api.w.org\/{rel}","templated":true}]}}