{"id":123845,"date":"2025-12-29T13:38:08","date_gmt":"2025-12-29T13:38:08","guid":{"rendered":"https:\/\/www.europesays.com\/no\/123845\/"},"modified":"2025-12-29T13:38:08","modified_gmt":"2025-12-29T13:38:08","slug":"hva-kan-jeg-selv-gjore","status":"publish","type":"post","link":"https:\/\/www.europesays.com\/no\/123845\/","title":{"rendered":"Hva kan jeg selv gj\u00f8re?"},"content":{"rendered":"<p><strong>Nytt\u00e5rshilsen av Paal Pedersen<\/strong><\/p>\n<p>John F. Kennedy er en av de mest ber\u00f8mte amerikanske presidentene, kanskje mye p\u00e5 grunn av sin karisma, sin unge alder da han ble valgt og sin dramatiske d\u00f8d i 1963. Den 20. januar 2026 er det 65 \u00e5r siden han holdt talen som inspirerte mange amerikanere til \u00e5 gj\u00f8re en ekstra innsats for sitt land og sitt lokalsamfunn. \u00abKj\u00e6re landsmenn, sp\u00f8r ikke hva landet ditt kan gj\u00f8re for deg, men heller hva du kan gj\u00f8re for ditt land\u00bb, sa Kennedy fra talerstolen.<\/p>\n<p>Kennedys ber\u00f8mte sitat handlet om \u00e5 snu perspektivet fra hva fellesskapet kan gj\u00f8re for oss, til hva vi kan gj\u00f8re for fellesskapet. Han minnet alle om at et samfunn ikke f\u00f8rst og fremst er en offentlig tjenesteleverand\u00f8r, men et felles prosjekt som bare fungerer hvis vi som innbyggere deltar aktivt i det. Budskapet traff fordi det ga folk en f\u00f8lelse av mening, verdighet og ansvar; du er ikke bare mottaker av velferd og tjenester \u2013 du er selv en medskaper av fellesskapet.<\/p>\n<p>Overf\u00f8rt til oss som kommune betyr det at et godt lokalsamfunn ikke kan bygges av det offentlige alene. Kommunen er og skal v\u00e6re et sikkerhetsnett og en profesjonell hjelp for alle som virkelig trenger det, men kommunen kan ikke erstatte naboskap, frivillighet, tillit og menneskelig omtanke. Sm\u00e5 handlinger som \u00e5 gi et smil, bry seg om den som sitter alene, bist\u00e5 den man vet har det vanskelig, hjelpe eldre, engasjere seg i idrettslag, korps, velforeninger, integreringsarbeid eller frivillige tjenester \u2013 det er ikke bare hyggelige handlinger, men det er b\u00e6rebjelker i et velfungerende lokalsamfunn.<\/p>\n<p>Motivasjonen er derfor ikke \u00e5 avlaste det offentlige av \u00f8konomiske grunner, men \u00e5 styrke lokalsamfunnet av menneskelige grunner. N\u00e5r innbyggere tar ansvar lokalt, bygger vi relasjoner, forebygger utenforskap og skaper et samfunn der f\u00e6rre faller utenfor \u2013 og der de som faktisk trenger offentlig hjelp, f\u00e5r bedre mulighet, mer oppmerksomhet og mer verdighet. Slik blir fellesskapet b\u00e5de sterkere, varmere og mer b\u00e6rekraftig enn det offentlige alene noen gang kan v\u00e6re.<\/p>\n<p>\u00c5 stille opp for andre og bidra i frivillig arbeid er noe av det mest meningsfulle vi som medmennesker kan gj\u00f8re, fordi det gir b\u00e5de innhold i eget liv og har stor betydning for fellesskapet rundt oss. N\u00e5r vi velger \u00e5 bry oss og gi av egen tid, s\u00e5 bygger vi lokalsamfunn der innbyggerne f\u00f8ler seg sett og inkludert. I slike sm\u00e5 handlinger av omtanke og ansvar ligger det en enorm kraft, det styrker fellesskapet og gir et varmere samfunn. S\u00e5 mitt h\u00e5p for 2026 er at vi alle litt oftere stiller sp\u00f8rsm\u00e5let; hva kan jeg selv gj\u00f8re?<\/p>\n<p>Med dette \u00f8nsker jeg deg alt det beste for det nye \u00e5ret.<\/p>\n<p><a href=\"https:\/\/www.l-a.no\/nyheter\/n\/B05dnw\/skal-endre-seg-i-ny-rolle\" rel=\"nofollow noopener\" target=\"_blank\"> <img decoding=\"async\" src=\"data:image\/gif;base64,R0lGODlhEAAJAIAAAP\/\/\/wAAACH5BAEAAAAALAAAAAAQAAkAAAIKhI+py+0Po5yUFQA7\" alt=\"\"\/>   Skal endre seg i ny rolle  <\/a> <a href=\"https:\/\/www.l-a.no\/nyheter\/n\/3pj5l9\/ordfoereren-maa-opereres-for-hjertefeil\" rel=\"nofollow noopener\" target=\"_blank\"> <img decoding=\"async\" src=\"data:image\/gif;base64,R0lGODlhEAAJAIAAAP\/\/\/wAAACH5BAEAAAAALAAAAAAQAAkAAAIKhI+py+0Po5yUFQA7\" alt=\"\"\/>   Ordf\u00f8reren m\u00e5 opereres for hjertefeil  <\/a> <a href=\"https:\/\/www.l-a.no\/nyheter\/n\/zAWpKv\/ny-ordfoerer-og-verv\" rel=\"nofollow noopener\" target=\"_blank\"> <img decoding=\"async\" src=\"data:image\/gif;base64,R0lGODlhEAAJAIAAAP\/\/\/wAAACH5BAEAAAAALAAAAAAQAAkAAAIKhI+py+0Po5yUFQA7\" alt=\"\"\/>   Paal Pedersen (H) er ny ordf\u00f8rer  <\/a> <\/p>\n","protected":false},"excerpt":{"rendered":"Nytt\u00e5rshilsen av Paal Pedersen John F. Kennedy er en av de mest ber\u00f8mte amerikanske presidentene, kanskje mye p\u00e5&hellip;\n","protected":false},"author":2,"featured_media":123846,"comment_status":"","ping_status":"","sticky":false,"template":"","format":"standard","meta":{"footnotes":""},"categories":[5],"tags":[20,21,24,25,15,19,22,23,17,18,13,30,28,29,14,14656,16,26,27],"class_list":{"0":"post-123845","1":"post","2":"type-post","3":"status-publish","4":"format-standard","5":"has-post-thumbnail","7":"category-overskrifter","8":"tag-breaking-news","9":"tag-breakingnews","10":"tag-featured-news","11":"tag-featurednews","12":"tag-headlines","13":"tag-hovedoppslag","14":"tag-latest-news","15":"tag-latestnews","16":"tag-main-news","17":"tag-mainnews","18":"tag-news","19":"tag-no","20":"tag-norge","21":"tag-norway","22":"tag-nyheter","23":"tag-nyttarshilsen","24":"tag-overskrifter","25":"tag-top-stories","26":"tag-topstories"},"share_on_mastodon":{"url":"https:\/\/pubeurope.com\/@no\/115803134627392248","error":""},"_links":{"self":[{"href":"https:\/\/www.europesays.com\/no\/wp-json\/wp\/v2\/posts\/123845","targetHints":{"allow":["GET"]}}],"collection":[{"href":"https:\/\/www.europesays.com\/no\/wp-json\/wp\/v2\/posts"}],"about":[{"href":"https:\/\/www.europesays.com\/no\/wp-json\/wp\/v2\/types\/post"}],"author":[{"embeddable":true,"href":"https:\/\/www.europesays.com\/no\/wp-json\/wp\/v2\/users\/2"}],"replies":[{"embeddable":true,"href":"https:\/\/www.europesays.com\/no\/wp-json\/wp\/v2\/comments?post=123845"}],"version-history":[{"count":0,"href":"https:\/\/www.europesays.com\/no\/wp-json\/wp\/v2\/posts\/123845\/revisions"}],"wp:featuredmedia":[{"embeddable":true,"href":"https:\/\/www.europesays.com\/no\/wp-json\/wp\/v2\/media\/123846"}],"wp:attachment":[{"href":"https:\/\/www.europesays.com\/no\/wp-json\/wp\/v2\/media?parent=123845"}],"wp:term":[{"taxonomy":"category","embeddable":true,"href":"https:\/\/www.europesays.com\/no\/wp-json\/wp\/v2\/categories?post=123845"},{"taxonomy":"post_tag","embeddable":true,"href":"https:\/\/www.europesays.com\/no\/wp-json\/wp\/v2\/tags?post=123845"}],"curies":[{"name":"wp","href":"https:\/\/api.w.org\/{rel}","templated":true}]}}