{"id":123857,"date":"2025-12-29T13:52:40","date_gmt":"2025-12-29T13:52:40","guid":{"rendered":"https:\/\/www.europesays.com\/no\/123857\/"},"modified":"2025-12-29T13:52:40","modified_gmt":"2025-12-29T13:52:40","slug":"anniken-huitfeldt-skaper-norsk-julestemning-i-usa","status":"publish","type":"post","link":"https:\/\/www.europesays.com\/no\/123857\/","title":{"rendered":"Anniken Huitfeldt skaper norsk julestemning i USA"},"content":{"rendered":"<p class=\"kicker \" style=\"\">Anniken Huitfeldts nye liv i Washington<\/p>\n<p>  Hun styrer Norges st\u00f8rste utenrikspost &#8211; men i h\u00f8ytiden er hjemlengselen stor.<\/p>\n<p>\n    ALT KLART: &#8211; Vi pynter hele huset<br \/>\nakkurat n\u00e5, forteller Norges ambassad\u00f8r<br \/>\nAnniken Huitfeldt da Se og H\u00f8r tar kontakt<br \/>\nmed henne. Foto: Den Norske Ambassade\n  <\/p>\n<p>F\u00f8rjulsdagene er alt annet enn stille for Norges ambassad\u00f8r Anniken Huitfeldt (55) i USA. I den storsl\u00e5tte residensen i Washington D.C. fylles kalenderen med mottakelser og julearrangementer. Overgangen fra halloween og thanksgiving til julepynt har n\u00e6rmest g\u00e5tt i ett.<\/p>\n<p class=\"font-weight-bold m-font-weight-bold\" data-lab-font_weight=\"font-weight-bold\">&#8211; Det er veldig hyggelig \u00e5 oppleve julestemningen i den amerikanske hovedstaden, forteller Anniken, som kom til USA h\u00f8sten 2024.<\/p>\n<p>        <img loading=\"lazy\" decoding=\"async\" src=\"https:\/\/www.europesays.com\/no\/wp-content\/uploads\/2025\/12\/84005011.webp.webp\" width=\"686\" height=\"933\" title=\"STASELIG: N\u00e5r&#10;Anniken f\u00e5r hjelp av&#10;kunstner Vebj\u00f8rn&#10;Sand (59) til \u00e5&#10;pynte juletreet inne&#10;i ambassaden \u2013 blir&#10;detaljene viktige. Foto: Privat\" alt=\"\" class=\"\" style=\"--aspect-ratio-image: 0.74; \"\/><\/p>\n<p>\n        STASELIG: N\u00e5r<br \/>\nAnniken f\u00e5r hjelp av<br \/>\nkunstner Vebj\u00f8rn<br \/>\nSand (59) til \u00e5<br \/>\npynte juletreet inne<br \/>\ni ambassaden \u2013 blir<br \/>\ndetaljene viktige. Foto: Privat\n    <\/p>\n<p>Ambassaden er Norges st\u00f8rste utenrikspost med rundt 50 ansatte.<\/p>\n<p class=\"font-weight-bold m-font-weight-bold\" data-lab-font_weight=\"font-weight-bold\">&#8211; Det er gjester her hele tiden &#8211; og det er juleselskaper og avslutninger. Det skjer noe nesten hver kveld! sier Anniken begeistret til Se og H\u00f8r.<\/p>\n<p>    <a itemprop=\"url\" href=\"https:\/\/www.seher.no\/kjendis\/bekrefter-bruddet\/84004784\" rel=\"nofollow noopener\" target=\"_blank\"><\/p>\n<p>        <img loading=\"lazy\" decoding=\"async\" src=\"https:\/\/www.europesays.com\/no\/wp-content\/uploads\/2025\/12\/84004842.webp.webp\" width=\"147\" height=\"98\" title=\"Bekrefter bruddet\" alt=\"\" class=\"lazyload\" style=\"--aspect-ratio-image: 1.50; \"\/><\/p>\n<p>        Bekrefter bruddet <\/p>\n<p>    <\/a><\/p>\n<p>&#8211; Vi pynter hele huset akkurat n\u00e5. Det er lys utenfor, blomster overalt og et sv\u00e6rt juletre i inngangen, forklarer Anniken, som har f\u00e5tt hjelp av kunstneren Vebj\u00f8rn Sand til \u00e5 pynte treet.<\/p>\n<p>        <img loading=\"lazy\" decoding=\"async\" src=\"https:\/\/www.europesays.com\/no\/wp-content\/uploads\/2025\/12\/84005010.webp.webp\" width=\"686\" height=\"892\" title=\"VELKOMMEN TIL OSS: Det er pyntet og gjort klart i ambassaden. Lysene er tente og nissen er p\u00e5 plass. Og Anniken m\u00e5 vel bare si p\u00e5&#10;Disney-manerer: From All of Us to All of You \u2013 a very, Merry Christmas! Foto: Den Norske Ambassade\" alt=\"\" class=\"\" style=\"--aspect-ratio-image: 0.77; \"\/><\/p>\n<p>\n        VELKOMMEN TIL OSS: Det er pyntet og gjort klart i ambassaden. Lysene er tente og nissen er p\u00e5 plass. Og Anniken m\u00e5 vel bare si p\u00e5<br \/>\nDisney-manerer: From All of Us to All of You \u2013 a very, Merry Christmas! Foto: Den Norske Ambassade\n    <\/p>\n<p>I ambassaden holder man ogs\u00e5 p\u00e5 de norske mattradisjonene. For dette er Norges vindu ut mot USA, og kokken Eilif R\u00f8sok spiller en n\u00f8kkelrolle i julematmaskineriet.<\/p>\n<p>    <a itemprop=\"url\" href=\"https:\/\/www.seher.no\/kongelig\/vekker-oppsikt-i-utlandet\/84008164\" rel=\"nofollow noopener\" target=\"_blank\"><\/p>\n<p>        <img loading=\"lazy\" decoding=\"async\" src=\"https:\/\/www.europesays.com\/no\/wp-content\/uploads\/2025\/12\/84009164.webp.webp\" width=\"147\" height=\"98\" title=\"Vekker oppsikt i utlandet\" alt=\"\" class=\"lazyload\" style=\"--aspect-ratio-image: 1.50; \"\/><\/p>\n<p>        Vekker oppsikt i utlandet<\/p>\n<p>    <\/a><\/p>\n<p>&#8211; Hans spesialitet er julebr\u00f8d. Og han lager selvf\u00f8lgelig ribbe. I g\u00e5r begynte han med medisterkakene \u2026 Det dufter herlig her, sier Anniken entusiastisk.\u00a0<\/p>\n<p>        <img loading=\"lazy\" decoding=\"async\" src=\"https:\/\/www.europesays.com\/no\/wp-content\/uploads\/2025\/12\/84005001.webp.webp\" width=\"686\" height=\"625\" title=\"NAM-NAM:&#10;Sirupssnipper er&#10;selvsagt noe de bes\u00f8kende f\u00e5r smake&#10;p\u00e5. Ambassadekokk&#10;Eilif R\u00f8sok byr&#10;p\u00e5 det beste \u2013 og&#10;Anniken er selvsagt&#10;forn\u00f8yd. Foto: Den Norske Ambassade\" alt=\"\" class=\"\" style=\"--aspect-ratio-image: 1.10; \"\/><\/p>\n<p>\n        NAM-NAM:<br \/>\nSirupssnipper er<br \/>\nselvsagt noe de bes\u00f8kende f\u00e5r smake<br \/>\np\u00e5. Ambassadekokk<br \/>\nEilif R\u00f8sok byr<br \/>\np\u00e5 det beste \u2013 og<br \/>\nAnniken er selvsagt<br \/>\nforn\u00f8yd. Foto: Den Norske Ambassade\n    <\/p>\n<p>Hun og Eilif har dessuten blitt popul\u00e6re i sosiale medier med sine artige matvideoer \u2013 laget av ambassadens praktikanter. I fjor feiret hun jul i USA. Mannen Ola Petter Flem (56) sto for ribba \u2013 som tradisjonen tilsier.<\/p>\n<p>&#8211; I v\u00e5r familie er det alltid mennene som lager de store kj\u00f8ttm\u00e5ltidene. Det gjorde oldefaren min som var jeger, det gjorde farfaren min, pappaen min og broren min, forteller Anniken \u2013 som r\u00f8per at det til dessert blir krumkaker og fruktsalat. <\/p>\n<p>        <img loading=\"lazy\" decoding=\"async\" src=\"https:\/\/www.europesays.com\/no\/wp-content\/uploads\/2025\/12\/84005012.webp.webp\" width=\"667\" height=\"481\" title=\"LANGT HJEMMEFRA: Anniken trives i USA, men gleder&#10;seg til \u00e5 feire norsk jul hjemme sammen med barna. De studerer&#10;i Norge mens mamma og pappa er i USA. Foto: Pontus Hook \/ Utenriksdepartementet \/ Handout \/ NTB\" alt=\"\" class=\"\" style=\"--aspect-ratio-image: 1.39; \"\/><\/p>\n<p>\n        LANGT HJEMMEFRA: Anniken trives i USA, men gleder<br \/>\nseg til \u00e5 feire norsk jul hjemme sammen med barna. De studerer<br \/>\ni Norge mens mamma og pappa er i USA. Foto: Pontus Hook \/ Utenriksdepartementet \/ Handout \/ NTB\n    <\/p>\n<p>I \u00e5r blir det endelig jul hjemme p\u00e5 Jessheim for hele familien. Der venter barna Lars (24), Ida (22) og Iver (20), som alle studerer i Norge.\u00a0<\/p>\n<p>I fjor kom de til USA \u2013 med barndommens julepynt i bagasjen. I \u00e5r f\u00e5r barna foreldrene hjem, og i kofferten har Anniken med seg julepynten tilbake!<\/p>\n<p>    <a itemprop=\"url\" href=\"https:\/\/www.seher.no\/kjendis\/tatt-pa-fersken-med-ny-flamme\/84000220\" rel=\"nofollow noopener\" target=\"_blank\"><\/p>\n<p>        <img loading=\"lazy\" decoding=\"async\" src=\"https:\/\/www.europesays.com\/no\/wp-content\/uploads\/2025\/12\/84000232.webp.webp\" width=\"147\" height=\"98\" title=\"Tatt p\u00e5 fersken med ny flamme\" alt=\"\" class=\"lazyload\" style=\"--aspect-ratio-image: 1.50; \"\/><\/p>\n<p>        Tatt p\u00e5 fersken med ny flamme<\/p>\n<p>    <\/a><\/p>\n<p class=\"font-weight-bold m-font-weight-bold\" data-lab-font_weight=\"font-weight-bold\">&#8211; Vi snakker sammen p\u00e5 FaceTime hver s\u00f8ndag i v\u00e5r familie. Det betyr mye for oss foreldre, sier hun &#8211; og innr\u00f8mmer at hun tenker mye p\u00e5 dem i hverdagen. <\/p>\n<p>        SLIK VAR \u00c5RET: 2025 var preget av offisielle oppdrag, utfordringer og store overskrifter. Reporter: Caroline Vagle. Video: Kine Falch<\/p>\n<p>&#8211; Jeg fors\u00f8ker \u00e5 ikke vise det, men litt bekymret kan jeg nok v\u00e6re iblant. Det tror jeg mange foreldre kjenner seg igjen i \u2013 n\u00e5r barna bor litt langt unna, sier hun.<\/p>\n<p>I Washington har det forel\u00f8pig ikke kommet sn\u00f8, men i fjor kunne Anniken faktisk g\u00e5 p\u00e5 ski ved ambassaden. Det bragte tankene tilbake til de fine skiturene hjemme i Romeriks\u00e5sene. Oppveksten p\u00e5 Jessheim har gitt Anniken mange gode minner \u2013 som fortsatt holdes i hevd.<\/p>\n<p>        <img loading=\"lazy\" decoding=\"async\" src=\"https:\/\/www.europesays.com\/no\/wp-content\/uploads\/2025\/12\/84005003.webp.webp\" width=\"686\" height=\"1029\" title=\"SEES TIL&#10;SOMMEREN:&#10;Etter trekningen av&#10;puljene til neste \u00e5rs&#10;fotball-VM, stakk&#10;landslagstrener&#10;St\u00e5le Solbakken (57)&#10;innom ambassaden&#10;og Anniken. Norge&#10;skal spile innledende&#10;kamper i n\u00e6rheten&#10;p\u00e5 \u00f8stkysten av&#10;USA.\" alt=\"\" class=\"\" style=\"--aspect-ratio-image: 0.67; \"\/><\/p>\n<p>\n        SEES TIL<br \/>\nSOMMEREN:<br \/>\nEtter trekningen av<br \/>\npuljene til neste \u00e5rs<br \/>\nfotball-VM, stakk<br \/>\nlandslagstrener<br \/>\nSt\u00e5le Solbakken (57)<br \/>\ninnom ambassaden<br \/>\nog Anniken. Norge<br \/>\nskal spile innledende<br \/>\nkamper i n\u00e6rheten<br \/>\np\u00e5 \u00f8stkysten av<br \/>\nUSA.\n    <\/p>\n<p>&#8211; Da jeg var liten var julen veldig likt som det jeg har n\u00e5. For jeg bor jo i det huset jeg vokste opp. Vi spiser det samme, og n\u00e5r jeg skal komme i julestemning, er det \u00e9n artist som alltid har fulgt meg: Hanne Krogh, og hennes \u00abSonjas sang\u00bb fra \u00abReisen til julestjernen\u00bb. Og vet du hva \u2013 n\u00e5r jeg kommer hjem n\u00e5, skal jeg p\u00e5 konsert med Hanne. Gjett om jeg gleder meg!<\/p>\n<p>        <img loading=\"lazy\" decoding=\"async\" src=\"https:\/\/www.europesays.com\/no\/wp-content\/uploads\/2025\/12\/84005000.webp.webp\" width=\"686\" height=\"913\" title=\"P\u00c5 SKI P\u00c5&#10;JOBB: I fjor sn\u00f8dde&#10;det i Washington og&#10;Anniken kunne ta p\u00e5&#10;seg skiene utenfor&#10;ambassaden. Foto: @norwayinusa\/instagram\" alt=\"\" class=\"\" style=\"--aspect-ratio-image: 0.75; \"\/><\/p>\n<p>\n        P\u00c5 SKI P\u00c5<br \/>\nJOBB: I fjor sn\u00f8dde<br \/>\ndet i Washington og<br \/>\nAnniken kunne ta p\u00e5<br \/>\nseg skiene utenfor<br \/>\nambassaden. Foto: @norwayinusa\/instagram\n    <\/p>\n<p>Anniken ler og smiler med \u00f8ynene. Hun er avslappet, i godt lune og tilsynelatende rolig selv om det snart venter et stort selskap. Hun har opparbeidet seg en god erfaring n\u00e5r det gjelder \u00e5 invitere offisielle gjester.<\/p>\n<p>        \u00abSKAL VI DANSE\u00bb: Danseparet bryter ut i latter under intervjuet. Video: Nora Skavhaug\/ R\u00f8d L\u00f8per<\/p>\n<p class=\"font-weight-bold m-font-weight-bold\" data-lab-font_weight=\"font-weight-bold\">&#8211; Amerikanerne er veldig uformelle. Da er det veldig viktig \u00e5 spille p\u00e5 personlige relasjoner. Vi skal ha en tilstelning hvor jeg skal tale til 300 mennesker, og til forskjell fra andre steder &#8211; s\u00e5 serverer vi maten f\u00f8r talene. For det er kjedelig \u00e5 v\u00e6re sulten og vente. P\u00e5 tom mage blir man ukonsentrert.<\/p>\n<p>        <img loading=\"lazy\" decoding=\"async\" src=\"https:\/\/www.europesays.com\/no\/wp-content\/uploads\/2025\/12\/84005006.webp.webp\" width=\"686\" height=\"1029\" title=\"KJ\u00c6RLIGHETEN BLOMSTRER: Ektemannen Ola er&#10;med Anniken p\u00e5 lasset til USA. - Vi&#10;har aldri hatt s\u00e5 mye egentid som&#10;n\u00e5. Barna er i Norge og vi gj\u00f8r mye&#10;moro sammen, sier hun. Foto: Andreas Fadum\" alt=\"\" class=\"\" style=\"--aspect-ratio-image: 0.67; \"\/><\/p>\n<p>\n        KJ\u00c6RLIGHETEN BLOMSTRER: Ektemannen Ola er<br \/>\nmed Anniken p\u00e5 lasset til USA. &#8211; Vi<br \/>\nhar aldri hatt s\u00e5 mye egentid som<br \/>\nn\u00e5. Barna er i Norge og vi gj\u00f8r mye<br \/>\nmoro sammen, sier hun. Foto: Andreas Fadum\n    <\/p>\n<p>Men n\u00e5r hun snakker med Se og H\u00f8r, er hun selv sv\u00e6rt fokusert \u2013 spesielt n\u00e5r det gjelder \u00e9n ting: Hjemmelagde julegaver!<\/p>\n<p>&#8211; Jeg \u00f8nsker meg en slik strikkehals i m\u00f8rkebl\u00e5tt. En s\u00e5nn gave \u2013 som noen har laget til meg \u2013 den varmer ogs\u00e5 hjertet!<\/p>\n","protected":false},"excerpt":{"rendered":"Anniken Huitfeldts nye liv i Washington Hun styrer Norges st\u00f8rste utenrikspost &#8211; men i h\u00f8ytiden er hjemlengselen stor.&hellip;\n","protected":false},"author":2,"featured_media":123858,"comment_status":"","ping_status":"","sticky":false,"template":"","format":"standard","meta":{"footnotes":""},"categories":[12],"tags":[14658,12211,20,21,4104,24,25,15,13692,479,22,23,13,30,28,29,14,16,26,27,14657,42,43,44,45],"class_list":{"0":"post-123857","1":"post","2":"type-post","3":"status-publish","4":"format-standard","5":"has-post-thumbnail","7":"category-verden","8":"tag-ambassador","9":"tag-anniken-huitfeldt","10":"tag-breaking-news","11":"tag-breakingnews","12":"tag-eksklusivt","13":"tag-featured-news","14":"tag-featurednews","15":"tag-headlines","16":"tag-julefeiring","17":"tag-kjendis","18":"tag-latest-news","19":"tag-latestnews","20":"tag-news","21":"tag-no","22":"tag-norge","23":"tag-norway","24":"tag-nyheter","25":"tag-overskrifter","26":"tag-top-stories","27":"tag-topstories","28":"tag-vebjorn-sand","29":"tag-verden","30":"tag-world","31":"tag-world-news","32":"tag-worldnews"},"share_on_mastodon":{"url":"https:\/\/pubeurope.com\/@no\/115803189772584740","error":""},"_links":{"self":[{"href":"https:\/\/www.europesays.com\/no\/wp-json\/wp\/v2\/posts\/123857","targetHints":{"allow":["GET"]}}],"collection":[{"href":"https:\/\/www.europesays.com\/no\/wp-json\/wp\/v2\/posts"}],"about":[{"href":"https:\/\/www.europesays.com\/no\/wp-json\/wp\/v2\/types\/post"}],"author":[{"embeddable":true,"href":"https:\/\/www.europesays.com\/no\/wp-json\/wp\/v2\/users\/2"}],"replies":[{"embeddable":true,"href":"https:\/\/www.europesays.com\/no\/wp-json\/wp\/v2\/comments?post=123857"}],"version-history":[{"count":0,"href":"https:\/\/www.europesays.com\/no\/wp-json\/wp\/v2\/posts\/123857\/revisions"}],"wp:featuredmedia":[{"embeddable":true,"href":"https:\/\/www.europesays.com\/no\/wp-json\/wp\/v2\/media\/123858"}],"wp:attachment":[{"href":"https:\/\/www.europesays.com\/no\/wp-json\/wp\/v2\/media?parent=123857"}],"wp:term":[{"taxonomy":"category","embeddable":true,"href":"https:\/\/www.europesays.com\/no\/wp-json\/wp\/v2\/categories?post=123857"},{"taxonomy":"post_tag","embeddable":true,"href":"https:\/\/www.europesays.com\/no\/wp-json\/wp\/v2\/tags?post=123857"}],"curies":[{"name":"wp","href":"https:\/\/api.w.org\/{rel}","templated":true}]}}