{"id":123859,"date":"2025-12-29T13:53:26","date_gmt":"2025-12-29T13:53:26","guid":{"rendered":"https:\/\/www.europesays.com\/no\/123859\/"},"modified":"2025-12-29T13:53:26","modified_gmt":"2025-12-29T13:53:26","slug":"brann-hallingdal-kraftig-brann-i-trafostasjon-i-hallingdal","status":"publish","type":"post","link":"https:\/\/www.europesays.com\/no\/123859\/","title":{"rendered":"Brann, Hallingdal | Kraftig brann i trafostasjon i Hallingdal"},"content":{"rendered":"\n<p>If\u00f8lge <a href=\"https:\/\/www.hallingdolen.no\/nyheiter\/n\/WvbeJr\/rykker-ut-til-naeringsparken-det-brenner-kraftig\" rel=\"nofollow noopener\" target=\"_blank\"> lokalavisa Hallingd\u00f8len<\/a> st\u00e5r flammene h\u00f8yt til v\u00e6rs i trafostasjonen og det mange brannbiler, politi og ambulanse p\u00e5 plass mandag morgen.<\/p>\n<p>If\u00f8lge avisa avventer n\u00f8detatene situasjonen i fordi det er m\u00e5lt gass i lufta.<\/p>\n<p>S\u00f8r\u00f8st politidistrikt meldte om utrykningen klokka 6.59 mandag, etter melding om brann i en trafostasjon. Brannvesenet var p\u00e5 plass under et kvarter seinere. Rett f\u00f8r klokka 8 opplyser politiet at E-verket er varslet og p\u00e5 vei til stedet.<\/p>\n<p>\u2013 Det brenner kraftig p\u00e5 inngjerdet omr\u00e5de. Deler av industriomr\u00e5det er str\u00f8ml\u00f8st. Politiet anbefaler beboere i omr\u00e5det \u00e5 lukke vinduer\/stenge ventilasjon p\u00e5 grunn av r\u00f8yk i omr\u00e5det, skriver politiet p\u00e5 politiloggen.<\/p>\n","protected":false},"excerpt":{"rendered":"If\u00f8lge lokalavisa Hallingd\u00f8len st\u00e5r flammene h\u00f8yt til v\u00e6rs i trafostasjonen og det mange brannbiler, politi og ambulanse p\u00e5&hellip;\n","protected":false},"author":2,"featured_media":123860,"comment_status":"","ping_status":"","sticky":false,"template":"","format":"standard","meta":{"footnotes":""},"categories":[10],"tags":[36,367,20,21,24,25,2456,15,22,23,13,30,28,29,1557,14,16,1510,26,27],"class_list":{"0":"post-123859","1":"post","2":"type-post","3":"status-publish","4":"format-standard","5":"has-post-thumbnail","7":"category-norge","8":"tag-art","9":"tag-brann","10":"tag-breaking-news","11":"tag-breakingnews","12":"tag-featured-news","13":"tag-featurednews","14":"tag-hallingdal","15":"tag-headlines","16":"tag-latest-news","17":"tag-latestnews","18":"tag-news","19":"tag-no","20":"tag-norge","21":"tag-norway","22":"tag-ntb","23":"tag-nyheter","24":"tag-overskrifter","25":"tag-story","26":"tag-top-stories","27":"tag-topstories"},"share_on_mastodon":{"url":"https:\/\/pubeurope.com\/@no\/115803193542838678","error":""},"_links":{"self":[{"href":"https:\/\/www.europesays.com\/no\/wp-json\/wp\/v2\/posts\/123859","targetHints":{"allow":["GET"]}}],"collection":[{"href":"https:\/\/www.europesays.com\/no\/wp-json\/wp\/v2\/posts"}],"about":[{"href":"https:\/\/www.europesays.com\/no\/wp-json\/wp\/v2\/types\/post"}],"author":[{"embeddable":true,"href":"https:\/\/www.europesays.com\/no\/wp-json\/wp\/v2\/users\/2"}],"replies":[{"embeddable":true,"href":"https:\/\/www.europesays.com\/no\/wp-json\/wp\/v2\/comments?post=123859"}],"version-history":[{"count":0,"href":"https:\/\/www.europesays.com\/no\/wp-json\/wp\/v2\/posts\/123859\/revisions"}],"wp:featuredmedia":[{"embeddable":true,"href":"https:\/\/www.europesays.com\/no\/wp-json\/wp\/v2\/media\/123860"}],"wp:attachment":[{"href":"https:\/\/www.europesays.com\/no\/wp-json\/wp\/v2\/media?parent=123859"}],"wp:term":[{"taxonomy":"category","embeddable":true,"href":"https:\/\/www.europesays.com\/no\/wp-json\/wp\/v2\/categories?post=123859"},{"taxonomy":"post_tag","embeddable":true,"href":"https:\/\/www.europesays.com\/no\/wp-json\/wp\/v2\/tags?post=123859"}],"curies":[{"name":"wp","href":"https:\/\/api.w.org\/{rel}","templated":true}]}}