{"id":123861,"date":"2025-12-29T13:54:43","date_gmt":"2025-12-29T13:54:43","guid":{"rendered":"https:\/\/www.europesays.com\/no\/123861\/"},"modified":"2025-12-29T13:54:43","modified_gmt":"2025-12-29T13:54:43","slug":"studenter-star-uten-sikkerhetsnett-har-ingen-ordning-for-a-fryse-eller-slette-gjeld-ved-konkurs-sandefjords-blad","status":"publish","type":"post","link":"https:\/\/www.europesays.com\/no\/123861\/","title":{"rendered":"Studenter st\u00e5r uten sikkerhetsnett: \u00abHar ingen ordning for \u00e5 fryse eller slette gjeld ved konkurs\u00bb &#8211; Sandefjords Blad"},"content":{"rendered":"<ol>\n<li><a href=\"https:\/\/news.google.com\/rss\/articles\/CBMixwFBVV95cUxNSmlnWFdzSDQxaC1pT2ZWMXpMeDV0am9ZQ3RLenVYWnptSDI5U25mUWFPdDhDWHBqMENiQ2hrRWROYXBPamJaVjE3TFR1X2pCNlR4MnRqR25wOU10eU9oM3ZUQjhIMGx5eGRoUktmZVY5SjRYVmZsZ3RGMk9ESnMweG5qN0Zhc2c4YUtYWHBYR0lhcHpQNENNQXdWREc4d2x3ZThMcXNEWURDQlhJWUJjcE55Uko5elpjRGE5NjRMSFpHcnZUdjZz?oc=5\" target=\"_blank\" rel=\"nofollow noopener\">Studenter st\u00e5r uten sikkerhetsnett: \u00abHar ingen ordning for \u00e5 fryse eller slette gjeld ved konkurs\u00bb<\/a>&nbsp;&nbsp;Sandefjords Blad<\/li>\n<li><a href=\"https:\/\/news.google.com\/rss\/articles\/CBMizwFBVV95cUxNbWtQQkM1QzlUU2dCTmhuM19MMk4wX2V6bWtjbk9zSERXSTZzTS11ZzJaT3BGYVRwcXVlZi14ZEd3XzJkOHNYN1FLd0ptc2E0MDc4MnlLVWw0bDJGTnl1SW1yTnBhazZpZ21LRGVFMWJURVNHZ3dSZFFuNWJyeTRubnc2X1hGVW9iNFh3SGpFZjVxQW1OUlA3NmFDcm1Nd1JnS0hOYVhIbXZtaVNnbkdjVVZwNEhuMHg0M1NHVHFpOG9PR0hXQldQRWtyTUtWdlE?oc=5\" target=\"_blank\" rel=\"nofollow noopener\">Pilotskole kjemper mot konkurs: \u2013 P\u00e5g\u00e5r fortsatt intensivt arbeid<\/a>&nbsp;&nbsp;Dagens N\u00e6ringsliv<\/li>\n<li><a href=\"https:\/\/news.google.com\/rss\/articles\/CBMiqAFBVV95cUxPSGg5bW1WWjlISDRrQWl1ZlNCRmhqbzRlSGUxNDFVNDZ4QXo3T3pFb1NUQjJOeWFUOTlNRVdnTGpQVFVmSnpDSFBYQllTNGRGRzJjX0YxQzJWNGxXUzBNeEpNMVVqSXVyd0J1SE5OYU5LdEdNRkhTekJhZTJfbnE5TFdfazFiOWpJX05rcmk0b1hBLVNvelUwY2d2a1NIdDZ2YXNBTkJWQnc?oc=5\" target=\"_blank\" rel=\"nofollow noopener\">(+) Fikk beskjed lille julaften. \u2013 Det f\u00f8ltes som et slag i ansiktet<\/a>&nbsp;&nbsp;fvn.no<\/li>\n<li><a href=\"https:\/\/news.google.com\/rss\/articles\/CBMilAFBVV95cUxNY0E2bTJmbGtYTm1vRl92c1lUa0kyeUVmN3NZVWVzM0xBbkt1Rms0QmQ4OTlIU3Z6OWZBLVI0Mzd2SGpQVDJIWV9TWUFlZTkzQjRXYmJXUHNIbWRsbVp0TWdDeUNnSC1UVktsakU4NkVfXzBnX3NhbUZqVUZYRzg2TzhIWm90TWxHUXNiaEswSlRsMGRx?oc=5\" target=\"_blank\" rel=\"nofollow noopener\">Pilot Flight Academy, N\u00e6ringsliv | Desperat kamp for \u00e5 finne en l\u00f8sning: Frir til kreditorene<\/a>&nbsp;&nbsp;Sandefjords Blad<\/li>\n<li><a href=\"https:\/\/news.google.com\/rss\/articles\/CBMilgFBVV95cUxPZndwR0ltM3BPUjNHcl9jcHNZY1RoY1hQb1hnWUpRekc2OFhNR0ZWRFY0Smx6TEdwZGplbXhOM2wxYWV2YklUa1ppdURWZkNOUTRCUGxISGpqcm5FS2ItVWRqNmZVLUF0OUVjVzM3eWFCc2F0RnptWXRFS2JlMG5oYjRfY1JGOFByTXZMZ2MzcDltWW5US3c?oc=5\" target=\"_blank\" rel=\"nofollow noopener\">31 inkassosaker \u2013 n\u00e5 kan H\u00f8ibys pilotskole g\u00e5 konkurs<\/a>&nbsp;&nbsp;VG<\/li>\n<\/ol>\n","protected":false},"excerpt":{"rendered":"Studenter st\u00e5r uten sikkerhetsnett: \u00abHar ingen ordning for \u00e5 fryse eller slette gjeld ved konkurs\u00bb&nbsp;&nbsp;Sandefjords Blad Pilotskole kjemper&hellip;\n","protected":false},"author":2,"featured_media":123862,"comment_status":"","ping_status":"","sticky":false,"template":"","format":"standard","meta":{"footnotes":""},"categories":[5],"tags":[20,21,24,25,15,19,22,23,17,18,13,30,28,29,14,16,26,27],"class_list":{"0":"post-123861","1":"post","2":"type-post","3":"status-publish","4":"format-standard","5":"has-post-thumbnail","7":"category-overskrifter","8":"tag-breaking-news","9":"tag-breakingnews","10":"tag-featured-news","11":"tag-featurednews","12":"tag-headlines","13":"tag-hovedoppslag","14":"tag-latest-news","15":"tag-latestnews","16":"tag-main-news","17":"tag-mainnews","18":"tag-news","19":"tag-no","20":"tag-norge","21":"tag-norway","22":"tag-nyheter","23":"tag-overskrifter","24":"tag-top-stories","25":"tag-topstories"},"share_on_mastodon":{"url":"https:\/\/pubeurope.com\/@no\/115803197597788807","error":""},"_links":{"self":[{"href":"https:\/\/www.europesays.com\/no\/wp-json\/wp\/v2\/posts\/123861","targetHints":{"allow":["GET"]}}],"collection":[{"href":"https:\/\/www.europesays.com\/no\/wp-json\/wp\/v2\/posts"}],"about":[{"href":"https:\/\/www.europesays.com\/no\/wp-json\/wp\/v2\/types\/post"}],"author":[{"embeddable":true,"href":"https:\/\/www.europesays.com\/no\/wp-json\/wp\/v2\/users\/2"}],"replies":[{"embeddable":true,"href":"https:\/\/www.europesays.com\/no\/wp-json\/wp\/v2\/comments?post=123861"}],"version-history":[{"count":0,"href":"https:\/\/www.europesays.com\/no\/wp-json\/wp\/v2\/posts\/123861\/revisions"}],"wp:featuredmedia":[{"embeddable":true,"href":"https:\/\/www.europesays.com\/no\/wp-json\/wp\/v2\/media\/123862"}],"wp:attachment":[{"href":"https:\/\/www.europesays.com\/no\/wp-json\/wp\/v2\/media?parent=123861"}],"wp:term":[{"taxonomy":"category","embeddable":true,"href":"https:\/\/www.europesays.com\/no\/wp-json\/wp\/v2\/categories?post=123861"},{"taxonomy":"post_tag","embeddable":true,"href":"https:\/\/www.europesays.com\/no\/wp-json\/wp\/v2\/tags?post=123861"}],"curies":[{"name":"wp","href":"https:\/\/api.w.org\/{rel}","templated":true}]}}