{"id":123865,"date":"2025-12-29T13:57:07","date_gmt":"2025-12-29T13:57:07","guid":{"rendered":"https:\/\/www.europesays.com\/no\/123865\/"},"modified":"2025-12-29T13:57:07","modified_gmt":"2025-12-29T13:57:07","slug":"ex-playstation-sjef-sier-det-er-apokalypsen-hvis-mario-dukker-opp-pa-sony-konsoller","status":"publish","type":"post","link":"https:\/\/www.europesays.com\/no\/123865\/","title":{"rendered":"Ex-PlayStation-sjef sier det er &laquo;apokalypsen&raquo; hvis Mario dukker opp p\u00e5 Sony-konsoller &#8211;"},"content":{"rendered":"<p>Ettersom Xbox kunngj\u00f8r at stort sett alle spillene n\u00e5 kommer til flere plattformer, enten ved lansering eller kort tid etter, og vi har sett Master Chief st\u00e5 frimodig ved siden av PS5-logoen, ser det ut til at konsolleksklusivitetens tidsalder kan v\u00e6re ved veis ende. Det er imidlertid fortsatt mange bransjeveteraner som mener at vi b\u00f8r beholde visse spill p\u00e5 visse maskiner. Tidligere Sony-direkt\u00f8r og PlayStation-sjef Shawn Layden er en slik tenker.<\/p>\n<p>I podcasten Pause for Thought (via <a href=\"https:\/\/www.gamesradar.com\/games\/if-mario-starts-appearing-on-playstation-thats-the-apocalypse-former-sony-exec-shawn-layden-thinks-exclusives-still-have-huge-value\/\" target=\"_blank\" rel=\"nofollow noopener\">GamesRadar+<\/a>) snakket Layden om hvordan bransjen er i endring, men at noen ting m\u00e5 forbli de samme. &laquo;Jeg synes ikke alle spill b\u00f8r v\u00e6re konsolleksklusive&raquo;, sa han. &laquo;Men jeg aksepterer det faktum at hvis du skal ha plattformselskaper, som Sony og Nintendo &#8230; er det enormt verdifullt for merkevaren \u00e5 ha sterke eksklusive spill.&raquo;<\/p>\n<p>&laquo;Hvis Mario begynner \u00e5 dukke opp p\u00e5 PlayStation, er det apokalypsen, ikke sant? Katter og hunder som lever sammen. Og det samme gjelder Nathan Drake og Uncharted. De f\u00e5r plattformene til \u00e5 synge,&raquo; fortsatte Layden.<\/p>\n<p>Det er et solid argument, og et mange fans har kommet med siden det virket som om Xbox hadde forlatt ideen om eksklusivitet i l\u00f8pet av det siste \u00e5ret eller s\u00e5. Det virker som om Sony og Nintendo fortsatt bryr seg mye om \u00e5 ha visse spill som bare kan spilles p\u00e5 deres plattformer, s\u00e5 det er sannsynlig at de vil f\u00f8lge Laydens m\u00e5te \u00e5 tenke p\u00e5 i overskuelig fremtid.<\/p>\n<p><img loading=\"lazy\" decoding=\"async\" id=\"img-1946313-4718653\" data-fullsize=\"\/media\/86\/_4718653b.jpg\" data-lazy=\"\" src=\"https:\/\/www.gamereactor.nohttps:\/\/www.gamereactor.no\/media\/86\/_4718653_650x.jpg\" width=\"650\" onclick=\"if (!window.__cfRLUnblockHandlers) return false; gallery_openmodal('1946313','4718653',false,'c4c98da153c360c232e1494b9cdd8cea');\" height=\"366\" alt=\"Ex-PlayStation-sjef sier det er &quot;apokalypsen&quot; hvis Mario dukker opp p\u00e5 Sony-konsoller\" class=\"rwd_col_content lazy\" data-cf-modified-9b3f67fdbca483fb75873466-=\"\"\/><\/p>\n","protected":false},"excerpt":{"rendered":"Ettersom Xbox kunngj\u00f8r at stort sett alle spillene n\u00e5 kommer til flere plattformer, enten ved lansering eller kort&hellip;\n","protected":false},"author":2,"featured_media":123866,"comment_status":"","ping_status":"","sticky":false,"template":"","format":"standard","meta":{"footnotes":""},"categories":[57],"tags":[30,28,29,65,63,64,66,70,69,67,68],"class_list":{"0":"post-123865","1":"post","2":"type-post","3":"status-publish","4":"format-standard","5":"has-post-thumbnail","7":"category-vitenskap-og-teknologi","8":"tag-no","9":"tag-norge","10":"tag-norway","11":"tag-science","12":"tag-science-and-technology","13":"tag-scienceandtechnology","14":"tag-technology","15":"tag-teknologi","16":"tag-vitenskap","17":"tag-vitenskap-og-teknologi","18":"tag-vitenskapteknologi"},"share_on_mastodon":{"url":"https:\/\/pubeurope.com\/@no\/115803209423659431","error":""},"_links":{"self":[{"href":"https:\/\/www.europesays.com\/no\/wp-json\/wp\/v2\/posts\/123865","targetHints":{"allow":["GET"]}}],"collection":[{"href":"https:\/\/www.europesays.com\/no\/wp-json\/wp\/v2\/posts"}],"about":[{"href":"https:\/\/www.europesays.com\/no\/wp-json\/wp\/v2\/types\/post"}],"author":[{"embeddable":true,"href":"https:\/\/www.europesays.com\/no\/wp-json\/wp\/v2\/users\/2"}],"replies":[{"embeddable":true,"href":"https:\/\/www.europesays.com\/no\/wp-json\/wp\/v2\/comments?post=123865"}],"version-history":[{"count":0,"href":"https:\/\/www.europesays.com\/no\/wp-json\/wp\/v2\/posts\/123865\/revisions"}],"wp:featuredmedia":[{"embeddable":true,"href":"https:\/\/www.europesays.com\/no\/wp-json\/wp\/v2\/media\/123866"}],"wp:attachment":[{"href":"https:\/\/www.europesays.com\/no\/wp-json\/wp\/v2\/media?parent=123865"}],"wp:term":[{"taxonomy":"category","embeddable":true,"href":"https:\/\/www.europesays.com\/no\/wp-json\/wp\/v2\/categories?post=123865"},{"taxonomy":"post_tag","embeddable":true,"href":"https:\/\/www.europesays.com\/no\/wp-json\/wp\/v2\/tags?post=123865"}],"curies":[{"name":"wp","href":"https:\/\/api.w.org\/{rel}","templated":true}]}}