{"id":123869,"date":"2025-12-29T14:00:54","date_gmt":"2025-12-29T14:00:54","guid":{"rendered":"https:\/\/www.europesays.com\/no\/123869\/"},"modified":"2025-12-29T14:00:54","modified_gmt":"2025-12-29T14:00:54","slug":"knut-lage-har-gatt-bort","status":"publish","type":"post","link":"https:\/\/www.europesays.com\/no\/123869\/","title":{"rendered":"Knut Lage har g\u00e5tt bort"},"content":{"rendered":"<p>Knut Lage, kjent fra NRK\u2011programmet \u00abDemenskoret\u00bb, har g\u00e5tt bort.\u00a0<\/p>\n<p>Det deler Demenskoret i et <a href=\"https:\/\/www.instagram.com\/p\/DSxbTNtjBc9\/?igsh=MWFxNmJldGpiYmpmeA==\" target=\"_self\" rel=\"nofollow noopener\">innlegg<\/a> p\u00e5 sin Instagram\u2011konto.<\/p>\n<p>\u00abDet kom som et sjokk for oss, at du ikke er med oss lenger. Jeg vil bare si at vi er s\u00e5 takknemlig for alt du har bidratt med i koret: din flotte stemme, ditt fantastiske hum\u00f8r og din gode energi. En fantastisk mann vi kommer til \u00e5 savne utrolig mye\u00bb st\u00e5r det i innlegget.\u00a0<\/p>\n<p>        <img class=\"image__img lazyload\" itemprop=\"image\" title=\"Foto: Skjermdump \/ Instagram \/ Demenskoret\" alt=\"KORMEDLEM: Knut Lage var medlem i \u00abDemenskoret\u00bb Foto: Skjermdump \/ Instagram \/ Demenskoret\" width=\"675\" height=\"689\" bad-src=\"https:\/\/www.europesays.com\/no\/wp-content\/uploads\/2025\/12\/18417164.webp.jpeg\" fetchpriority=\"auto\" \/><\/p>\n<p>      KORMEDLEM: Knut Lage var medlem i \u00abDemenskoret\u00bb<br \/>\n         Foto: Skjermdump \/ Instagram \/ Demenskoret<\/p>\n<p>\u2013 Et fantastisk menneske\u00a0<\/p>\n<p>Dirigent Kim Wigaard (37) skriver i en SMS til TV 2 at han og koret kommer til \u00e5 savne Lage stort.\u00a0<\/p>\n<p>\u2013 Han var en vidunderlig mann, med en nydelig sangstemme, et stort hjerte og masse humor. Tankene min g\u00e5r til familien, i sorgen denne jula. Og neste \u00f8velse skal vi synge sangene han likte best, og hedre et fantastisk menneske vi var veldig glade i, skriver Wigaard.\u00a0<\/p>\n<p>        <img class=\"image__img lazyload\" itemprop=\"image\" title=\"Foto: God Morgen Norge\" alt=\"DIRIGENT: Kim Wigaard er dirigent i \u00abDemenskoret\u00bb. Foto: God Morgen Norge\" width=\"978\" height=\"551\" bad-src=\"https:\/\/www.europesays.com\/no\/wp-content\/uploads\/2025\/12\/17578406.webp.jpeg\" fetchpriority=\"auto\" \/><\/p>\n<p>      DIRIGENT: Kim Wigaard er dirigent i \u00abDemenskoret\u00bb.<br \/>\n         Foto: God Morgen Norge<\/p>\n<p>Tok det norske folk med storm\u00a0<\/p>\n<p>\u00abDemenskoret\u00bb tok det norske folk med storm da det ble sendt for f\u00f8rste gang p\u00e5 TV-skjermen i januar 2023.\u00a0<\/p>\n<p>Gjennom to sesonger med\u00a0\u00abDemenskoret\u00bb p\u00e5 NRK, fikk seerne f\u00f8lge Kim Wigaard som dirigent for et kor best\u00e5ende av personer med Alzheimer og demens.<\/p>\n<p>Serien kapret flere priser som Gullruten, Demensprisen for Oslo, og UiOs menneskerettspris.<\/p>\n<p><script async src=\"\/\/www.instagram.com\/embed.js\"><\/script><\/p>\n","protected":false},"excerpt":{"rendered":"Knut Lage, kjent fra NRK\u2011programmet \u00abDemenskoret\u00bb, har g\u00e5tt bort.\u00a0 Det deler Demenskoret i et innlegg p\u00e5 sin Instagram\u2011konto.&hellip;\n","protected":false},"author":2,"featured_media":123870,"comment_status":"","ping_status":"","sticky":false,"template":"","format":"standard","meta":{"footnotes":""},"categories":[12],"tags":[20,21,24,25,15,22,23,13,30,28,29,14,16,26,27,42,43,44,45],"class_list":{"0":"post-123869","1":"post","2":"type-post","3":"status-publish","4":"format-standard","5":"has-post-thumbnail","7":"category-verden","8":"tag-breaking-news","9":"tag-breakingnews","10":"tag-featured-news","11":"tag-featurednews","12":"tag-headlines","13":"tag-latest-news","14":"tag-latestnews","15":"tag-news","16":"tag-no","17":"tag-norge","18":"tag-norway","19":"tag-nyheter","20":"tag-overskrifter","21":"tag-top-stories","22":"tag-topstories","23":"tag-verden","24":"tag-world","25":"tag-world-news","26":"tag-worldnews"},"share_on_mastodon":{"url":"https:\/\/pubeurope.com\/@no\/115803225039577748","error":""},"_links":{"self":[{"href":"https:\/\/www.europesays.com\/no\/wp-json\/wp\/v2\/posts\/123869","targetHints":{"allow":["GET"]}}],"collection":[{"href":"https:\/\/www.europesays.com\/no\/wp-json\/wp\/v2\/posts"}],"about":[{"href":"https:\/\/www.europesays.com\/no\/wp-json\/wp\/v2\/types\/post"}],"author":[{"embeddable":true,"href":"https:\/\/www.europesays.com\/no\/wp-json\/wp\/v2\/users\/2"}],"replies":[{"embeddable":true,"href":"https:\/\/www.europesays.com\/no\/wp-json\/wp\/v2\/comments?post=123869"}],"version-history":[{"count":0,"href":"https:\/\/www.europesays.com\/no\/wp-json\/wp\/v2\/posts\/123869\/revisions"}],"wp:featuredmedia":[{"embeddable":true,"href":"https:\/\/www.europesays.com\/no\/wp-json\/wp\/v2\/media\/123870"}],"wp:attachment":[{"href":"https:\/\/www.europesays.com\/no\/wp-json\/wp\/v2\/media?parent=123869"}],"wp:term":[{"taxonomy":"category","embeddable":true,"href":"https:\/\/www.europesays.com\/no\/wp-json\/wp\/v2\/categories?post=123869"},{"taxonomy":"post_tag","embeddable":true,"href":"https:\/\/www.europesays.com\/no\/wp-json\/wp\/v2\/tags?post=123869"}],"curies":[{"name":"wp","href":"https:\/\/api.w.org\/{rel}","templated":true}]}}