{"id":123877,"date":"2025-12-29T14:11:34","date_gmt":"2025-12-29T14:11:34","guid":{"rendered":"https:\/\/www.europesays.com\/no\/123877\/"},"modified":"2025-12-29T14:11:34","modified_gmt":"2025-12-29T14:11:34","slug":"vurderte-a-legge-opp","status":"publish","type":"post","link":"https:\/\/www.europesays.com\/no\/123877\/","title":{"rendered":"Vurderte \u00e5 legge opp"},"content":{"rendered":"<p>TOBLACH \/ OSLO (Dagbladet): Mattis Stenshagen slo knockout p\u00e5 samtlige konkurrenter p\u00e5 10 km klassisk i Tour de Ski mandag ettermiddag og tok sin f\u00f8rste seier noensinne i verdenscupen.<\/p>\n<p>    <a itemprop=\"url\" href=\"https:\/\/www.dagbladet.no\/sport\/frykter-at-ol-drommen-er-knust\/84035516\" rel=\"nofollow noopener\" target=\"_blank\"><\/p>\n<p>        <img loading=\"lazy\" decoding=\"async\" src=\"https:\/\/www.europesays.com\/no\/wp-content\/uploads\/2025\/12\/84035542.webp.webp\" width=\"980\" height=\"441\" title=\"Frykter at OL-dr\u00f8mmen er knust\" alt=\"\" class=\"lazyload\" style=\"--aspect-ratio-image: 2.22; \"\/><\/p>\n<p>        Frykter at OL-dr\u00f8mmen er knust<\/p>\n<p>    <\/a><\/p>\n<p>I m\u00e5l var Stenshagen hele 8,9 sekunder foran Johannes H\u00f8sflot Kl\u00e6bo p\u00e5 andreplass.<\/p>\n<p class=\"font-weight-bold m-font-weight-bold\" data-lab-font_weight=\"font-weight-bold\">&#8211; Det er utrolig deilig. Jeg tror ikke det har g\u00e5tt helt opp for meg. N\u00e5r den beste havner bak meg, s\u00e5 vet jeg at jeg har g\u00e5tt bra, sier Stenshagen til Dagbladet.<\/p>\n<p>Situasjonen kunne v\u00e6rt en ganske annen.<\/p>\n<p>&#8211; Jeg vurderte \u00e5 legge opp i fjor v\u00e5res. Jeg var ganske bestemt p\u00e5 det. Men jeg fant en ny giv, og i dag er jeg beste i verden. Det er kontraster, sier han videre i pressesonen.<\/p>\n<p>N\u00e5 er 29-\u00e5ringen i stedet h\u00f8yaktuell for en plass i den norske OL-troppen.<\/p>\n<p>Kl\u00e6bo: &#8211; Gidder ikke si noe mer\t<\/p>\n<p>Emil Iversen ble nummer tre.\u00a0<\/p>\n<p>Sistnevnte, Stenshagen, Kl\u00e6bo og Harald \u00d8stberg Amundsen (nummer sju) feiret jul sammen i h\u00f8yden i Davos. H\u00f8ydetreningen ga i hvert fall uttelling p\u00e5 mandagens l\u00f8p, noe Kl\u00e6bo ga uttrykk for p\u00e5 en veldig sarkastisk m\u00e5te:<\/p>\n<p>&#8211; H\u00f8yden m\u00e5 vi bare legge d\u00f8d n\u00e5. Det funker ikke. Det er ikke noe vits \u00e5 snakke mer om. Utover det m\u00e5 vi snu steiner vi som har v\u00e6rt i Davos. Vi m\u00e5 se hva vi skal gj\u00f8re annerledes til neste \u00e5r, sier Kl\u00e6bo p\u00e5 sp\u00f8rsm\u00e5l fra NTB.<\/p>\n<p>Kl\u00e6bo har de siste sesongene satset p\u00e5 egen h\u00f8ydetrening og g\u00e5tt mot landslaget, som har holdt til n\u00e6rmere bakkeniv\u00e5. I sommer var blant annet Kl\u00e6bo p\u00e5 h\u00f8ydetrening med Emil Iversen, mens i h\u00f8st hadde Kl\u00e6bo eget opplegg i h\u00f8yden i Italia, mens resten av landslaget holdt til i norden.<\/p>\n<p>S\u00e5 blir Kl\u00e6bo litt mer seri\u00f8s:<\/p>\n<p data-lab-font_weight=\"font-weight-bold\" class=\"font-weight-bold m-font-weight-bold\">&#8211; Du m\u00e5 se p\u00e5 topp 3 i dag, som har v\u00e6rt i Davos. Det er i hvert fall ikke negatitvt. Jeg har sagt det i mange \u00e5r, og jeg gidder ikke si det noe mer, sier historiens beste langrennsl\u00f8per f\u00f8r han avslutter sarkastisk igjen:<\/p>\n<p data-lab-font_weight=\"font-weight-normal\" class=\"font-weight-normal m-font-weight-normal\">&#8211; Men h\u00f8yden funker ikke.<\/p>\n<p>Stenshagen om Kl\u00e6bo: &#8211; Mulig \u00e5 lese mellom linjene\t<\/p>\n<p data-lab-font_weight=\"font-weight-normal\" class=\"font-weight-normal m-font-weight-normal\">Like etter kommer Stenshagen tilbake etter premieseremoni.\u00a0<\/p>\n<p>&#8211; Hva tror du Johannes mener med dette?<\/p>\n<p>&#8211; Jeg vet ikke hva han sikter mot, men han har v\u00e6rt i h\u00f8yden de siste to sesongene. Han g\u00e5r bare fortere og fortere. Det er vel slik det er mulig \u00e5 lese mellom linjene, sier Stenshagen til Dagbladet.<\/p>\n<p>Gausd\u00f8len hadde to tredjeplasser i verdenscupen som karrierebeste foran mandagens renn. N\u00e5 kan han ogs\u00e5 kalle seg verdenscupvinner.<\/p>\n<p>De norske kommentatorbuene steilet av prestasjonen.<\/p>\n<p>&#8211; Det er et vanvittig bra l\u00f8p. Han smadret resten av feltet, sa Viaplay-ekspert Niklas Dyrhaug.<\/p>\n<p>    Fakta: Tour de Ski sammenlagt<\/p>\n<p>1. Johannes H\u00f8sflot Kl\u00e6bo<\/p>\n<p>2. Lars Heggen +53.0<\/p>\n<p>3. Harald \u00d8stberg Amundsen +57.0<\/p>\n<p>4. Edvin Anger +59.0<\/p>\n<p>5. Mattis Stenshagen +1:01.0<\/p>\n<p>6. Benjamin Moser +1:08.0<\/p>\n<p>7. Emil Iversen +1:12.0<\/p>\n<p>      Vis mer<br \/>\n      Vis mindre<\/p>\n<p>&#8211; Det er vanvittig hvor mye de andre taper. Det er bunnsolid, meldte kommentator Jan Christian Bj\u00f8rn.<\/p>\n<p>&#8211; Helt fantastisk. Han disponerte kreftene godt. Det er g\u00f8y at han f\u00e5r betalt, med tanke p\u00e5 at han holdt p\u00e5 \u00e5 legge opp, sier ekspert Therese Johaug.<\/p>\n<p>&#8211; Et fenomenalt l\u00f8p, sa Fredrik Aukland hos NRK.<\/p>\n<p>        <img loading=\"lazy\" decoding=\"async\" src=\"https:\/\/www.europesays.com\/no\/wp-content\/uploads\/2025\/12\/84036325.webp.webp\" width=\"667\" height=\"461\" title=\"VANT: Mattis Stenshagen. Foto: Terje Pedersen \/ NTB\" alt=\"\" class=\"\" style=\"--aspect-ratio-image: 1.45; \"\/><\/p>\n<p>\n        VANT: Mattis Stenshagen. Foto: Terje Pedersen \/ NTB\n    <\/p>\n<p>Emil Iversen tok en kruttsterk tredjeplass.<\/p>\n<p>Den finske klassiskspesialisten Iivo Niskanen var aldri med i seierskampen. I m\u00e5l var han sl\u00e5tt med over 24 sekunder av Stenshagen, f\u00f8r han forsvant tydelig frustrert ut av m\u00e5lomr\u00e5det. Det holdt bare til en fjerdeplass.<\/p>\n<p>Simen Hegstad Kr\u00fcger har slitt med \u00e5 finne formen i sesonginnledningen. Landslagsveteranen fikk likevel tillit i Tour de Ski, men i Toblach har det fortsatt \u00e5 lugge.<\/p>\n<p>    <a itemprop=\"url\" href=\"https:\/\/www.dagbladet.no\/sport\/jeg-er-et-monster\/84033452\" rel=\"nofollow noopener\" target=\"_blank\"><\/p>\n<p>        <img loading=\"lazy\" decoding=\"async\" src=\"https:\/\/www.europesays.com\/no\/wp-content\/uploads\/2025\/12\/1767017494_396_84033612.webp.webp\" width=\"980\" height=\"441\" title=\"- Jeg er et monster\" alt=\"\" class=\"lazyload\" style=\"--aspect-ratio-image: 2.22; \"\/><\/p>\n<p>        &#8211; Jeg er et monster<\/p>\n<p>    <\/a><\/p>\n<p>S\u00f8ndag r\u00f8k Lyn-l\u00f8peren ut allerede i sprintkvalifiseringen, og mandag ble det nye problemer p\u00e5 10 kilometer klassisk. Der tapte Kr\u00fcger godt over minuttet til de beste, noe som ogs\u00e5 svekker sammenlagtsjansene hans i Tour de Ski betydelig.<\/p>\n<p>&#8211; Det var altfor d\u00e5rlig, og ikke det jeg h\u00e5pet p\u00e5. Jeg har egentlig ikke noe godt svar p\u00e5 hvorfor det ikke g\u00e5r bedre. Jeg har f\u00f8lt meg bra p\u00e5 trening og har ikke gjort noe spesielt de siste dagene, s\u00e5 jeg trodde det skulle g\u00e5 greit. Det gjorde det ikke, og det er kjedelig, sier Kr\u00fcger til Dagbladet.<\/p>\n<p class=\"italic m-italic\" data-lab-italic=\"italic\">&#8211; Er du overrasket?<\/p>\n<p>&#8211; Ja, det er jeg. Det er ikke der nede jeg \u00f8nsker og b\u00f8r ligge. Jeg vet ikke hvorfor det ble s\u00e5nn, men jeg f\u00e5r pr\u00f8ve \u00e5 legge dagen bak meg. <\/p>\n<p>Heller ikke Andreas Fjorden Ree fikk det til \u00e5 stemme. Ogs\u00e5 han tapte raskt mye tid og var sl\u00e5tt med langt over minuttet av teten.<\/p>\n<p>&#8211; Det var et d\u00e5rlig l\u00f8p. Jeg er d\u00e5rlig trent og i d\u00e5rlig form, sier Fjorden Ree til Dagbladet og \u00f8vrige medier.<\/p>\n<p class=\"italic m-italic\" data-lab-italic=\"italic\">&#8211; Hvordan ser du p\u00e5 touren videre?<\/p>\n<p>&#8211; Det skal bli godt \u00e5 bli ferdig.<\/p>\n<p class=\"italic m-italic\" data-lab-italic=\"italic\">&#8211; Har du lyst til \u00e5 g\u00e5 videre?<\/p>\n<p>&#8211; Ikke s\u00e5nn som det var i dag.<\/p>\n<p class=\"italic m-italic\" data-lab-italic=\"italic\">&#8211; Vurderer du \u00e5 bryte?<\/p>\n<p>&#8211; Jeg har ikke tenkt s\u00e5 langt. Det er bekymringsverdig.<\/p>\n<p>    Fakta: Tour de Ski-program<\/p>\n<ul>\n<li>28. desember: Sprint fristil<\/li>\n<li>29. desember: 10 km klassisk intervallstart<\/li>\n<li>31. desember: 5 km fristil\u00a0<\/li>\n<li>1. januar: 20 km klassisk jaktstart<\/li>\n<li>3. januar: Sprint klassisk i Val di Fiemme<\/li>\n<li>4. januar: 15 km fristil fellesstart opp Alpe Cermis<\/li>\n<\/ul>\n<p>      Vis mer<br \/>\n      Vis mindre<\/p>\n","protected":false},"excerpt":{"rendered":"TOBLACH \/ OSLO (Dagbladet): Mattis Stenshagen slo knockout p\u00e5 samtlige konkurrenter p\u00e5 10 km klassisk i Tour de&hellip;\n","protected":false},"author":2,"featured_media":123878,"comment_status":"","ping_status":"","sticky":false,"template":"","format":"standard","meta":{"footnotes":""},"categories":[12],"tags":[20,21,24,25,15,398,22,23,13,30,28,29,14,16,83,26,27,12662,42,399,43,44,45],"class_list":{"0":"post-123877","1":"post","2":"type-post","3":"status-publish","4":"format-standard","5":"has-post-thumbnail","7":"category-verden","8":"tag-breaking-news","9":"tag-breakingnews","10":"tag-featured-news","11":"tag-featurednews","12":"tag-headlines","13":"tag-langrenn","14":"tag-latest-news","15":"tag-latestnews","16":"tag-news","17":"tag-no","18":"tag-norge","19":"tag-norway","20":"tag-nyheter","21":"tag-overskrifter","22":"tag-sport","23":"tag-top-stories","24":"tag-topstories","25":"tag-tour-de-ski","26":"tag-verden","27":"tag-vintersport","28":"tag-world","29":"tag-world-news","30":"tag-worldnews"},"share_on_mastodon":{"url":"https:\/\/pubeurope.com\/@no\/115803264405785176","error":""},"_links":{"self":[{"href":"https:\/\/www.europesays.com\/no\/wp-json\/wp\/v2\/posts\/123877","targetHints":{"allow":["GET"]}}],"collection":[{"href":"https:\/\/www.europesays.com\/no\/wp-json\/wp\/v2\/posts"}],"about":[{"href":"https:\/\/www.europesays.com\/no\/wp-json\/wp\/v2\/types\/post"}],"author":[{"embeddable":true,"href":"https:\/\/www.europesays.com\/no\/wp-json\/wp\/v2\/users\/2"}],"replies":[{"embeddable":true,"href":"https:\/\/www.europesays.com\/no\/wp-json\/wp\/v2\/comments?post=123877"}],"version-history":[{"count":0,"href":"https:\/\/www.europesays.com\/no\/wp-json\/wp\/v2\/posts\/123877\/revisions"}],"wp:featuredmedia":[{"embeddable":true,"href":"https:\/\/www.europesays.com\/no\/wp-json\/wp\/v2\/media\/123878"}],"wp:attachment":[{"href":"https:\/\/www.europesays.com\/no\/wp-json\/wp\/v2\/media?parent=123877"}],"wp:term":[{"taxonomy":"category","embeddable":true,"href":"https:\/\/www.europesays.com\/no\/wp-json\/wp\/v2\/categories?post=123877"},{"taxonomy":"post_tag","embeddable":true,"href":"https:\/\/www.europesays.com\/no\/wp-json\/wp\/v2\/tags?post=123877"}],"curies":[{"name":"wp","href":"https:\/\/api.w.org\/{rel}","templated":true}]}}