{"id":123881,"date":"2025-12-29T14:13:07","date_gmt":"2025-12-29T14:13:07","guid":{"rendered":"https:\/\/www.europesays.com\/no\/123881\/"},"modified":"2025-12-29T14:13:07","modified_gmt":"2025-12-29T14:13:07","slug":"legevakta-nyttarsaften-kjorer-full-bemanning-kommer-med-klar-oppfordring-romerikes-blad","status":"publish","type":"post","link":"https:\/\/www.europesays.com\/no\/123881\/","title":{"rendered":"Legevakta, Nytt\u00e5rsaften | Kj\u00f8rer full bemanning: Kommer med klar oppfordring &#8211; Romerikes Blad"},"content":{"rendered":"<ol>\n<li><a href=\"https:\/\/news.google.com\/rss\/articles\/CBMiigFBVV95cUxPaGV6Vnl0VF9SSmlpcm9BSlZIa0tUZ2NUYXRjZl9PY1FISHAwZC1KeWlfRHVXYkpqdWZQNkhlSFoyOGZVZXdmN1hHaENQRmNZRVJkWnpUY2ZmTF8wVjBXSjZkVjY0VXdKTDNib1I5dVVFak1UR2xKX19mSTZOMjZSVlAxdXY1dDU0VGc?oc=5\" target=\"_blank\" rel=\"nofollow noopener\">Legevakta, Nytt\u00e5rsaften | Kj\u00f8rer full bemanning: Kommer med klar oppfordring<\/a>&nbsp;&nbsp;Romerikes Blad<\/li>\n<li><a href=\"https:\/\/news.google.com\/rss\/articles\/CBMimAFBVV95cUxPaENKNGdLT2F0bjFiMTRrY28zOFVvb2ExblFucXRGbmdrSWoyMnNBRURyU1JTT1F2UUQ1c0NVbE9LTHh1ZkFNSXNrUWN0UTlPVXU2cGpUaGNUUVdtejk0a3dCalhvTzNJTld3azJZSVRqUmk2OUJQeFV5VE01OXZQWXFhb096c0ttVFk5alNYZkpLb0VGVkQ4Mw?oc=5\" target=\"_blank\" rel=\"nofollow noopener\">Vil forby fyrverkeri: \u2013 Vi forbyr ikke kj\u00f8kkenkniver<\/a>&nbsp;&nbsp;NRK<\/li>\n<li><a href=\"https:\/\/news.google.com\/rss\/articles\/CBMipwFBVV95cUxPSkVzd2lUUjNMeWsxd1QwQ3ozU0xlbDBsWFR5ai1RNXIzY0ZieHVBa0k0NVhGVjdiZnM0REdZV2RXS3V5V3lRWXhfeG1ydTh0R3FEOEJJaVdEazdHM05rcmpvX3BMeW10S3lUZ0M2T2VmWldEaVlRLVlsT1M2REFNNmtUUmtaZi1qM1BUTnRlZmRGemhDWUgtc0h4cDdkVXN1UlpwZE9OYw?oc=5\" target=\"_blank\" rel=\"nofollow noopener\">Halvparten er bekymret for skader fra fyrverkeri nytt\u00e5rsaften<\/a>&nbsp;&nbsp;Dagsavisen<\/li>\n<li><a href=\"https:\/\/news.google.com\/rss\/articles\/CBMiogFBVV95cUxQWWh1LThjN1ZIZ3pOVy1UQzFOVFVfaC1ETC1FZ3BHSHFhNVFNbElYaDEybUFjVi1maGVQXzN4Tk85VlAtZFRHMU1aei1pYzlTWHBmM0JZZHR6TDRKNmc1LU04YWNwdTlOQXVqejhZWlRyS0NVX0hXSjZMempSRXVWSXEtSFZoaFM2bi1oemRXMmdYVkFEd2N0QkJ1NF9qSWJHZ1E?oc=5\" target=\"_blank\" rel=\"nofollow noopener\">Brannvesenet kommer med klare r\u00e5d f\u00f8r nytt\u00e5rsaften<\/a>&nbsp;&nbsp;andalsnes-avis.no<\/li>\n<li><a href=\"https:\/\/news.google.com\/rss\/articles\/CBMif0FVX3lxTFBjaHRodEFHNEtXZHNTOU5jSGJjS0tQYzl6SXpFa2FfVHdCdEJkT0xKYmxGdlpWZHg3MmlyaDBQVUVzeHZlTXN2ZTdSbHpXWlBfVzFNRUFzMXVZLUlaaFZpX3RBbnlYTjlUTEFTYXZlRVlXOHFmT2hQNFUwT1g5cnc?oc=5\" target=\"_blank\" rel=\"nofollow noopener\">\u2013 F\u00f8rer til alvorlige skader og kostbare branner<\/a>&nbsp;&nbsp;agderposten.no<\/li>\n<\/ol>\n","protected":false},"excerpt":{"rendered":"Legevakta, Nytt\u00e5rsaften | Kj\u00f8rer full bemanning: Kommer med klar oppfordring&nbsp;&nbsp;Romerikes Blad Vil forby fyrverkeri: \u2013 Vi forbyr ikke&hellip;\n","protected":false},"author":2,"featured_media":123882,"comment_status":"","ping_status":"","sticky":false,"template":"","format":"standard","meta":{"footnotes":""},"categories":[5],"tags":[20,21,24,25,15,19,22,23,17,18,13,30,28,29,14,16,26,27],"class_list":{"0":"post-123881","1":"post","2":"type-post","3":"status-publish","4":"format-standard","5":"has-post-thumbnail","7":"category-overskrifter","8":"tag-breaking-news","9":"tag-breakingnews","10":"tag-featured-news","11":"tag-featurednews","12":"tag-headlines","13":"tag-hovedoppslag","14":"tag-latest-news","15":"tag-latestnews","16":"tag-main-news","17":"tag-mainnews","18":"tag-news","19":"tag-no","20":"tag-norge","21":"tag-norway","22":"tag-nyheter","23":"tag-overskrifter","24":"tag-top-stories","25":"tag-topstories"},"share_on_mastodon":{"url":"https:\/\/pubeurope.com\/@no\/115803272197653333","error":""},"_links":{"self":[{"href":"https:\/\/www.europesays.com\/no\/wp-json\/wp\/v2\/posts\/123881","targetHints":{"allow":["GET"]}}],"collection":[{"href":"https:\/\/www.europesays.com\/no\/wp-json\/wp\/v2\/posts"}],"about":[{"href":"https:\/\/www.europesays.com\/no\/wp-json\/wp\/v2\/types\/post"}],"author":[{"embeddable":true,"href":"https:\/\/www.europesays.com\/no\/wp-json\/wp\/v2\/users\/2"}],"replies":[{"embeddable":true,"href":"https:\/\/www.europesays.com\/no\/wp-json\/wp\/v2\/comments?post=123881"}],"version-history":[{"count":0,"href":"https:\/\/www.europesays.com\/no\/wp-json\/wp\/v2\/posts\/123881\/revisions"}],"wp:featuredmedia":[{"embeddable":true,"href":"https:\/\/www.europesays.com\/no\/wp-json\/wp\/v2\/media\/123882"}],"wp:attachment":[{"href":"https:\/\/www.europesays.com\/no\/wp-json\/wp\/v2\/media?parent=123881"}],"wp:term":[{"taxonomy":"category","embeddable":true,"href":"https:\/\/www.europesays.com\/no\/wp-json\/wp\/v2\/categories?post=123881"},{"taxonomy":"post_tag","embeddable":true,"href":"https:\/\/www.europesays.com\/no\/wp-json\/wp\/v2\/tags?post=123881"}],"curies":[{"name":"wp","href":"https:\/\/api.w.org\/{rel}","templated":true}]}}