{"id":123885,"date":"2025-12-29T14:18:10","date_gmt":"2025-12-29T14:18:10","guid":{"rendered":"https:\/\/www.europesays.com\/no\/123885\/"},"modified":"2025-12-29T14:18:10","modified_gmt":"2025-12-29T14:18:10","slug":"donald-trump-volodymyr-zelenskyj-ekspert-etter-mote-mellom-donald-trump-og-volodymyr-zelenskyj-putin-kan-ikke-jatte-med-i-det-uendelige","status":"publish","type":"post","link":"https:\/\/www.europesays.com\/no\/123885\/","title":{"rendered":"Donald Trump, Volodymyr Zelenskyj | Ekspert etter m\u00f8te mellom Donald Trump og Volodymyr Zelenskyj: \u2013 Putin kan ikke jatte med i det uendelige"},"content":{"rendered":"\n<p>S\u00f8ndag, midt i romjulen, m\u00f8ttes presidentene Volodymyr Zelenskyj og Donald Trump i sistnevntes golfresort-anlegg Mar-a-Lago i Florida.<\/p>\n<p>Foran pressekorpset kunne de fortelle at de har jobbet med den tidligere omtalte 20-punkts fredsplanen for Ukraina. Hele 90 prosent av denne planen sier Zelenskyj at det er enighet mellom USA og Ukraina om.<\/p>\n<p>   <img decoding=\"async\" width=\"2685\" height=\"1790\" fetchpriority=\"low\"  loading=\"lazy\"  src=\"https:\/\/www.europesays.com\/no\/wp-content\/uploads\/2025\/12\/cueres_scp-mangler_navn__z3D2hfLXcU.jpg\" alt=\"President Donald Trump and Ukraine's President Volodymyr Zelenskyy shake hands at the start of a joint news conference following a meeting at Trump's Mar-a-Lago club, Sunday, Dec. 28, 2025, in Palm Beach, Fla. (AP Photo\/Alex Brandon)\" class=\"brick-c-cFOWSL\" style=\"--brick-image-ratio: 2685 \/ 1790;\"\/><\/p>\n<p>      POSITIVE: B\u00e5de Ukrainas president Volodymyr Zelenskyj og USAs president Donald Trump sa s\u00f8ndag at de var forn\u00f8yd med samtalene, selv om de ikke direkte f\u00f8rte til noe konkrete gjennombrudd.<br \/>\n      Foto: Alex Brandon (AP\/NTB)\n    <\/p>\n<p>De 10 gjenv\u00e6rende prosentene er riktignok de vanskeligste, da de omhandler endring av landegrenser og hva som skal skje med kjernekraftverket i Zaporizjzja, Europas st\u00f8rste kjernekraftverk.<\/p>\n<p>Den amerikanske presidenten har uttalt seg i brede ordelag om at man n\u00e6rmer seg en l\u00f8sning og at fred p\u00e5 slagmarken i Ukraina aldri har v\u00e6rt n\u00e6rmere enn det er n\u00e5.<\/p>\n<p>\u2013 Jeg tror vi har kommet mye n\u00e6rmere, kanskje veldig n\u00e6rme til og med.<\/p>\n<p><b>Les ogs\u00e5: <a class=\"simple-relation related-teaser article--c-eRUmMG article--c-eRUmMG-fZoQSp-design-nettavisen article--c-eRUmMG-gwthdJ-cv\" href=\"https:\/\/www.nettavisen.no\/zelenskyj-fredsplan-legger-opp-til-15-ar-med-sikkerhetsgarantier-fra-usa\/s\/5-95-2800149\" rel=\"nofollow noopener\" target=\"_blank\">Zelenskyj: Fredsplan legger opp til 15 \u00e5r med sikkerhetsgarantier fra USA<\/a><\/b><\/p>\n<p>    Vil du se neste video?<\/p>\n<p>    <a href=\"https:\/\/www.nettavisen.no\/nyheter\/usas-president-donald-trump-med-alvorlig-trussel-blir-det-siste-han-gjor\/v\/5-95-2796322\" class=\"recommend-poster\" data-adp-clicklabel=\"video-recommend\" data-adp-clickvalue=\"poster\" rel=\"nofollow noopener\" target=\"_blank\"><br \/>\n      <img decoding=\"async\" width=\"200\" height=\"200\" loading=\"lazy\" src=\"https:\/\/www.europesays.com\/no\/wp-content\/uploads\/2025\/12\/Trump+til+cue+2.jpg\" alt=\"\" class=\"brick-c-cFOWSL\" style=\"--brick-image-ratio: 200 \/ 200;\"\/><\/p>\n<p>Trump med alvorlig trussel: \u2013 Blir det siste han gj\u00f8r0:53<\/p>\n<p>    <\/a><\/p>\n<p>Enten \u2013 eller<\/p>\n<p>Trump var som vanlig sv\u00e6rt bestemt og optimistisk. Han sa ogs\u00e5 at man n\u00e6rmer seg et siste stadium for samtaler, og at man m\u00e5 se hvordan ting g\u00e5r fremover.<\/p>\n<p>\u2013 Det vil enten ta slutt, eller s\u00e5 vil det fortsette i lang tid, og millioner av flere mennesker vil bli drept, sa Trump om Ukraina-krigen.<\/p>\n<p>I samme \u00e5ndedrag sa Trump at Ukraina burde ta en fredsavtale istedenfor \u00e5 tape p\u00e5 slagmarken. Dette utspillet mener analytiker ved Lowy Institute og pensjonert general i det australske forsvaret, Mick Ryan, at forteller mye om den amerikanske presidentens st\u00e5sted.<\/p>\n<p>\u2013 Dette viser at Trump er p\u00e5 samme linje som russerne, og tror en russisk seier er uunng\u00e5elig. (&#8230;) Selvf\u00f8lgelig tyder alle tegn p\u00e5 at russisk seier ikke er i n\u00e6rheten av garantert, skriver Ryan i en oppdatering p\u00e5 sin personlige blogg.<\/p>\n<p>Zelenskyj p\u00e5 sin side, som tidligere har blitt skjelt ut etter noter av den amerikanske presidenten p\u00e5 direkten, var mer avm\u00e5lt i sine kommentarer.<\/p>\n<p>\u2013 Det er veldig viktig at teamene v\u00e5re snakker om strategi og \u00absteg for steg\u00bb-tiltak som kan gj\u00f8res, sa Zelenskyj blant annet.<\/p>\n<p><b>Les ogs\u00e5: <a class=\"simple-relation related-teaser article--c-eRUmMG article--c-eRUmMG-fZoQSp-design-nettavisen article--c-eRUmMG-gwthdJ-cv\" href=\"https:\/\/www.nettavisen.no\/zelenskyj-skal-motes-igjen-neste-uke\/s\/5-95-2799741\" rel=\"nofollow noopener\" target=\"_blank\">Zelenskyj: \u2013 Skal m\u00f8tes igjen neste uke<\/a><\/b><\/p>\n<p>    Vil du se neste video?<\/p>\n<p>    <a href=\"https:\/\/www.nettavisen.no\/nyheter\/usas-president-donald-trump-med-alvorlig-trussel-blir-det-siste-han-gjor\/v\/5-95-2796322\" class=\"recommend-poster\" data-adp-clicklabel=\"video-recommend\" data-adp-clickvalue=\"poster\" rel=\"nofollow noopener\" target=\"_blank\"><br \/>\n      <img decoding=\"async\" width=\"200\" height=\"200\" loading=\"lazy\" src=\"https:\/\/www.europesays.com\/no\/wp-content\/uploads\/2025\/12\/Trump+til+cue+2.jpg\" alt=\"\" class=\"brick-c-cFOWSL\" style=\"--brick-image-ratio: 200 \/ 200;\"\/><\/p>\n<p>Trump med alvorlig trussel: \u2013 Blir det siste han gj\u00f8r0:53<\/p>\n<p>    <\/a><\/p>\n<p>Trump: Putin er \u00abseri\u00f8s\u00bb om fred<\/p>\n<p>I forkant av m\u00f8tet med Zelenskyj pratet Trump p\u00e5 telefonen med Russlands president Vladimir Putin. Den 79 \u00e5r gamle amerikaneren uttalte i etterkant at samtalen med 73-\u00e5ringen i andre enden var god og sv\u00e6rt produktiv. Han la ogs\u00e5 til at Putin er seri\u00f8s n\u00e5r de snakket om en mulig fredsl\u00f8sning, til tross for at alle tidligere fors\u00f8k p\u00e5 det samme vitner om det motsatte.<\/p>\n<p>\u2013 Han vil se det skje. Han vil det, sa Trump og fortsatte:<\/p>\n<p>\u2013 Han sa veldig bestemt til meg og jeg tror ham, sa presidenten om Putin.<\/p>\n<p>Trump sa ogs\u00e5 at Putin virkelig \u00f8nsker \u00e5 se et suksessfullt Ukraina.<\/p>\n<p>\u2013 Dette er et utrolig utsagn. Putin har gjentatte ganger beskrevet det eksakt motsatt. Han mener at Ukraina ikke er et ekte land, og han \u00f8nsker p\u00e5 ingen m\u00e5te at de skal lykkes, skriver australske Ryan, f\u00f8r han konkluderer:<\/p>\n<p>\u2013 For Putin er et suksessfullt Ukraina et eksempel p\u00e5 fungerende demokrati som Putin ikke kan tolerere.<\/p>\n<p>\u2013 Vet ikke hvordan Putin er p\u00e5 tomannsh\u00e5nd<\/p>\n<p>Nupi-forsker Karsten Friis sier til Nettavisen at det er positivt og viktig at USA og Ukraina n\u00e6rmer seg hverandre.<\/p>\n<p>\u2013 Men vi vet ikke hva Russland mener. De gjentar stadig sine maksimalistiske krav utad \u2013 men hvor kompromissvillig Putin er p\u00e5 tomannsh\u00e5nd med Trump, vet vi ikke, sier Friis.<\/p>\n<p>I skrivende stund mandag formiddag har ikke Moskva kommentert det som er fremkommet fra Florida-m\u00f8tet. Zelenskyj, p\u00e5 sin side, har opplyst at fredsplanen legger opp til 15 \u00e5r med sikkerhetsgarantier fra USA. Selv har han bedt om sikkerhetsgarantier som skal vare i 50 \u00e5r.<\/p>\n<p>Ryan er spent p\u00e5 Kremls respons.<\/p>\n<p>\u2013 Putin har en vanskelig oppgave foran seg n\u00e5r det kommer til \u00e5 gi en balansert respons til m\u00f8tet.<\/p>\n<p>Ryan trekker frem at Putins \u00f8verste prioritet er \u00e5 holde Trump p\u00e5 hans side, samt fortsette direktelinjen til den amerikanske presidenten.<\/p>\n<p>\u2013 Dette gj\u00f8r det mulig for Putin \u00e5 fortsette \u00e5 forme forhandlingene og sikre at temaer han ikke \u00f8nsker p\u00e5 bordet forblir ute, og at Trump hindrer ukrainerne i \u00e5 bringe dem dit, skriver Ryan.<\/p>\n<p>    Vil du se neste video?<\/p>\n<p>    <a href=\"https:\/\/www.nettavisen.no\/nyheter\/usas-president-donald-trump-med-alvorlig-trussel-blir-det-siste-han-gjor\/v\/5-95-2796322\" class=\"recommend-poster\" data-adp-clicklabel=\"video-recommend\" data-adp-clickvalue=\"poster\" rel=\"nofollow noopener\" target=\"_blank\"><br \/>\n      <img decoding=\"async\" width=\"200\" height=\"200\" loading=\"lazy\" src=\"https:\/\/www.europesays.com\/no\/wp-content\/uploads\/2025\/12\/Trump+til+cue+2.jpg\" alt=\"\" class=\"brick-c-cFOWSL\" style=\"--brick-image-ratio: 200 \/ 200;\"\/><\/p>\n<p>Trump med alvorlig trussel: \u2013 Blir det siste han gj\u00f8r0:53<\/p>\n<p>    <\/a><\/p>\n<p>\u2013 Positiv prosess<\/p>\n<p>Den norske sikkerhets- og forsvarsforskeren er av den grunn ikke veldig h\u00e5pefull i sitt syn p\u00e5 en mulig fredelig l\u00f8sning mellom Ukraina og Russland.<\/p>\n<p>\u2013 Derfor er jeg pessimistisk frem til vi eventuelt h\u00f8rer noe mer forsonende fra Kreml. Samtidig kan ikke Putin bare jatte med i det uendelige. Jo lengre han gj\u00f8r det, jo vanskeligere blir det for ham \u00e5 sno seg unna senere. S\u00e5 prosessen er positiv i s\u00e5 m\u00e5te, sier Friis.<\/p>\n<p>   <img decoding=\"async\" width=\"2781\" height=\"1854\" fetchpriority=\"low\"  loading=\"lazy\"  src=\"https:\/\/www.europesays.com\/no\/wp-content\/uploads\/2025\/12\/_6bGJc7hILk.jpg\" alt=\"\" class=\"brick-c-cFOWSL\" style=\"--brick-image-ratio: 2781 \/ 1854;\"\/><\/p>\n<p>      Putin og Trump avbildet sist de m\u00f8ttes fysisk i august 2025, i Alaska.<br \/>\n      Foto: Julia Demaree Nikhinson (AP\/NTB)\n    <\/p>\n<p>Ryan mener ogs\u00e5 at mye av det som ble lagt frem, inkludert Zelenskyjs beskrivelser av m\u00f8tet, er positive. Han er ogs\u00e5 sv\u00e6rt skeptisk til Moskvas respons.<\/p>\n<p>\u2013 Russland er akt\u00f8ren som st\u00e5r i veien for fredsavtalen. De har hele tiden st\u00e5tt i veien for tidligere forslag til fredsavtaler.<\/p>\n<p>    Vil du se neste video?<\/p>\n<p>    <a href=\"https:\/\/www.nettavisen.no\/nyheter\/fredsforhandlingene-om-ukraina-og-russland-en-helt-absurd-situasjon-vi-ser-utspille-seg\/v\/5-95-2782871\" class=\"recommend-poster\" data-adp-clicklabel=\"video-recommend\" data-adp-clickvalue=\"poster\" rel=\"nofollow noopener\" target=\"_blank\"><br \/>\n      <img decoding=\"async\" width=\"200\" height=\"200\" loading=\"lazy\" src=\"https:\/\/www.europesays.com\/no\/wp-content\/uploads\/2025\/12\/volodomyr_ze\u00f8enskyj_friedrich_merz_NTB__av83dAXATI copy.jpg\" alt=\"\" class=\"brick-c-cFOWSL\" style=\"--brick-image-ratio: 200 \/ 200;\"\/><\/p>\n<p>Forhandlingene om Ukraina og Russland: \u2013 En helt absurd situasjon7:52<\/p>\n<p>    <\/a><\/p>\n","protected":false},"excerpt":{"rendered":"S\u00f8ndag, midt i romjulen, m\u00f8ttes presidentene Volodymyr Zelenskyj og Donald Trump i sistnevntes golfresort-anlegg Mar-a-Lago i Florida. Foran&hellip;\n","protected":false},"author":2,"featured_media":123886,"comment_status":"","ping_status":"","sticky":false,"template":"","format":"standard","meta":{"footnotes":""},"categories":[12],"tags":[20,21,24,25,15,22,23,13,30,28,29,14,16,26,27,42,43,44,45],"class_list":{"0":"post-123885","1":"post","2":"type-post","3":"status-publish","4":"format-standard","5":"has-post-thumbnail","7":"category-verden","8":"tag-breaking-news","9":"tag-breakingnews","10":"tag-featured-news","11":"tag-featurednews","12":"tag-headlines","13":"tag-latest-news","14":"tag-latestnews","15":"tag-news","16":"tag-no","17":"tag-norge","18":"tag-norway","19":"tag-nyheter","20":"tag-overskrifter","21":"tag-top-stories","22":"tag-topstories","23":"tag-verden","24":"tag-world","25":"tag-world-news","26":"tag-worldnews"},"share_on_mastodon":{"url":"https:\/\/pubeurope.com\/@no\/115803291901660231","error":""},"_links":{"self":[{"href":"https:\/\/www.europesays.com\/no\/wp-json\/wp\/v2\/posts\/123885","targetHints":{"allow":["GET"]}}],"collection":[{"href":"https:\/\/www.europesays.com\/no\/wp-json\/wp\/v2\/posts"}],"about":[{"href":"https:\/\/www.europesays.com\/no\/wp-json\/wp\/v2\/types\/post"}],"author":[{"embeddable":true,"href":"https:\/\/www.europesays.com\/no\/wp-json\/wp\/v2\/users\/2"}],"replies":[{"embeddable":true,"href":"https:\/\/www.europesays.com\/no\/wp-json\/wp\/v2\/comments?post=123885"}],"version-history":[{"count":0,"href":"https:\/\/www.europesays.com\/no\/wp-json\/wp\/v2\/posts\/123885\/revisions"}],"wp:featuredmedia":[{"embeddable":true,"href":"https:\/\/www.europesays.com\/no\/wp-json\/wp\/v2\/media\/123886"}],"wp:attachment":[{"href":"https:\/\/www.europesays.com\/no\/wp-json\/wp\/v2\/media?parent=123885"}],"wp:term":[{"taxonomy":"category","embeddable":true,"href":"https:\/\/www.europesays.com\/no\/wp-json\/wp\/v2\/categories?post=123885"},{"taxonomy":"post_tag","embeddable":true,"href":"https:\/\/www.europesays.com\/no\/wp-json\/wp\/v2\/tags?post=123885"}],"curies":[{"name":"wp","href":"https:\/\/api.w.org\/{rel}","templated":true}]}}