{"id":123887,"date":"2025-12-29T14:19:08","date_gmt":"2025-12-29T14:19:08","guid":{"rendered":"https:\/\/www.europesays.com\/no\/123887\/"},"modified":"2025-12-29T14:19:08","modified_gmt":"2025-12-29T14:19:08","slug":"melding-om-alvorlig-ulykke-pa-e6-i-dovre-kommune-veien-er-stengt","status":"publish","type":"post","link":"https:\/\/www.europesays.com\/no\/123887\/","title":{"rendered":"Melding om alvorlig ulykke p\u00e5 E6 i Dovre kommune \u2013 veien er stengt"},"content":{"rendered":"<p data-testid=\"textWithMarkup-text\" data-v-81d7dc2b=\"\" data-v-62d58f52=\"\">Innlandet politidistrikt fikk melding om ulykken klokka 14.17 mandag ettermiddag. If\u00f8lge operasjonsleder Frode \u00d8ver\u00e5s st\u00e5r trafikken p\u00e5 stedet, og veitrafikksentralen er varslet. <\/p>\n<p data-testid=\"textWithMarkup-text\" data-v-81d7dc2b=\"\" data-v-62d58f52=\"\">\u2013 De f\u00f8rste meldingene er at tre biler er involvert, og at alle involverte er ved bevissthet. N\u00f8detatene er akkurat kommet fram, sier oppdragsleder Ina Hjelsvold til Gudbrandsd\u00f8len Dagningen klokka 14.40.<\/p>\n<p data-testid=\"textWithMarkup-text\" data-v-81d7dc2b=\"\" data-v-62d58f52=\"\">E6 er stengt som f\u00f8lge av ulykken, melder Vegtrafikksentralen \u00d8st p\u00e5 X. <\/p>\n<p data-testid=\"textWithMarkup-text\" data-v-81d7dc2b=\"\" data-v-62d58f52=\"\">N\u00f8detatene er p\u00e5 vei til stedet.<\/p>\n","protected":false},"excerpt":{"rendered":"Innlandet politidistrikt fikk melding om ulykken klokka 14.17 mandag ettermiddag. If\u00f8lge operasjonsleder Frode \u00d8ver\u00e5s st\u00e5r trafikken p\u00e5 stedet,&hellip;\n","protected":false},"author":2,"featured_media":123888,"comment_status":"","ping_status":"","sticky":false,"template":"","format":"standard","meta":{"footnotes":""},"categories":[10],"tags":[20,21,24,25,15,22,23,13,30,28,29,14,16,26,27],"class_list":{"0":"post-123887","1":"post","2":"type-post","3":"status-publish","4":"format-standard","5":"has-post-thumbnail","7":"category-norge","8":"tag-breaking-news","9":"tag-breakingnews","10":"tag-featured-news","11":"tag-featurednews","12":"tag-headlines","13":"tag-latest-news","14":"tag-latestnews","15":"tag-news","16":"tag-no","17":"tag-norge","18":"tag-norway","19":"tag-nyheter","20":"tag-overskrifter","21":"tag-top-stories","22":"tag-topstories"},"share_on_mastodon":{"url":"https:\/\/pubeurope.com\/@no\/115803295849188015","error":""},"_links":{"self":[{"href":"https:\/\/www.europesays.com\/no\/wp-json\/wp\/v2\/posts\/123887","targetHints":{"allow":["GET"]}}],"collection":[{"href":"https:\/\/www.europesays.com\/no\/wp-json\/wp\/v2\/posts"}],"about":[{"href":"https:\/\/www.europesays.com\/no\/wp-json\/wp\/v2\/types\/post"}],"author":[{"embeddable":true,"href":"https:\/\/www.europesays.com\/no\/wp-json\/wp\/v2\/users\/2"}],"replies":[{"embeddable":true,"href":"https:\/\/www.europesays.com\/no\/wp-json\/wp\/v2\/comments?post=123887"}],"version-history":[{"count":0,"href":"https:\/\/www.europesays.com\/no\/wp-json\/wp\/v2\/posts\/123887\/revisions"}],"wp:featuredmedia":[{"embeddable":true,"href":"https:\/\/www.europesays.com\/no\/wp-json\/wp\/v2\/media\/123888"}],"wp:attachment":[{"href":"https:\/\/www.europesays.com\/no\/wp-json\/wp\/v2\/media?parent=123887"}],"wp:term":[{"taxonomy":"category","embeddable":true,"href":"https:\/\/www.europesays.com\/no\/wp-json\/wp\/v2\/categories?post=123887"},{"taxonomy":"post_tag","embeddable":true,"href":"https:\/\/www.europesays.com\/no\/wp-json\/wp\/v2\/tags?post=123887"}],"curies":[{"name":"wp","href":"https:\/\/api.w.org\/{rel}","templated":true}]}}